{"id":23327,"date":"2022-05-02T12:59:54","date_gmt":"2022-05-02T15:59:54","guid":{"rendered":"https:\/\/grandepremio.com\/es\/2022\/05\/02\/nakagami-se-cae-abandona-test-jerez\/"},"modified":"2022-05-02T12:59:55","modified_gmt":"2022-05-02T15:59:55","slug":"nakagami-se-cae-abandona-test-jerez","status":"publish","type":"post","link":"https:\/\/grandepremio.com\/es\/motogp\/nakagami-se-cae-abandona-test-jerez\/","title":{"rendered":"Nakagami se cae y abandona test en Jerez para examinar la rodilla izquierda"},"content":{"rendered":"\n<p class=\"wp-block-paragraph\">Takaaki Nakagami sufri\u00f3 una fuerte ca\u00edda en la ma\u00f1ana de este lunes durante una jornada de tests colectivos de <a href=\"https:\/\/grandepremio.com\/es\/\/categoria\/motogp\/\" target=\"_blank\" rel=\"noreferrer noopener\">MotoGP<\/a> en Jerez de la Frontera. El piloto de LCR abandon\u00f3 la actividad y parti\u00f3 hacia Barcelona para someterse a pruebas para investigar una lesi\u00f3n en la rodilla izquierda.<\/p>\n\n\n\n<p class=\"wp-block-paragraph\">A\u00fan temprano en la segunda hora de unas pruebas que comenzaron a las 10:00 (hora local), Nakagami se fue al suelo en la curva uno, forzando una bandera roja. El compa\u00f1ero de \u00c1lex M\u00e1rquez hab\u00eda completado 16 vueltas en el c\u00f3mputo del equipo.<\/p>\n\n\n\n<p class=\"wp-block-paragraph\"><strong>\u25b6\ufe0f\u00a0<strong>\u00a1Conoce el canal de Grande Pr\u00eamio en Espa\u00f1ol en\u00a0<a href=\"https:\/\/www.youtube.com\/channel\/UCDxWojGVUi9gWYhrY0pGbIQ\" target=\"_blank\" rel=\"noreferrer noopener\">YouTube<\/a>!<br>\u00a1Sigue a\u00a0Grande Pr\u00eamio en Espa\u00f1ol\u00a0en\u00a0<a href=\"https:\/\/twitter.com\/grandepremioES\" target=\"_blank\" rel=\"noreferrer noopener\">Twitter\u00a0<\/a>y en\u00a0<a href=\"https:\/\/www.instagram.com\/grandepremioes\/\" target=\"_blank\" rel=\"noreferrer noopener\">Instagram<\/a>!<\/strong><\/strong><\/p>\n\n\n\n<figure class=\"wp-block-image size-large\"><img decoding=\"async\" src=\"https:\/\/www.grandepremio.com\/br\/wp-content\/uploads\/2022\/03\/DS_0136-1024x683.jpg\" alt=\"\" class=\"wp-image-549797\"\/><figcaption>Takaaki Nakagami pasar\u00e1 por ex\u00e1menes tras la ca\u00edda en Jerez (Foto: Divulgaci\u00f3n\/MotoGP)<\/figcaption><\/figure>\n\n\n\n<p class=\"wp-block-paragraph\">Takaaki fue retirado del lugar en ambulancia y trasladado consciente al centro m\u00e9dico, que se encuentra bastante cerca del lugar del accidente. Poco despu\u00e9s, LCR anunci\u00f3 que los ex\u00e1menes de rayos X no mostraron fracturas, pero debido al dolor, ser\u00e1 necesario someterse a ex\u00e1menes m\u00e1s detallados.<\/p>\n\n\n\n<p class=\"wp-block-paragraph\">&#8220;La radiograf\u00eda no mostraba fracturas, pero sent\u00eda algo de dolor en los ligamentos de la rodilla izquierda, por lo que decidimos llevarlo a Barcelona para hacerle una resonancia magn\u00e9tica en cuanto aterrice&#8221;, dijo el jefe del equipo, Lucio Cecchinello. \u201cSe fue del paddock caminando\u201d, afirm\u00f3.<\/p>\n\n\n\n<p class=\"wp-block-paragraph\">En la carrera del domingo, Nakagami fue s\u00e9ptimo, 14,929 segundos por detr\u00e1s de Francesco Bagnaia, el ganador del GP de Espa\u00f1a. En el campeonato, el #30 ocupa el 15\u00ba puesto, con 21 puntos, 68 menos que el l\u00edder Fabio Quartararo.<\/p>\n","protected":false},"excerpt":{"rendered":"<p>Seg\u00fan LCR, la evaluaci\u00f3n inicial no mostr\u00f3 fracturas, pero Takaaki Nakagami dej\u00f3 los tests para someterse a m\u00e1s ex\u00e1menes en la rodilla.<\/p>\n","protected":false},"author":0,"featured_media":1010063052,"comment_status":"closed","ping_status":"closed","sticky":false,"template":"","format":"standard","meta":{"42wp_featured_image_caption":"","42wp_featured_image_credits":"","42wp_featured_video":"","42wp_featured_image_hidden":false,"42wp_authors_list":[],"footnotes":""},"categories":[8],"tags":[2640,588,764,2197,2198,855,1293,1341,1764,1520,2609],"42wp_author":[14233],"class_list":["post-23327","post","type-post","status-publish","format-standard","has-post-thumbnail","hentry","category-motogp","tag-caida","tag-gp-de-espana","tag-jerez","tag-lcr","tag-lcr-honda","tag-motociclismo","tag-motogp","tag-motogp-2022","tag-mundial-de-motociclismo","tag-takaaki-nakagami","tag-tests-motogp","42wp_author-eric-calduch"],"_links":{"self":[{"href":"https:\/\/grandepremio.com\/es\/wp-json\/wp\/v2\/posts\/23327","targetHints":{"allow":["GET"]}}],"collection":[{"href":"https:\/\/grandepremio.com\/es\/wp-json\/wp\/v2\/posts"}],"about":[{"href":"https:\/\/grandepremio.com\/es\/wp-json\/wp\/v2\/types\/post"}],"replies":[{"embeddable":true,"href":"https:\/\/grandepremio.com\/es\/wp-json\/wp\/v2\/comments?post=23327"}],"version-history":[{"count":0,"href":"https:\/\/grandepremio.com\/es\/wp-json\/wp\/v2\/posts\/23327\/revisions"}],"wp:featuredmedia":[{"embeddable":true,"href":"https:\/\/grandepremio.com\/es\/wp-json\/wp\/v2\/media\/1010063052"}],"wp:attachment":[{"href":"https:\/\/grandepremio.com\/es\/wp-json\/wp\/v2\/media?parent=23327"}],"wp:term":[{"taxonomy":"category","embeddable":true,"href":"https:\/\/grandepremio.com\/es\/wp-json\/wp\/v2\/categories?post=23327"},{"taxonomy":"post_tag","embeddable":true,"href":"https:\/\/grandepremio.com\/es\/wp-json\/wp\/v2\/tags?post=23327"},{"taxonomy":"42wp_author","embeddable":true,"href":"https:\/\/grandepremio.com\/es\/wp-json\/wp\/v2\/42wp_author?post=23327"}],"curies":[{"name":"wp","href":"https:\/\/api.w.org\/{rel}","templated":true}]}}