{"id":23328,"date":"2022-05-02T11:37:03","date_gmt":"2022-05-02T14:37:03","guid":{"rendered":"https:\/\/grandepremio.com\/es\/2022\/05\/02\/pezzini-merlo-vencen-tcr-sudamericano-interlagos\/"},"modified":"2022-05-02T11:37:03","modified_gmt":"2022-05-02T14:37:03","slug":"pezzini-merlo-vencen-tcr-sudamericano-interlagos","status":"publish","type":"post","link":"https:\/\/grandepremio.com\/es\/tcr-south-america\/pezzini-merlo-vencen-tcr-sudamericano-interlagos\/","title":{"rendered":"Pezzini y Merlo superan a brasile\u00f1os y vencen el TCR Sudamericano en Interlagos"},"content":{"rendered":"\n<p class=\"wp-block-paragraph\">La segunda prueba del <a href=\"https:\/\/grandepremio.com\/es\/\/categoria\/tcr-south-america\/\" target=\"_blank\" rel=\"noreferrer noopener\">TCR Sudamericano<\/a>, disputada este domingo, en carrera \u00fanica en el Circuito de Interlagos, la gan\u00f3 la pareja argentina formada por Fabricio Pezzini y Javier Merlo, de PMO, a bordo de un Link&amp;Co. Los pilotos part\u00edan en tercer lugar, pero lograron tomar la delantera en la parada en pits -el momento del intercambio entre los titulares- para ganar por primera vez en 2022.<\/p>\n\n\n\n<p class=\"wp-block-paragraph\">Raphael Reis y Guga Lima, que partieron desde la pole con un Cupra, terminaron solo en quinta posici\u00f3n despu\u00e9s de mantener el liderato al comienzo de la carrera. Sin embargo, Pezzini alcanz\u00f3 y super\u00f3 a Lima en la S de Senna por el liderato, y el coche de la pareja comenz\u00f3 a perder posiciones. Con poco m\u00e1s de cuatro minutos para el final, Marcelo Ciarrocchi se hizo con la cuarta posici\u00f3n y releg\u00f3 a los brasile\u00f1os al quinto lugar.<\/p>\n\n\n\n<p class=\"wp-block-paragraph\"><strong>\u25b6\ufe0f\u00a0<strong>\u00a1Conoce el canal de Grande Pr\u00eamio en Espa\u00f1ol en\u00a0<a href=\"https:\/\/www.youtube.com\/channel\/UCDxWojGVUi9gWYhrY0pGbIQ\" target=\"_blank\" rel=\"noreferrer noopener\">YouTube<\/a>!<br>\u00a1Sigue a\u00a0Grande Pr\u00eamio en Espa\u00f1ol\u00a0en\u00a0<a href=\"https:\/\/twitter.com\/grandepremioES\" target=\"_blank\" rel=\"noreferrer noopener\">Twitter\u00a0<\/a>y en\u00a0<a href=\"https:\/\/www.instagram.com\/grandepremioes\/\" target=\"_blank\" rel=\"noreferrer noopener\">Instagram<\/a>!<\/strong><\/strong><\/p>\n\n\n\n<figure class=\"wp-block-image size-large\"><img decoding=\"async\" src=\"https:\/\/www.grandepremio.com\/br\/wp-content\/uploads\/2022\/04\/FPa8aPuWYAI_6rJ-1024x681.jpg\" alt=\"\" class=\"wp-image-554881\"\/><figcaption>La pareja Raphael Reis y Guga Lima arranc\u00f3 en pole, pero termin\u00f3 con el quinto lugar (Foto: TCR Sul-Americano)<\/figcaption><\/figure>\n\n\n\n<p class=\"wp-block-paragraph\">Entre lo m\u00e1s destacado de la carrera, Pedro Aizza y Rodrigo Sperafico terminaron en segundo lugar con el Hyundai de la Scuderia Chiarelli, mientras que Ricardo Risatti y Juan \u00c1ngel Rosso completaron el podio. La puerta del coche de Pablo Alves y Renato Braga simplemente se solt\u00f3 en la recta de boxes y ambos tuvieron que abandonar la carrera. Tambi\u00e9n vale la pena se\u00f1alar que, con el resultado, Pezzini toma la delantera en el campeonato despu\u00e9s de la cita de resistencia en Interlagos.<\/p>\n\n\n\n<p class=\"wp-block-paragraph\">Juan Manuel Sapag y Marcelo Ciarrochi terminaron en cuarto lugar, justo por delante del d\u00fao formado por Reis y Lima. Gabriel Lusqu\u00f1os y Vitor Genz fueron sextos con un Honda, Franco Farina y Gaston Lansa fueron s\u00e9ptimos en un Peugeot, el mismo coche que Enrique Maglione y Fernando Rama, en el octavo lugar.<\/p>\n\n\n\n<p class=\"wp-block-paragraph\">Cerrando el top 10, Edson Reis y Felipe Papazissis ocupaban la novena plaza con un Hyundai y Juan Manuel Casella y Federick Balbi, tambi\u00e9n con un Peugeot, completaban el top 10 de la disputa.<\/p>\n\n\n\n<p class=\"wp-block-paragraph\">El TCR Sudamericano solo volver\u00e1 a competir el pr\u00f3ximo mes. La ronda de Goi\u00e2nia, a realizarse en el Circuito Internacional Ayrton Senna, est\u00e1 prevista para los d\u00edas 4 y 5 de junio.<\/p>\n","protected":false},"excerpt":{"rendered":"<p>La pareja de argentinos formada por Fabricio Pezzini y Javier Merlo logr\u00f3 la victoria en la prueba de Resistencia del TCR Sudamericano.<\/p>\n","protected":false},"author":0,"featured_media":1010063046,"comment_status":"closed","ping_status":"closed","sticky":false,"template":"","format":"standard","meta":{"42wp_featured_image_caption":"","42wp_featured_image_credits":"","42wp_featured_video":"","42wp_featured_image_hidden":false,"42wp_authors_list":[],"footnotes":""},"categories":[6],"tags":[1388,458,2450,474,2635,2636,2637,564,1460,2452,1320],"42wp_author":[14233],"class_list":["post-23328","post","type-post","status-publish","format-standard","has-post-thumbnail","hentry","category-tcr-south-america","tag-argentina","tag-brasil","tag-fabricio-pezzini","tag-interlagos","tag-javier-merlo","tag-linkco","tag-pmo","tag-resistencia","tag-tcr","tag-tcr-2022","tag-tcr-sudamericano","42wp_author-eric-calduch"],"_links":{"self":[{"href":"https:\/\/grandepremio.com\/es\/wp-json\/wp\/v2\/posts\/23328","targetHints":{"allow":["GET"]}}],"collection":[{"href":"https:\/\/grandepremio.com\/es\/wp-json\/wp\/v2\/posts"}],"about":[{"href":"https:\/\/grandepremio.com\/es\/wp-json\/wp\/v2\/types\/post"}],"replies":[{"embeddable":true,"href":"https:\/\/grandepremio.com\/es\/wp-json\/wp\/v2\/comments?post=23328"}],"version-history":[{"count":0,"href":"https:\/\/grandepremio.com\/es\/wp-json\/wp\/v2\/posts\/23328\/revisions"}],"wp:featuredmedia":[{"embeddable":true,"href":"https:\/\/grandepremio.com\/es\/wp-json\/wp\/v2\/media\/1010063046"}],"wp:attachment":[{"href":"https:\/\/grandepremio.com\/es\/wp-json\/wp\/v2\/media?parent=23328"}],"wp:term":[{"taxonomy":"category","embeddable":true,"href":"https:\/\/grandepremio.com\/es\/wp-json\/wp\/v2\/categories?post=23328"},{"taxonomy":"post_tag","embeddable":true,"href":"https:\/\/grandepremio.com\/es\/wp-json\/wp\/v2\/tags?post=23328"},{"taxonomy":"42wp_author","embeddable":true,"href":"https:\/\/grandepremio.com\/es\/wp-json\/wp\/v2\/42wp_author?post=23328"}],"curies":[{"name":"wp","href":"https:\/\/api.w.org\/{rel}","templated":true}]}}