{"id":23329,"date":"2022-05-02T11:20:48","date_gmt":"2022-05-02T14:20:48","guid":{"rendered":"https:\/\/grandepremio.com\/es\/2022\/05\/02\/sao-paulo-2023-formula-e-123\/"},"modified":"2022-05-02T11:35:33","modified_gmt":"2022-05-02T14:35:33","slug":"sao-paulo-2023-formula-e-123","status":"publish","type":"post","link":"https:\/\/grandepremio.com\/es\/formula-e\/sao-paulo-2023-formula-e-123\/","title":{"rendered":"S\u00e3o Paulo firma contrato y planifica fecha de F\u00f3rmula E para marzo de 2023"},"content":{"rendered":"\n<p class=\"wp-block-paragraph\">El largo coqueteo entre la F\u00f3rmula E y S\u00e3o Paulo gan\u00f3 un nuevo cap\u00edtulo y puede que finalmente se ponga en marcha. El Ayuntamiento de la ciudad m\u00e1s grande de Brasil anunci\u00f3 la firma de un contrato con la competici\u00f3n el\u00e9ctrica y planea celebrar una ronda del Campeonato Mundial <a href=\"https:\/\/grandepremio.com\/es\/\/formula-e\/formula-e-prototipo-gen3-rapido\/\">en marzo de 2023<\/a>. La categor\u00eda a\u00fan no se ha pronunciado sobre la posible llegada de la metr\u00f3poli al calendario.<\/p>\n\n\n\n<p class=\"wp-block-paragraph\">Gustavo Pires, presidente de SPTuris, estuvo en la carrera de F\u00f3rmula E en M\u00f3naco, el s\u00e1bado, y public\u00f3 en las redes sociales sobre la firma del contrato, realizado junto con la promotora de eventos GL Events Brasil. La confirmaci\u00f3n de la carrera est\u00e1 condicionada a la publicaci\u00f3n del calendario por parte de la FIA, que se espera que se produzca en junio.<\/p>\n\n\n\n<p class=\"wp-block-paragraph\"><strong><strong>\u25b6\ufe0f\u00a0\u00a1Conoce el canal de Grande Pr\u00eamio en Espa\u00f1ol en\u00a0<a href=\"https:\/\/www.youtube.com\/channel\/UCDxWojGVUi9gWYhrY0pGbIQ\" target=\"_blank\" rel=\"noreferrer noopener\">YouTube<\/a>!<br>\u00a1Sigue a\u00a0Grande Pr\u00eamio en Espa\u00f1ol\u00a0en\u00a0<a href=\"https:\/\/twitter.com\/grandepremioES\" target=\"_blank\" rel=\"noreferrer noopener\">Twitter\u00a0<\/a>y en\u00a0<a href=\"https:\/\/www.instagram.com\/grandepremioes\/\" target=\"_blank\" rel=\"noreferrer noopener\">Instagram<\/a>!<\/strong><\/strong><\/p>\n\n\n\n<figure class=\"wp-block-image size-large\"><img decoding=\"async\" src=\"https:\/\/grandepremio.com\/es\/\/wp-content\/uploads\/2022\/04\/Gen3_21-1024x731.png\" alt=\"\" class=\"wp-image-62148\"\/><figcaption>La F\u00f3rmula E tendr\u00e1 la Gen3 a partir de 2023, su tercera generaci\u00f3n de coches. (Foto: F\u00f3rmula E)<\/figcaption><\/figure>\n\n\n\n<p class=\"wp-block-paragraph\">&#8220;Hemos firmado hoy, aqu\u00ed en M\u00f3naco, el contrato que llevar\u00e1 la categor\u00eda a S\u00e3o Paulo. La primera carrera est\u00e1 prevista para marzo de 2023, bajo la aprobaci\u00f3n de la FIA, que publicar\u00e1 el calendario de la temporada en junio&#8221;, public\u00f3 Gustavo.<\/p>\n\n\n\n<p class=\"wp-block-paragraph\">&#8220;Este es un gran esfuerzo conjunto de SPTuris y el Ayuntamiento de S\u00e3o Paulo con la F\u00f3rmula E y GL Events para traer la carrera de autos el\u00e9ctricos a Brasil. Supone la generaci\u00f3n de empleo e ingresos para la ciudad, adem\u00e1s de impulsar el turismo. Nuestro objetivo es convertir a S\u00e3o Paulo en la capital mundial del entretenimiento y trabajamos duro para conseguirlo&#8221;, a\u00f1adi\u00f3.<\/p>\n\n\n\n<p class=\"wp-block-paragraph\">No es la primera vez que se vincula a S\u00e3o Paulo con la F\u00f3rmula E. La ciudad lleg\u00f3 a figurar en el calendario provisional de la temporada 2017-18, pero fue sustituida por Punta del Este, en Uruguay. Luego, la competencia qued\u00f3 pospuesta a 2019 por el proceso de privatizaci\u00f3n del Complejo Anhembi, sin embargo, aquella vez termin\u00f3 cancelada. Se espera que este centro de eventos situado en la Zona Norte de la ciudad acoja la carrera de 2023.<\/p>\n","protected":false},"excerpt":{"rendered":"<p>La ciudad de S\u00e3o Paulo firm\u00f3 un contrato con la F\u00f3rmula E y prev\u00e9 organizar un ePrix en marzo de 2023, el primero de la categor\u00eda en Brasil.<\/p>\n","protected":false},"author":0,"featured_media":1010060741,"comment_status":"closed","ping_status":"closed","sticky":false,"template":"","format":"standard","meta":{"42wp_featured_image_caption":"","42wp_featured_image_credits":"","42wp_featured_video":"","42wp_featured_image_hidden":false,"42wp_authors_list":[],"footnotes":""},"categories":[18],"tags":[2639,462,2613,1842,2638],"42wp_author":[14223],"class_list":["post-23329","post","type-post","status-publish","format-standard","has-post-thumbnail","hentry","category-formula-e","tag-eprix-de-sao-paulo","tag-formula-e","tag-formula-e-2023","tag-sao-paulo-2","tag-temporada-2023-de-formula-e","42wp_author-esteban-nieto"],"_links":{"self":[{"href":"https:\/\/grandepremio.com\/es\/wp-json\/wp\/v2\/posts\/23329","targetHints":{"allow":["GET"]}}],"collection":[{"href":"https:\/\/grandepremio.com\/es\/wp-json\/wp\/v2\/posts"}],"about":[{"href":"https:\/\/grandepremio.com\/es\/wp-json\/wp\/v2\/types\/post"}],"replies":[{"embeddable":true,"href":"https:\/\/grandepremio.com\/es\/wp-json\/wp\/v2\/comments?post=23329"}],"version-history":[{"count":0,"href":"https:\/\/grandepremio.com\/es\/wp-json\/wp\/v2\/posts\/23329\/revisions"}],"wp:featuredmedia":[{"embeddable":true,"href":"https:\/\/grandepremio.com\/es\/wp-json\/wp\/v2\/media\/1010060741"}],"wp:attachment":[{"href":"https:\/\/grandepremio.com\/es\/wp-json\/wp\/v2\/media?parent=23329"}],"wp:term":[{"taxonomy":"category","embeddable":true,"href":"https:\/\/grandepremio.com\/es\/wp-json\/wp\/v2\/categories?post=23329"},{"taxonomy":"post_tag","embeddable":true,"href":"https:\/\/grandepremio.com\/es\/wp-json\/wp\/v2\/tags?post=23329"},{"taxonomy":"42wp_author","embeddable":true,"href":"https:\/\/grandepremio.com\/es\/wp-json\/wp\/v2\/42wp_author?post=23329"}],"curies":[{"name":"wp","href":"https:\/\/api.w.org\/{rel}","templated":true}]}}