{"id":2342,"date":"2026-03-06T20:22:05","date_gmt":"2026-03-06T23:22:05","guid":{"rendered":"https:\/\/grandepremio.com\/es\/2026\/03\/06\/wec-confirmacion-prologo-imola-cambio-calendario-conflicto-oriente-medio\/"},"modified":"2026-03-06T20:22:11","modified_gmt":"2026-03-06T23:22:11","slug":"wec-confirmacion-prologo-imola-cambio-calendario-conflicto-oriente-medio","status":"publish","type":"post","link":"https:\/\/grandepremio.com\/es\/resistencia\/wec-confirmacion-prologo-imola-cambio-calendario-conflicto-oriente-medio\/","title":{"rendered":"WEC confirma realizaci\u00f3n del Pr\u00f3logo en \u00cdmola tras la modificaci\u00f3n del calendario 2026"},"content":{"rendered":"\n<p class=\"wp-block-paragraph\">El <strong>Campeonato Mundial de Resistencia (WEC)<\/strong> oficializ\u00f3 este viernes la nueva fecha del <strong>Pr\u00f3logo<\/strong>, el evento de dos d\u00edas de pruebas que conduce los preparativos finales para la apertura de la temporada. Ahora, la sesi\u00f3n est\u00e1 programada para el 14 de abril en el circuito de <strong>Imola<\/strong>, en <strong>Italia<\/strong>, que recibir\u00e1 la carrera inaugural del campeonato el fin de semana siguiente, el d\u00eda 19.<\/p>\n\n\n\n<p class=\"wp-block-paragraph\">\ud83d\udfe5&nbsp;<strong><em>\u00a1Todas las novedades te esperan en el canal de&nbsp;<\/em><\/strong><a href=\"https:\/\/www.youtube.com\/@GrandePremioES\"><em>YouTube<\/em><\/a><strong><em>&nbsp;de Grande Pr\u00eamio en Espa\u00f1ol!<\/em><\/strong>&nbsp;\ud83d\udfe8<\/p>\n\n\n\n<p class=\"wp-block-paragraph\">Inicialmente, el <strong>Pr\u00f3logo <\/strong>estaba programado para el 21 y 22 de marzo en <strong>Lusail, Qatar<\/strong>. Sin embargo, el <strong>Mundial <\/strong>opt\u00f3 por posponer la fecha que estaba programada para el 28 tras los recientes conflictos que afectan a <strong>Oriente Medio <\/strong>en los \u00faltimos d\u00edas. Por lo tanto, se determin\u00f3 que el campeonato comenzar\u00e1 en <strong>Imola<\/strong>, y la organizaci\u00f3n buscar\u00e1 una fecha posterior para celebrar la etapa de Qatar.<\/p>\n\n\n\n<p class=\"wp-block-paragraph\">En los \u00faltimos d\u00edas, <strong>Estados Unidos<\/strong> e <strong>Israel <\/strong>lanzaron ataques coordinados contra <strong>Ir\u00e1n<\/strong>, lo que supone una escalada militar significativa en <strong>Oriente Medio<\/strong>. La operaci\u00f3n, que comenz\u00f3 el s\u00e1bado 28 de febrero, tuvo como objetivo instalaciones militares iran\u00edes, incluyendo sitios de misiles, defensas antia\u00e9reas y centros de mando del <strong>Cuerpo de la Guardia Revolucionaria Isl\u00e1mica (IRGC)<\/strong>, seg\u00fan el comando militar de <strong>EE. UU<\/strong>. <strong>(Centcom)<\/strong>.<\/p>\n\n\n\n<p class=\"wp-block-paragraph\"><strong>Ir\u00e1n<\/strong>, en represalia, declar\u00f3 que todos los objetivos militares de <strong>Estados Unidos<\/strong> e <strong>Israel <\/strong>en la regi\u00f3n eran leg\u00edtimos para los ataques y lanz\u00f3 una oleada de misiles y drones contra bases estadounidenses repartidas por el <strong>Golfo<\/strong>, alcanzando pa\u00edses como <strong>Emiratos \u00c1rabes Unidos, Kuwait, Bahrein <\/strong>y <strong>Qatar<\/strong>, donde se encuentra la base a\u00e9rea de <strong>Al Udeid<\/strong>, uno de los principales puntos de mando de <strong>Estados Unidos<\/strong> en <strong>Oriente Medio<\/strong>. <\/p>\n\n\n\n<p class=\"wp-block-paragraph\">\u23e9\u00a0<strong><em>\u00a1Seguinos en redes por\u00a0<\/em><\/strong><a href=\"https:\/\/twitter.com\/grandepremioES\"><em>Twitter\u00a0<\/em><\/a><strong><em>e\u00a0<\/em><\/strong><a href=\"https:\/\/www.instagram.com\/grandepremioes\/\"><em>Instagram!<\/em><\/a><br>\u23e9\u00a0<strong><em>Adem\u00e1s, tenemos nuestro\u00a0<\/em><\/strong><a href=\"https:\/\/whatsapp.com\/channel\/0029VaDZ5zb0gcfDxuwxBM05\"><em>canal de Whatsapp<\/em><\/a><strong><em>\u00a0con toda la informaci\u00f3n al instante<\/em><\/strong>\u00a0\ud83c\udfc1<\/p>\n\n\n\n<figure class=\"wp-block-image size-large\"><img decoding=\"async\" src=\"https:\/\/grandepremio.com\/es\/wp-content\/uploads\/2026\/03\/losail-international-circuit-1-1024x683.jpg\" alt=\"\" class=\"wp-image-394022\"\/><figcaption class=\"wp-element-caption\">La escalada de violencia en Oriente Medio impuls\u00f3 la reprogramaci\u00f3n de la fecha del WEC en Qatar (Foto: Reproducci\u00f3n)<\/figcaption><\/figure>\n\n\n\n<p class=\"wp-block-paragraph\">La escalada provoc\u00f3 cientos de muertos y heridos en <strong>Ir\u00e1n <\/strong>y un clima de tensi\u00f3n internacional, con cr\u00edticas a la legalidad de la acci\u00f3n en el <strong>Consejo de Seguridad de la ONU<\/strong> y advertencias de un agravamiento del conflicto en caso de no restablecerse la diplomacia. Tras los ataques iniciales de <strong>Estados Unidos<\/strong> e <strong>Israel<\/strong>, las defensas antia\u00e9reas de <strong>Qatar <\/strong>interceptaron una serie de misiles y drones lanzados por <strong>Ir\u00e1n <\/strong>en represalia. <\/p>\n\n\n\n<p class=\"wp-block-paragraph\">El <strong>Gobierno <\/strong>local afirm\u00f3 que neutraliz\u00f3 estas amenazas y que no hubo da\u00f1os significativos en la infraestructura ni v\u00edctimas civiles importantes, aunque algunas personas resultaron heridas por los escombros. El <strong>Ministerio de Defensa<\/strong> y el <strong>Ministerio de Asuntos Exteriores de Qatar <\/strong>condenaron los ataques iran\u00edes, calific\u00e1ndolos de violaciones de la soberan\u00eda nacional, y subrayaron que la prioridad deber\u00eda ser una distensi\u00f3n y el retorno a la negociaci\u00f3n diplom\u00e1tica para preservar la estabilidad regional.<\/p>\n\n\n\n<p class=\"wp-block-paragraph\">El <strong>WEC <\/strong>posterg\u00f3 el comienzo del campeonato 2026 previsto en <strong>Qatar <\/strong>a finales de marzo, y sus actividades se retomar\u00e1n en <strong>\u00cdmola<\/strong> entre el 17 y el 19 de abril, para la primera carrera del a\u00f1o.<\/p>\n\n\n\n<figure class=\"wp-block-embed is-type-video is-provider-youtube wp-block-embed-youtube wp-embed-aspect-16-9 wp-has-aspect-ratio\"><div class=\"wp-block-embed__wrapper\">\n<iframe loading=\"lazy\" title=\"GP DE AUSTRALIA 2026 - LA PREVIA\" width=\"500\" height=\"281\" src=\"https:\/\/www.youtube.com\/embed\/1WD60_XL9EI?feature=oembed\" frameborder=\"0\" allow=\"accelerometer; autoplay; clipboard-write; encrypted-media; gyroscope; picture-in-picture; web-share\" referrerpolicy=\"strict-origin-when-cross-origin\" allowfullscreen><\/iframe>\n<\/div><\/figure>\n","protected":false},"excerpt":{"rendered":"<p>Tras el cambio de la fecha de inicio de la temporada debido a los conflictos en Oriente Medio, WEC anunci\u00f3 la nueva fecha del Pr\u00f3logo, que tendr\u00e1 lugar en \u00cdmola el 14 de abril.<\/p>\n","protected":false},"author":0,"featured_media":1010394610,"comment_status":"closed","ping_status":"closed","sticky":false,"template":"","format":"standard","meta":{"42wp_featured_image_caption":"","42wp_featured_image_credits":"","42wp_featured_video":"","42wp_featured_image_hidden":false,"42wp_authors_list":[],"footnotes":""},"categories":[19],"tags":[2313,1488,10242,311,10241],"42wp_author":[14239],"class_list":["post-2342","post","type-post","status-publish","format-standard","has-post-thumbnail","hentry","category-resistencia","tag-campeonato-mundial-de-resistencia","tag-grande-premio","tag-temporada-2026-wec","tag-wec","tag-wec-2026","42wp_author-jp-otrosky"],"_links":{"self":[{"href":"https:\/\/grandepremio.com\/es\/wp-json\/wp\/v2\/posts\/2342","targetHints":{"allow":["GET"]}}],"collection":[{"href":"https:\/\/grandepremio.com\/es\/wp-json\/wp\/v2\/posts"}],"about":[{"href":"https:\/\/grandepremio.com\/es\/wp-json\/wp\/v2\/types\/post"}],"replies":[{"embeddable":true,"href":"https:\/\/grandepremio.com\/es\/wp-json\/wp\/v2\/comments?post=2342"}],"version-history":[{"count":0,"href":"https:\/\/grandepremio.com\/es\/wp-json\/wp\/v2\/posts\/2342\/revisions"}],"wp:featuredmedia":[{"embeddable":true,"href":"https:\/\/grandepremio.com\/es\/wp-json\/wp\/v2\/media\/1010394610"}],"wp:attachment":[{"href":"https:\/\/grandepremio.com\/es\/wp-json\/wp\/v2\/media?parent=2342"}],"wp:term":[{"taxonomy":"category","embeddable":true,"href":"https:\/\/grandepremio.com\/es\/wp-json\/wp\/v2\/categories?post=2342"},{"taxonomy":"post_tag","embeddable":true,"href":"https:\/\/grandepremio.com\/es\/wp-json\/wp\/v2\/tags?post=2342"},{"taxonomy":"42wp_author","embeddable":true,"href":"https:\/\/grandepremio.com\/es\/wp-json\/wp\/v2\/42wp_author?post=2342"}],"curies":[{"name":"wp","href":"https:\/\/api.w.org\/{rel}","templated":true}]}}