{"id":23420,"date":"2022-04-24T09:57:55","date_gmt":"2022-04-24T12:57:55","guid":{"rendered":"https:\/\/grandepremio.com\/es\/2022\/04\/24\/quartararo-domina-portugal-yamaha-1a-victoria-ano\/"},"modified":"2022-04-24T16:51:55","modified_gmt":"2022-04-24T19:51:55","slug":"quartararo-domina-portugal-yamaha-1a-victoria-ano","status":"publish","type":"post","link":"https:\/\/grandepremio.com\/es\/motogp\/quartararo-domina-portugal-yamaha-1a-victoria-ano\/","title":{"rendered":"Quartararo domina GP de Portugal de muchas ca\u00eddas y le da a Yamaha 1\u00aa victoria del a\u00f1o"},"content":{"rendered":"\n<p class=\"wp-block-paragraph\">Fabio Quartararo fue el piloto responsable de acabar con el dominio de las motos europeas \u2014que hab\u00eda durado cuatro carreras\u2014 en el inicio de <a href=\"https:\/\/grandepremio.com\/es\/\/categoria\/motogp\/\" target=\"_blank\" rel=\"noreferrer noopener\">MotoGP 2022<\/a>. Eso es porque el franc\u00e9s hizo todo bien y logr\u00f3 ganar el GP de Portugal con facilidad este domingo. Y Yamaha no solo tiene este motivo para estar feliz: el actual campe\u00f3n tambi\u00e9n deja al Algarve al frente del campeonato, ya que Enea Bastianini se retir\u00f3.<\/p>\n\n\n\n<p class=\"wp-block-paragraph\">Johann Zarco no ha tenido una buena salida, pero se ha recuperado a lo largo de la carrera. Tras una ca\u00edda de Jack Miller, que tambi\u00e9n provoc\u00f3 la retirada de Joan Mir, el piloto de Pramac alcanz\u00f3 la segunda posici\u00f3n y se qued\u00f3 all\u00ed. Aleix Espargar\u00f3 anot\u00f3 otro buen resultado para Aprilia al cerrar el podio.<\/p>\n\n\n\n<p class=\"wp-block-paragraph\">\u00c1lex Rins ha colocado a Suzuki en cuarta posici\u00f3n y Miguel Oliveira ha cerrado el quinto para KTM. Los hermanos Marc M\u00e1rquez y \u00c1lex M\u00e1rquez quedaron en sexta y s\u00e9ptima posici\u00f3n, respectivamente. Francesco Bagnaia ha realizado una gran prueba de recuperaci\u00f3n y ha finalizado octavo. Pol Espargar\u00f3 y Maverick Vi\u00f1ales completan el top 10.<\/p>\n\n\n\n<p class=\"wp-block-paragraph\">A la carrera de este domingo no asisti\u00f3 Ra\u00fal Fern\u00e1ndez. El piloto de Tech3 no recibi\u00f3 el apto de los m\u00e9dicos debido a un dolor en la mano derecha, reflejo de una ca\u00edda en la curva 5 de Portim\u00e3o durante la Q1 de la calificaci\u00f3n del s\u00e1bado.<\/p>\n\n\n\n<p class=\"wp-block-paragraph\"><strong><strong>\u00a1Conoce el canal de Grande Pr\u00eamio en Espa\u00f1ol en\u00a0<a href=\"https:\/\/www.youtube.com\/channel\/UCDxWojGVUi9gWYhrY0pGbIQ\" target=\"_blank\" rel=\"noreferrer noopener\">YouTube<\/a>!<br>\u00a1Sigue a\u00a0Grande Pr\u00eamio en Espa\u00f1ol\u00a0en\u00a0<a href=\"https:\/\/twitter.com\/grandepremioES\" target=\"_blank\" rel=\"noreferrer noopener\">Twitter\u00a0<\/a>y en\u00a0<a href=\"https:\/\/www.instagram.com\/grandepremioes\/\" target=\"_blank\" rel=\"noreferrer noopener\">Instagram<\/a>!<\/strong><\/strong><\/p>\n\n\n\n<figure class=\"wp-block-image size-full\"><img decoding=\"async\" src=\"https:\/\/grandepremio.com\/es\/\/wp-content\/uploads\/2022\/04\/MEYM_220422__A1X2973-1024x683-1.jpg\" alt=\"\" class=\"wp-image-61649\"\/><figcaption>Fabio Quartararo logr\u00f3 la primera victoria de Yamaha desde el a\u00f1o pasado (Foto: Yamaha)<\/figcaption><\/figure>\n\n\n\n<h3 class=\"wp-block-heading\"><meta charset=\"utf-8\">Descubre c\u00f3mo fue el GP de Portugal de MotoGP:<\/h3>\n\n\n\n<p class=\"wp-block-paragraph\">La broma del clima dej\u00f3 todo muy incierto. La lluvia no vino, pero tampoco el sol. Un domingo nublado, MotoGP se alineaba en parrilla en un d\u00eda fr\u00edo, con temperaturas de 17\u00b0C, con el asfalto alcanzando los 22\u00b0C. La humedad relativa era del 74%, con viento de 10 km\/h.<\/p>\n\n\n\n<p class=\"wp-block-paragraph\">Con muy poco tiempo de entrenamiento en pista seca, los pilotos eligieron los neum\u00e1ticos de forma m\u00e1s segura: casi todos llevaban un par de medios. La excepci\u00f3n fueron las Honda de Pol Espargar\u00f3 y \u00c1lex M\u00e1rquez, que calzaron la parte trasera con neum\u00e1tico duro.<\/p>\n\n\n\n<p class=\"wp-block-paragraph\">Cuando se apagaron las luces de la recta de salida del circuito del Algarve, los 43.650 espectadores vieron c\u00f3mo Joan Mir lo hac\u00eda muy bien y saltaba directo al frente, enfrent\u00e1ndose a Johann Zarco y Fabio Quartararo. El piloto de Yamaha pronto arrebat\u00f3 la segunda plaza al de Pramac, que aun as\u00ed perdi\u00f3 poco despu\u00e9s ante Jack Miller y \u00c1lex M\u00e1rquez.<\/p>\n\n\n\n<figure class=\"wp-block-video\"><video class=\"video-js vjs-big-play-centered\" data-gp-vjs=\"1\" controls src=\"https:\/\/www.grandepremio.com\/br\/wp-content\/uploads\/2022\/04\/MOTOGP-2022-GP-DE-PORTUGAL-LARGADA-.mp4\"><\/video><figcaption>Salida del GP de Portugal (V\u00eddeo: MotoGP)<\/figcaption><\/figure>\n\n\n\n<p class=\"wp-block-paragraph\">Quien tambi\u00e9n empez\u00f3 la disputa con mucha energ\u00eda fue \u00c1lex Rins. 23\u00ba en parrilla, el espa\u00f1ol ya era d\u00e9cimo en la primera vuelta, por delante de Marc M\u00e1rquez.<\/p>\n\n\n\n<p class=\"wp-block-paragraph\">Mir cerr\u00f3 la primera vuelta en Portim\u00e3o con m\u00e1s de 0s6 de margen para Quartararo, con Miller m\u00e1s o menos con la misma diferencia con respecto al franc\u00e9s. Zarco, sin embargo, ven\u00eda intentando atacar y, al final de la vuelta, recuperaba la tercera posici\u00f3n.<\/p>\n\n\n\n<p class=\"wp-block-paragraph\">Quartararo, por cierto, no ha tardado en aumentar el ritmo y ha empezado a recortar distancias con Mir, que ha bajado a 0s2 en la tercera vuelta. Zarco ocupaba la tercera posici\u00f3n, seguido de Miller, \u00c1lex M\u00e1rquez, Aleix Espargar\u00f3, Oliveira, Pol Espargar\u00f3, \u00c1lex Rins y Marc M\u00e1rquez.<\/p>\n\n\n\n<p class=\"wp-block-paragraph\">En la vuelta 4, Quartararo adelant\u00f3 a Mir aprovechando el rebufo de la recta principal de Portim\u00e3o. El vigente campe\u00f3n lleg\u00f3 a un ritmo muy fuerte y pronto trat\u00f3 de abrir una ligera ventaja sobre el #36.<\/p>\n\n\n\n<figure class=\"wp-block-video\"><video class=\"video-js vjs-big-play-centered\" data-gp-vjs=\"1\" controls src=\"https:\/\/www.grandepremio.com\/br\/wp-content\/uploads\/2022\/04\/MOTOGP-2022-GP-DE-PORTUGAL-LARGADA-RINS-E-MIR.mp4\"><\/video><figcaption>Buen inicio de carrera de Joan Mir y \u00c1lex Rins (V\u00eddeo: MotoGP)<\/figcaption><\/figure>\n\n\n\n<p class=\"wp-block-paragraph\">Fabio mantuvo el ritmo fuerte y, en la siguiente vuelta, ya se hab\u00eda alejado a m\u00e1s de 0s7 de Mir, que estaba m\u00e1s o menos a la misma distancia de Zarco. M\u00e1s atr\u00e1s, Rins hab\u00eda superado a Pol Espargar\u00f3 y ascend\u00eda hasta la octava posici\u00f3n.<\/p>\n\n\n\n<p class=\"wp-block-paragraph\">Al comienzo de la carrera, Jorge Mart\u00edn se cay\u00f3 en Portim\u00e3o y abandon\u00f3 la carrera. El espa\u00f1ol no tiene un buen historial en la pista, donde se lesion\u00f3 gravemente en 2020.<\/p>\n\n\n\n<p class=\"wp-block-paragraph\">En la vuelta 6 de 25, Quartararo mantuvo una ventaja de 1s391 al frente y sigui\u00f3 con un fuerte ritmo, alej\u00e1ndose m\u00e1s de Mir. M\u00e1s atr\u00e1s, Pol Espargar\u00f3 y Marc M\u00e1rquez luchaban por la novena plaza, aprovechando Enea Bastianini para mantener el contacto con el pelot\u00f3n.<\/p>\n\n\n\n<figure class=\"wp-block-video\"><video class=\"video-js vjs-big-play-centered\" data-gp-vjs=\"1\" controls src=\"https:\/\/www.grandepremio.com\/br\/wp-content\/uploads\/2022\/04\/MOTOGP-2022-GP-DE-PORTUGAL-QUARTARARO.mp4\"><\/video><figcaption>Fabio Quartararo asume el liderato (V\u00eddeo: MotoGP)<\/figcaption><\/figure>\n\n\n\n<p class=\"wp-block-paragraph\">Rins, por cierto, sigui\u00f3 la remontada. En la octava vuelta, el espa\u00f1ol super\u00f3 a Miguel Oliveira y luego a \u00c1lex M\u00e1rquez, ocupando la sexta posici\u00f3n, a solo 5s686 del l\u00edder de la carrera.<\/p>\n\n\n\n<p class=\"wp-block-paragraph\">En la d\u00e9cima vuelta, un golpe al sue\u00f1o de Enea Bastianini de conquistar el t\u00edtulo. El piloto de Gresini se ha ca\u00eddo en la curva 8, pero a pesar del susto no ha sufrido lesiones graves.<\/p>\n\n\n\n<p class=\"wp-block-paragraph\">Mientras, la ventaja de Quartararo en la carrera saltaba a 2s6, con Mir presionado por Zarco, que intentaba avanzar a la segunda posici\u00f3n. Miller se hab\u00eda aislado en cuarta posici\u00f3n, seguido de Aleix, Rins, Oliveira, \u00c1lex y Marc M\u00e1rquez y Pol Espargar\u00f3.<\/p>\n\n\n\n<p class=\"wp-block-paragraph\">Takaaki Nakagami se fue al suelo tras un toque trasero de Brad Binder en la curva 13 de Portim\u00e3o. Ileso, el piloto de LCR volvi\u00f3 a la carrera, pero solo en el 22\u00ba puesto.<\/p>\n\n\n\n<figure class=\"wp-block-video\"><video class=\"video-js vjs-big-play-centered\" data-gp-vjs=\"1\" controls src=\"https:\/\/www.grandepremio.com\/br\/wp-content\/uploads\/2022\/04\/MOTOGP-2022-GP-DE-PORTUGAL-QUEDA-BASTIANINI.mp4\"><\/video><figcaption>Enea Bastianini se cae y abandona el GP de Portugal (V\u00eddeo: MotoGP)<\/figcaption><\/figure>\n\n\n\n<p class=\"wp-block-paragraph\">Con 11 vueltas para el final, Quartararo ten\u00eda m\u00e1s de 4 segundos de ventaja y estaba en camino a la segunda victoria de su carrera en MotoGP en Portim\u00e3o. Mir, por su parte, segu\u00eda intentando resistir la presi\u00f3n de Zarco, que tambi\u00e9n ten\u00eda que preocuparse por Miller, que ven\u00eda intentando meterse en la lucha por el podio. Quinto, Aleix estaba 1s5 m\u00e1s por detr\u00e1s del piloto de Ducati, pero ya pod\u00eda sentir el acercamiento de Rins, que estaba en una excelente carrera de recuperaci\u00f3n.<\/p>\n\n\n\n<p class=\"wp-block-paragraph\">En la vuelta 16, Zarco logr\u00f3 adelantar a Mir con el motor en la recta, pero fall\u00f3 y se sali\u00f3 de la pista, lo que permiti\u00f3 al espa\u00f1ol devolver la posici\u00f3n. Con el movimiento por delante, Miller se uni\u00f3 a la refriega. E incluso Aleix se acerc\u00f3 un poco m\u00e1s.<\/p>\n\n\n\n<p class=\"wp-block-paragraph\">M\u00e1s abajo, quien entr\u00f3 con fuerte ritmo fue el dolorido Francesco Bagnaia. \u00daltimo en la parrilla, el italiano era 12\u00ba en la carrera, pero intentaba acortar distancias con Brad Binder, 11\u00ba.<\/p>\n\n\n\n<figure class=\"wp-block-video\"><video class=\"video-js vjs-big-play-centered\" data-gp-vjs=\"1\" controls src=\"https:\/\/www.grandepremio.com\/br\/wp-content\/uploads\/2022\/04\/MOTOGP-2022-GP-DE-PORTUGAL-MIR-E-ZARCO.mp4\"><\/video><figcaption>Mir pierde la segunda posici\u00f3n para Zarco (V\u00eddeo: MotoGP)<\/figcaption><\/figure>\n\n\n\n<p class=\"wp-block-paragraph\">En la recta de nuevo, Johann logr\u00f3 pasar a Mir y esta vez logr\u00f3 mantenerse en la pista para mantener su posici\u00f3n. Miller lo sigui\u00f3 de cerca, con Aleix ahora en 0s6.<\/p>\n\n\n\n<p class=\"wp-block-paragraph\">Rins, por otro lado, parec\u00eda haber quemado toda la madera que ten\u00eda que quemar. Mientras el mayor de los Espargar\u00f3 luchaba por llegar, el balear no dio se\u00f1ales de acercarse.<\/p>\n\n\n\n<p class=\"wp-block-paragraph\">M\u00e1s atr\u00e1s, Brad Binder le facilit\u00f3 la vida a Bagnaia cuando se cay\u00f3 en la curva 11 y abandon\u00f3 la disputa. Poco despu\u00e9s, Miller se iba al suelo al intentar adelantar a Joan en la curva 1 y se llevaba con \u00e9l al espa\u00f1ol, que aplaud\u00eda con iron\u00eda a\u00fan en la grava portuguesa.<\/p>\n\n\n\n<figure class=\"wp-block-image size-large\"><img decoding=\"async\" src=\"https:\/\/pbs.twimg.com\/media\/FRHAsCEXsAAIzZM?format=jpg&amp;name=large\" alt=\"\"\/><figcaption>Miller ech\u00f3 a Mir al final del GP de Portugal (Foto: Reproducci\u00f3n)<\/figcaption><\/figure>\n\n\n\n<p class=\"wp-block-paragraph\">As\u00ed, Zarco consolidaba su segunda plaza en la carrera, por delante de Aleix, Rins, Oliveira, \u00c1lex y Marc M\u00e1rquez, Pol Espargar\u00f3, Bagnaia y Vi\u00f1ales.<\/p>\n\n\n\n<p class=\"wp-block-paragraph\">A falta de dos vueltas para el final, el GP de Portugal tambi\u00e9n perdi\u00f3 a Fabio di Giannantonio, que se retir\u00f3 tras una ca\u00edda sin mayores consecuencias f\u00edsicas.<\/p>\n\n\n\n<p class=\"wp-block-paragraph\">En la pen\u00faltima vuelta, Marc consigui\u00f3 alcanzar a \u00c1lex y arrebat\u00f3 la sexta plaza a su hermano menor, asegur\u00e1ndose el puesto de mejor Honda de Portugal. El cambio, sin embargo, fue r\u00e1pido.<\/p>\n\n\n\n<p class=\"wp-block-paragraph\">En la \u00faltima vuelta, Aleix empujaba a Zarco por la segunda plaza, intentando escapar el franc\u00e9s apretando el ritmo. Al final del GP de Portugal, Quartararo tom\u00f3 la bandera al frente, haciendo un doblete franc\u00e9s, con Aleix en tercer lugar.<\/p>\n\n\n\n<h3 class=\"wp-block-heading\">MotoGP 2022, GP de Portugal, Carrera:<\/h3>\n\n\n\n<figure class=\"wp-block-table\"><table><tbody><tr><td>1<\/td><td>F QUARTARARO<\/td><td>Yamaha<\/td><td>41min39s611<\/td><td>25 vueltas<\/td><\/tr><tr><td>2<\/td><td>J ZARCO<\/td><td>Pramac Ducati<\/td><td>+5.409<\/td><td>&nbsp;<\/td><\/tr><tr><td>3<\/td><td>A ESPARGAR\u00d3<\/td><td>Aprilia<\/td><td>+6.068<\/td><td>&nbsp;<\/td><\/tr><tr><td>4<\/td><td>\u00c1 RINS<\/td><td>Suzuki<\/td><td>+9.633<\/td><td>&nbsp;<\/td><\/tr><tr><td>5<\/td><td>M OLIVEIRA<\/td><td>KTM<\/td><td>+13.573<\/td><td>&nbsp;<\/td><\/tr><tr><td>6<\/td><td>M M\u00c1RQUEZ<\/td><td>Honda<\/td><td>+16.163<\/td><td>&nbsp;<\/td><\/tr><tr><td>7<\/td><td>A M\u00c1RQUEZ<\/td><td>LCR Honda<\/td><td>+16.183<\/td><td>&nbsp;<\/td><\/tr><tr><td>8<\/td><td>F BAGNAIA<\/td><td>Ducati<\/td><td>+16.511<\/td><td>&nbsp;<\/td><\/tr><tr><td>9<\/td><td>P ESPARGAR\u00d3<\/td><td>Honda<\/td><td>+16.769<\/td><td>&nbsp;<\/td><\/tr><tr><td>10<\/td><td>M VI\u00d1ALES<\/td><td>Aprilia<\/td><td>+18.063<\/td><td>&nbsp;<\/td><\/tr><tr><td>11<\/td><td>A DOVIZIOSO<\/td><td>RNF Yamaha<\/td><td>+29.029<\/td><td>&nbsp;<\/td><\/tr><tr><td>12<\/td><td>L MARINI<\/td><td>VR46 Ducati<\/td><td>+29.249<\/td><td>&nbsp;<\/td><\/tr><tr><td>13<\/td><td>F MORBIDELLI<\/td><td>Yamaha<\/td><td>+33.354<\/td><td>&nbsp;<\/td><\/tr><tr><td>14<\/td><td>R GARDNER&nbsp;<\/td><td>Tech3 KTM<\/td><td>+40.205<\/td><td>&nbsp;<\/td><\/tr><tr><td>15<\/td><td>M BEZZECCHI<\/td><td>VR46 Ducati<\/td><td>+46.052<\/td><td>&nbsp;<\/td><\/tr><tr><td>16<\/td><td>T NAKAGAMI<\/td><td>LCR Honda<\/td><td>+49.569<\/td><td>&nbsp;<\/td><\/tr><tr><td>17<\/td><td>D BINDER<\/td><td>RNF Yamaha<\/td><td>+50.303<\/td><td>&nbsp;<\/td><\/tr><tr><td>18<\/td><td>L SAVADORI&nbsp;<\/td><td>Aprilia<\/td><td>Abandon\u00f3<\/td><td>&nbsp;<\/td><\/tr><tr><td>19<\/td><td>F DI GIANNANTONIO<\/td><td>Gresini Ducati<\/td><td><meta charset=\"utf-8\">Abandon\u00f3<\/td><td>&nbsp;<\/td><\/tr><tr><td>20<\/td><td>J MIR<\/td><td>Suzuki<\/td><td><meta charset=\"utf-8\">Abandon\u00f3<\/td><td>&nbsp;<\/td><\/tr><tr><td>21<\/td><td>J MILLER<\/td><td>Ducati<\/td><td><meta charset=\"utf-8\">Abandon\u00f3<\/td><td>&nbsp;<\/td><\/tr><tr><td>22<\/td><td>B BINDER<\/td><td>KTM<\/td><td><meta charset=\"utf-8\">Abandon\u00f3<\/td><td>&nbsp;<\/td><\/tr><tr><td>23<\/td><td>E BASTIANINI<\/td><td>Gresini Ducati<\/td><td><meta charset=\"utf-8\">Abandon\u00f3<\/td><td>&nbsp;<\/td><\/tr><tr><td>24<\/td><td>J MART\u00cdN<\/td><td>Pramac Ducati<\/td><td><meta charset=\"utf-8\">Abandon\u00f3<\/td><td>&nbsp;<\/td><\/tr><\/tbody><\/table><\/figure>\n","protected":false},"excerpt":{"rendered":"<p>Fabio Quartararo hizo una excelente carrera y domin\u00f3 a placer la carrera de MotoGP en Portimao, por delante de Zarco y Aleix Espargar\u00f3.<\/p>\n","protected":false},"author":0,"featured_media":1010061645,"comment_status":"closed","ping_status":"closed","sticky":false,"template":"","format":"standard","meta":{"42wp_featured_image_caption":"","42wp_featured_image_credits":"","42wp_featured_video":"","42wp_featured_image_hidden":false,"42wp_authors_list":[],"footnotes":""},"categories":[8],"tags":[1306,972,1293,1341,1764,455,1309],"42wp_author":[14233],"class_list":["post-23420","post","type-post","status-publish","format-standard","has-post-thumbnail","hentry","category-motogp","tag-fabio-quartararo","tag-gp-de-portugal","tag-motogp","tag-motogp-2022","tag-mundial-de-motociclismo","tag-portimao","tag-yamaha","42wp_author-eric-calduch"],"_links":{"self":[{"href":"https:\/\/grandepremio.com\/es\/wp-json\/wp\/v2\/posts\/23420","targetHints":{"allow":["GET"]}}],"collection":[{"href":"https:\/\/grandepremio.com\/es\/wp-json\/wp\/v2\/posts"}],"about":[{"href":"https:\/\/grandepremio.com\/es\/wp-json\/wp\/v2\/types\/post"}],"replies":[{"embeddable":true,"href":"https:\/\/grandepremio.com\/es\/wp-json\/wp\/v2\/comments?post=23420"}],"version-history":[{"count":0,"href":"https:\/\/grandepremio.com\/es\/wp-json\/wp\/v2\/posts\/23420\/revisions"}],"wp:featuredmedia":[{"embeddable":true,"href":"https:\/\/grandepremio.com\/es\/wp-json\/wp\/v2\/media\/1010061645"}],"wp:attachment":[{"href":"https:\/\/grandepremio.com\/es\/wp-json\/wp\/v2\/media?parent=23420"}],"wp:term":[{"taxonomy":"category","embeddable":true,"href":"https:\/\/grandepremio.com\/es\/wp-json\/wp\/v2\/categories?post=23420"},{"taxonomy":"post_tag","embeddable":true,"href":"https:\/\/grandepremio.com\/es\/wp-json\/wp\/v2\/tags?post=23420"},{"taxonomy":"42wp_author","embeddable":true,"href":"https:\/\/grandepremio.com\/es\/wp-json\/wp\/v2\/42wp_author?post=23420"}],"curies":[{"name":"wp","href":"https:\/\/api.w.org\/{rel}","templated":true}]}}