{"id":23424,"date":"2022-04-23T18:26:16","date_gmt":"2022-04-23T21:26:16","guid":{"rendered":"https:\/\/grandepremio.com\/es\/2022\/04\/23\/mercedes-mal-dia-imola-olvido\/"},"modified":"2022-04-23T18:26:18","modified_gmt":"2022-04-23T21:26:18","slug":"mercedes-mal-dia-imola-olvido","status":"publish","type":"post","link":"https:\/\/grandepremio.com\/es\/f1\/mercedes-mal-dia-imola-olvido\/","title":{"rendered":"Mercedes experimenta otro mal d\u00eda y dice que el GP de Emilia Roma\u00f1a es ya &#8220;para el olvido&#8221;"},"content":{"rendered":"\n<p class=\"wp-block-paragraph\">Tras <a href=\"https:\/\/grandepremio.com\/es\/\/f1\/hamilton-russell-q2-imola-racha-187-q3-mercedes\/\">la peor clasificaci\u00f3n en casi diez a\u00f1os<\/a>, Mercedes no se recuper\u00f3 este s\u00e1bado en \u00cdmola. Sin lograr un gran movimiento a lo largo de las 21 vueltas de la <a href=\"https:\/\/grandepremio.com\/es\/\/f1\/max-verstappen-charles-leclerc-imola\/\">carrera sprint del GP de Emilia Roma\u00f1a<\/a>, el equipo saldr\u00e1 incluso con los dos coches fuera del Top 10. Incluso con la carrera principal a\u00fan por delante, el equipo ya ha empezado a demostrar que no cree en ninguna modificaci\u00f3n.<\/p>\n\n\n\n<p class=\"wp-block-paragraph\">As\u00ed lo dijo Toto Wolff, jefe de equipo y director ejecutivo de Mercedes, al hablar de la carrera r\u00e1pida. Con George Russell en la 11\u00aa posici\u00f3n y Lewis Hamilton en la 13\u00aa, se le pregunt\u00f3 a Wolff si el objetivo es sumar puntos. Acab\u00f3 siendo claro: el equipo no espera que haya mucha diferencia con respecto a los dos \u00faltimos d\u00edas, cuando se enfrent\u00f3 a AlphaTauri, Aston Martin y Alfa Romeo.<\/p>\n\n\n\n<p class=\"wp-block-paragraph\">&#8220;Sumar puntos es lo m\u00ednimo, pero nunca son s\u00f3lo nuestras expectativas. As\u00ed que es un fin de semana para poner fuera&#8221;, se\u00f1al\u00f3.<\/p>\n\n\n\n<p class=\"wp-block-paragraph\"><strong><strong>\u00a1Conoce el canal de Grande Pr\u00eamio en Espa\u00f1ol en\u00a0<a href=\"https:\/\/www.youtube.com\/channel\/UCDxWojGVUi9gWYhrY0pGbIQ\" target=\"_blank\" rel=\"noreferrer noopener\">YouTube<\/a>!<br>\u00a1Sigue a\u00a0Grande Pr\u00eamio en Espa\u00f1ol\u00a0en\u00a0<a href=\"https:\/\/twitter.com\/grandepremioES\" target=\"_blank\" rel=\"noreferrer noopener\">Twitter\u00a0<\/a>y en\u00a0<a href=\"https:\/\/www.instagram.com\/grandepremioes\/\" target=\"_blank\" rel=\"noreferrer noopener\">Instagram<\/a>!<\/strong><\/strong><\/p>\n\n\n\n<figure class=\"wp-block-image size-large\"><img decoding=\"async\" src=\"https:\/\/www.grandepremio.com\/br\/wp-content\/uploads\/2022\/04\/M277694-1024x683.jpg\" alt=\"\" class=\"wp-image-559336\"\/><figcaption>Toto Wolff ya quiere olvidarse de \u00cdmola (Foto: Mercedes AMG-F1\/Steve Etherington)<\/figcaption><\/figure>\n\n\n\n<p class=\"wp-block-paragraph\">&#8220;Podr\u00eda decir que estamos tratando de aprender, pero no lo hicimos bien a la hora de calentar los neum\u00e1ticos, as\u00ed que no hay mucho que podamos hacer&#8221;, continu\u00f3.<\/p>\n\n\n\n<p class=\"wp-block-paragraph\">Tras la carrera sprint de este s\u00e1bado, Mercedes cay\u00f3 a la tercera posici\u00f3n del Mundial de Constructores con 65 puntos, por detr\u00e1s de Ferrari (116) y Red Bull (69).<\/p>\n\n\n\n<p class=\"wp-block-paragraph\">&#8220;No esperamos milagros cuando empiece la carrera, porque adelantar aqu\u00ed es bastante dif\u00edcil. Podemos recuperar posiciones, lo hemos demostrado hoy, pero no podemos hacerlo r\u00e1pidamente. Es otra experiencia que nos pone en nuestro sitio&#8221;, finaliz\u00f3.<\/p>\n","protected":false},"excerpt":{"rendered":"<p>El jefe de Mercedes, Toto Wolff, ha renunciado a cualquier posibilidad de dar la sorpresa el domingo y ya ha empezado a tratar la carrera en el pasado.<\/p>\n","protected":false},"author":0,"featured_media":1010061628,"comment_status":"closed","ping_status":"closed","sticky":false,"template":"","format":"standard","meta":{"42wp_featured_image_caption":"","42wp_featured_image_credits":"","42wp_featured_video":"","42wp_featured_image_hidden":false,"42wp_authors_list":[],"footnotes":""},"categories":[5],"tags":[2581,181,1495,179,2369,253,2527,1488,2237,2528,199,197,569],"42wp_author":[14234],"class_list":["post-23424","post","type-post","status-publish","format-standard","has-post-thumbnail","hentry","category-f1","tag-carrera-sprint-f1","tag-f1","tag-f1-2022","tag-formula-1","tag-formula-1-hoy","tag-george-russell","tag-gp-de-emilia-romana","tag-grande-premio","tag-grandepremio","tag-imola-2","tag-lewis-hamilton","tag-mercedes","tag-toto-wolff","42wp_author-douglas-rocha"],"_links":{"self":[{"href":"https:\/\/grandepremio.com\/es\/wp-json\/wp\/v2\/posts\/23424","targetHints":{"allow":["GET"]}}],"collection":[{"href":"https:\/\/grandepremio.com\/es\/wp-json\/wp\/v2\/posts"}],"about":[{"href":"https:\/\/grandepremio.com\/es\/wp-json\/wp\/v2\/types\/post"}],"replies":[{"embeddable":true,"href":"https:\/\/grandepremio.com\/es\/wp-json\/wp\/v2\/comments?post=23424"}],"version-history":[{"count":0,"href":"https:\/\/grandepremio.com\/es\/wp-json\/wp\/v2\/posts\/23424\/revisions"}],"wp:featuredmedia":[{"embeddable":true,"href":"https:\/\/grandepremio.com\/es\/wp-json\/wp\/v2\/media\/1010061628"}],"wp:attachment":[{"href":"https:\/\/grandepremio.com\/es\/wp-json\/wp\/v2\/media?parent=23424"}],"wp:term":[{"taxonomy":"category","embeddable":true,"href":"https:\/\/grandepremio.com\/es\/wp-json\/wp\/v2\/categories?post=23424"},{"taxonomy":"post_tag","embeddable":true,"href":"https:\/\/grandepremio.com\/es\/wp-json\/wp\/v2\/tags?post=23424"},{"taxonomy":"42wp_author","embeddable":true,"href":"https:\/\/grandepremio.com\/es\/wp-json\/wp\/v2\/42wp_author?post=23424"}],"curies":[{"name":"wp","href":"https:\/\/api.w.org\/{rel}","templated":true}]}}