{"id":23425,"date":"2022-04-23T17:44:29","date_gmt":"2022-04-23T20:44:29","guid":{"rendered":"https:\/\/grandepremio.com\/es\/2022\/04\/23\/lando-norris-mclaren-sin-ritmo-luchar-frente\/"},"modified":"2022-04-23T17:44:30","modified_gmt":"2022-04-23T20:44:30","slug":"lando-norris-mclaren-sin-ritmo-luchar-frente","status":"publish","type":"post","link":"https:\/\/grandepremio.com\/es\/f1\/lando-norris-mclaren-sin-ritmo-luchar-frente\/","title":{"rendered":"Norris ve a McLaren sin ritmo para luchar al frente y comenta: &#8220;Mejor resultado posible&#8221;"},"content":{"rendered":"\n<p class=\"wp-block-paragraph\">Tras salir tercero en la carrera sprint, Lando Norris no pudo mantener su MCL36 por delante del pelot\u00f3n y cruz\u00f3 la meta en quinto lugar, por detr\u00e1s de Red Bull y Ferrari. Incluso con la p\u00e9rdida de posiciones, el piloto de McLaren declar\u00f3 ser positivo sobre el resultado de la sesi\u00f3n de este s\u00e1bado.<\/p>\n\n\n\n<p class=\"wp-block-paragraph\">&#8220;Una carrera dura. Simplemente no ten\u00eda el ritmo para seguir a los chicos de delante, pero hoy hemos conseguido el mejor resultado posible y algunos puntos, as\u00ed que estoy contento&#8221;, dijo Norris, que es s\u00e9ptimo en la tabla del Mundial de Pilotos con 20 puntos.<\/p>\n\n\n\n<p class=\"wp-block-paragraph\"><strong><strong><strong>\u00a1Conoce el canal de Grande Pr\u00eamio en Espa\u00f1ol en\u00a0<a href=\"https:\/\/www.youtube.com\/channel\/UCDxWojGVUi9gWYhrY0pGbIQ\" target=\"_blank\" rel=\"noreferrer noopener\">YouTube<\/a>!<br>\u00a1Sigue a\u00a0Grande Pr\u00eamio en Espa\u00f1ol\u00a0en\u00a0<a href=\"https:\/\/twitter.com\/grandepremioES\" target=\"_blank\" rel=\"noreferrer noopener\">Twitter\u00a0<\/a>y en\u00a0<a href=\"https:\/\/www.instagram.com\/grandepremioes\/\" target=\"_blank\" rel=\"noreferrer noopener\">Instagram<\/a>!<\/strong><\/strong><\/strong><\/p>\n\n\n\n<figure class=\"wp-block-image size-large\"><img decoding=\"async\" src=\"https:\/\/www.grandepremio.com\/br\/wp-content\/uploads\/2022\/04\/2022EmiliaRomagnaGrandPrixFridayGP2204_164547_1ST6350-1024x683.jpg\" alt=\"\" class=\"wp-image-561639\"\/><figcaption>Lando Norris saldr\u00e1 en quinta posici\u00f3n en el GP de Emilia Roma\u00f1a de F\u00f3rmula 1 (Foto: McLaren)<\/figcaption><\/figure>\n\n\n\n<p class=\"wp-block-paragraph\">&#8220;Tenemos una buena posici\u00f3n para la carrera de ma\u00f1ana (domingo), podemos luchar por algunos puntos m\u00e1s desde el quinto puesto. Tenemos algunas cosas que tratar de resolver y trabajar esta noche. Aparte de eso, estoy contento&#8221;, manifest\u00f3 el piloto.<\/p>\n\n\n\n<h3 class=\"wp-block-heading\" id=\"h-ricciardo-comemora-bom-comeco-na-sprint-mas-ressalta-briga-com-pneus-no-fim\"><strong>Ricciardo celebra la buena salida en la carrera sprint, pero destaca la lucha con las gomas al final<\/strong><\/h3>\n\n\n\n<figure class=\"wp-block-image size-large\"><img decoding=\"async\" src=\"https:\/\/www.grandepremio.com\/br\/wp-content\/uploads\/2022\/04\/2022EmiliaRomagnaGrandPrixFridayGP2204_155619_1ST6073-1024x683.jpg\" alt=\"\" class=\"wp-image-561638\"\/><figcaption>Ricciardo no perdi\u00f3 ni gan\u00f3 posiciones en la carrera sprint (Foto: McLaren)<\/figcaption><\/figure>\n\n\n\n<p class=\"wp-block-paragraph\">El compa\u00f1ero de equipo de Lando en McLaren, Daniel Ricciardo, tuvo dificuldades en los segundos ensayos libres -la \u00faltima sesi\u00f3n antes de la carrera sprint-, pero consigui\u00f3 esquivar los problemas con su coche y rendir relativamente bien en la carrera de este s\u00e1bado, terminando en sexta posici\u00f3n, la misma en la que empez\u00f3.<\/p>\n\n\n\n<p class=\"wp-block-paragraph\">&#8220;Realmente no sab\u00eda qu\u00e9 esperar para la carrera sprint porque no hemos tenido ninguna carrera en pista seca este fin de semana. Con el problema que hemos tenido esta ma\u00f1ana en el segundo entrenamiento, en realidad se trataba de una situaci\u00f3n de &#8220;salir y ver qu\u00e9 conseguimos&#8221;. Sent\u00ed que ten\u00eda una buena salida, as\u00ed que me centr\u00e9 en los pilotos que estaban por delante de m\u00ed&#8221;, analiz\u00f3 el australiano.<\/p>\n\n\n\n<p class=\"wp-block-paragraph\"><strong>#AnalisisGP:&nbsp;<a href=\"https:\/\/grandepremio.com\/es\/\/f1\/ha-llegado-momento-sebastian-vettel-retire\/\">\u00bfHa llegado el momento de que Sebastian Vettel se retire?<\/a><\/strong><\/p>\n\n\n\n<p class=\"wp-block-paragraph\">&#8220;Adelant\u00e9 a Fernando [Alonso] al principio y buscaba a Kevin [Magnussen], pero cuando llegamos a la zona de frenado, acab\u00e9 entre Kevin y Sergio [P\u00e9rez] entrando en la zona de frenado y tuvimos un contacto. Por suerte no hubo da\u00f1os. He intentado establecer un ritmo y creo que hemos tenido un poco de problemas al final con los neum\u00e1ticos, pero por lo dem\u00e1s ha sido muy bueno y hemos sumado algunos puntos. Creo que nos falt\u00f3 un poco m\u00e1s, pero tengo muchas ganas&#8221;, concluy\u00f3.<\/p>\n","protected":false},"excerpt":{"rendered":"<p>Lando Norris sali\u00f3 tercero en la carrera sprint este s\u00e1bado y, a pesar de caer al quinto puesto, dijo que estaba contento con el rendimiento del equipo de Woking.<\/p>\n","protected":false},"author":0,"featured_media":1010061625,"comment_status":"closed","ping_status":"closed","sticky":false,"template":"","format":"standard","meta":{"42wp_featured_image_caption":"","42wp_featured_image_credits":"","42wp_featured_video":"","42wp_featured_image_hidden":false,"42wp_authors_list":[],"footnotes":""},"categories":[5],"tags":[2581,365,181,1495,179,2369,2527,1488,2237,2528,268,269],"42wp_author":[14234],"class_list":["post-23425","post","type-post","status-publish","format-standard","has-post-thumbnail","hentry","category-f1","tag-carrera-sprint-f1","tag-daniel-ricciardo","tag-f1","tag-f1-2022","tag-formula-1","tag-formula-1-hoy","tag-gp-de-emilia-romana","tag-grande-premio","tag-grandepremio","tag-imola-2","tag-lando-norris","tag-mclaren","42wp_author-douglas-rocha"],"_links":{"self":[{"href":"https:\/\/grandepremio.com\/es\/wp-json\/wp\/v2\/posts\/23425","targetHints":{"allow":["GET"]}}],"collection":[{"href":"https:\/\/grandepremio.com\/es\/wp-json\/wp\/v2\/posts"}],"about":[{"href":"https:\/\/grandepremio.com\/es\/wp-json\/wp\/v2\/types\/post"}],"replies":[{"embeddable":true,"href":"https:\/\/grandepremio.com\/es\/wp-json\/wp\/v2\/comments?post=23425"}],"version-history":[{"count":0,"href":"https:\/\/grandepremio.com\/es\/wp-json\/wp\/v2\/posts\/23425\/revisions"}],"wp:featuredmedia":[{"embeddable":true,"href":"https:\/\/grandepremio.com\/es\/wp-json\/wp\/v2\/media\/1010061625"}],"wp:attachment":[{"href":"https:\/\/grandepremio.com\/es\/wp-json\/wp\/v2\/media?parent=23425"}],"wp:term":[{"taxonomy":"category","embeddable":true,"href":"https:\/\/grandepremio.com\/es\/wp-json\/wp\/v2\/categories?post=23425"},{"taxonomy":"post_tag","embeddable":true,"href":"https:\/\/grandepremio.com\/es\/wp-json\/wp\/v2\/tags?post=23425"},{"taxonomy":"42wp_author","embeddable":true,"href":"https:\/\/grandepremio.com\/es\/wp-json\/wp\/v2\/42wp_author?post=23425"}],"curies":[{"name":"wp","href":"https:\/\/api.w.org\/{rel}","templated":true}]}}