{"id":23432,"date":"2022-04-23T14:00:19","date_gmt":"2022-04-23T17:00:19","guid":{"rendered":"https:\/\/grandepremio.com\/es\/2022\/04\/23\/sergio-perez-contento-red-bull-doblete\/"},"modified":"2022-04-23T14:04:16","modified_gmt":"2022-04-23T17:04:16","slug":"sergio-perez-contento-red-bull-doblete","status":"publish","type":"post","link":"https:\/\/grandepremio.com\/es\/f1\/sergio-perez-contento-red-bull-doblete\/","title":{"rendered":"P\u00e9rez se muestra contento con el rendimiento y espera un doblete de Red Bull en \u00cdmola"},"content":{"rendered":"\n<p class=\"wp-block-paragraph\">Sergio P\u00e9rez se fue satisfecho de su carrera de recuperaci\u00f3n el s\u00e1bado en Imola, ganada por su compa\u00f1ero de equipo Max Verstappen. Clasificado en s\u00e9ptimo lugar para la <a href=\"https:\/\/grandepremio.com\/es\/\/f1\/max-verstappen-charles-leclerc-imola\/\">carrera sprint<\/a>, el mexicano de Red Bull logr\u00f3 escalar algunas posiciones y termin\u00f3 tercero en el GP de Emilia Roma\u00f1a.<\/p>\n\n\n\n<p class=\"wp-block-paragraph\">Checo habl\u00f3 al final de la carrera sobre lo importante que era reducir los da\u00f1os para la carrera de domingo. &#8220;Fue bueno para nosotros minimizar el resultado que obtuvimos ayer. Con las banderas rojas, no hicimos una buena vuelta cuando lo necesit\u00e1bamos&#8221;, coment\u00f3.<\/p>\n\n\n\n<figure class=\"wp-block-image size-large\"><img decoding=\"async\" src=\"https:\/\/www.grandepremio.com\/br\/wp-content\/uploads\/2022\/04\/redbull-sergioperez-01-7-1024x683.jpg\" alt=\"\" class=\"wp-image-561427\"\/><figcaption>P\u00e9rez se recuper\u00f3 y termin\u00f3 tercero en la carrera sprint de \u00cdmola (Foto: Red Bull)<\/figcaption><\/figure>\n\n\n\n<p class=\"wp-block-paragraph\">P\u00e9rez cree que, con la buena actuaci\u00f3n en el sprint, es posible buscar el doblete para los taurinos. &#8220;Con lo que hemos hecho hoy, ser\u00e1 ideal y posible conseguir un 1-2 en la carrera&#8221;, grab\u00f3.<\/p>\n\n\n\n<p class=\"wp-block-paragraph\"><strong><strong><strong><strong>\u00a1Conoce el canal de Grande Pr\u00eamio en Espa\u00f1ol en\u00a0<a href=\"https:\/\/www.youtube.com\/channel\/UCDxWojGVUi9gWYhrY0pGbIQ\" target=\"_blank\" rel=\"noreferrer noopener\">YouTube<\/a>!<br>\u00a1Sigue a\u00a0Grande Pr\u00eamio en Espa\u00f1ol\u00a0en\u00a0<a href=\"https:\/\/twitter.com\/grandepremioES\" target=\"_blank\" rel=\"noreferrer noopener\">Twitter\u00a0<\/a>y en\u00a0<a href=\"https:\/\/www.instagram.com\/grandepremioes\/\" target=\"_blank\" rel=\"noreferrer noopener\">Instagram<\/a>!<\/strong><\/strong><\/strong><\/strong><\/p>\n\n\n\n<p class=\"wp-block-paragraph\">El rendimiento de Red Bull, que ha sufrido una falta de fiabilidad desde el inicio de la temporada, ha llamado la atenci\u00f3n de P\u00e9rez que, al final, da moral y plantea posibilidades de mejorar a\u00fan m\u00e1s para el domingo. &#8220;He conseguido recuperarme y creo que salgo en una gran posici\u00f3n para la carrera de ma\u00f1ana. Ser\u00e1 bueno para nosotros, pero probablemente no para tifosi, pero lo intentaremos&#8221;, brome\u00f3, en referencia a los aficionados de Ferrari, que son mayor\u00eda absoluta en el circuito.<\/p>\n\n\n\n<figure class=\"wp-block-embed is-type-video is-provider-youtube wp-block-embed-youtube wp-embed-aspect-16-9 wp-has-aspect-ratio\"><div class=\"wp-block-embed__wrapper\">\n<iframe loading=\"lazy\" title=\"EL FUTURO DE OSCAR PIASTRI, LA PROMESA QUE ASPIRA A LA F\u00d3RMULA 1 SIN ESPACIO EN ALPINE - GP A LAS 10\" width=\"500\" height=\"281\" src=\"https:\/\/www.youtube.com\/embed\/7AkUaAmZtN0?feature=oembed\" frameborder=\"0\" allow=\"accelerometer; autoplay; clipboard-write; encrypted-media; gyroscope; picture-in-picture; web-share\" referrerpolicy=\"strict-origin-when-cross-origin\" allowfullscreen><\/iframe>\n<\/div><figcaption>Esteban Nieto analiza las alternativas que tiene Oscar Piastri para la pr\u00f3xima temporada al quedarse sin espacio en Alpine. | GP A LAS 10<\/figcaption><\/figure>\n","protected":false},"excerpt":{"rendered":"<p>Sergio P\u00e9rez termin\u00f3 tercero tras una carrera de recuperaci\u00f3n en \u00cdmola y cree que es posible el 1-2 en el GP de la Emilia Roma\u00f1a este domingo.<\/p>\n","protected":false},"author":0,"featured_media":1010061590,"comment_status":"closed","ping_status":"closed","sticky":false,"template":"","format":"standard","meta":{"42wp_featured_image_caption":"","42wp_featured_image_credits":"","42wp_featured_video":"","42wp_featured_image_hidden":false,"42wp_authors_list":[],"footnotes":""},"categories":[5],"tags":[1545,181,1495,185,179,2369,2527,1488,2237,2528,249,206,294],"42wp_author":[14234],"class_list":["post-23432","post","type-post","status-publish","format-standard","has-post-thumbnail","hentry","category-f1","tag-carrera-sprint","tag-f1","tag-f1-2022","tag-ferrari","tag-formula-1","tag-formula-1-hoy","tag-gp-de-emilia-romana","tag-grande-premio","tag-grandepremio","tag-imola-2","tag-max-verstappen","tag-red-bull","tag-sergio-perez","42wp_author-douglas-rocha"],"_links":{"self":[{"href":"https:\/\/grandepremio.com\/es\/wp-json\/wp\/v2\/posts\/23432","targetHints":{"allow":["GET"]}}],"collection":[{"href":"https:\/\/grandepremio.com\/es\/wp-json\/wp\/v2\/posts"}],"about":[{"href":"https:\/\/grandepremio.com\/es\/wp-json\/wp\/v2\/types\/post"}],"replies":[{"embeddable":true,"href":"https:\/\/grandepremio.com\/es\/wp-json\/wp\/v2\/comments?post=23432"}],"version-history":[{"count":0,"href":"https:\/\/grandepremio.com\/es\/wp-json\/wp\/v2\/posts\/23432\/revisions"}],"wp:featuredmedia":[{"embeddable":true,"href":"https:\/\/grandepremio.com\/es\/wp-json\/wp\/v2\/media\/1010061590"}],"wp:attachment":[{"href":"https:\/\/grandepremio.com\/es\/wp-json\/wp\/v2\/media?parent=23432"}],"wp:term":[{"taxonomy":"category","embeddable":true,"href":"https:\/\/grandepremio.com\/es\/wp-json\/wp\/v2\/categories?post=23432"},{"taxonomy":"post_tag","embeddable":true,"href":"https:\/\/grandepremio.com\/es\/wp-json\/wp\/v2\/tags?post=23432"},{"taxonomy":"42wp_author","embeddable":true,"href":"https:\/\/grandepremio.com\/es\/wp-json\/wp\/v2\/42wp_author?post=23432"}],"curies":[{"name":"wp","href":"https:\/\/api.w.org\/{rel}","templated":true}]}}