{"id":23433,"date":"2022-04-23T13:43:19","date_gmt":"2022-04-23T16:43:19","guid":{"rendered":"https:\/\/grandepremio.com\/es\/2022\/04\/23\/charles-leclerc-largada-imola\/"},"modified":"2022-04-23T13:57:09","modified_gmt":"2022-04-23T16:57:09","slug":"charles-leclerc-largada-imola","status":"publish","type":"post","link":"https:\/\/grandepremio.com\/es\/f1\/charles-leclerc-largada-imola\/","title":{"rendered":"Leclerc rescata 1\u00aa fila de largada en \u00cdmola, pero admite: \u201cNos ca\u00edmos al final\u201d"},"content":{"rendered":"\n<p class=\"wp-block-paragraph\">Todo parec\u00eda ir sobre ruedas para una nueva victoria de Charles Leclerc, pero a pocas vueltas <a href=\"https:\/\/grandepremio.com\/es\/\/f1\/max-verstappen-charles-leclerc-imola\/\">del final de la carrera  sprint del s\u00e1bado en \u00cdmola<\/a>, el l\u00edder del campeonato empez\u00f3 a perder rendimiento en su F1-75 y se convirti\u00f3 en presa f\u00e1cil para Max Verstappen. El problema, seg\u00fan explic\u00f3 el piloto de Ferrari, fue el r\u00e1pido desgaste de sus neum\u00e1ticos.<\/p>\n\n\n\n<p class=\"wp-block-paragraph\">Leclerc tuvo tantas dificultades con las gomas que vio c\u00f3mo su rival de Red Bull abri\u00f3 una brecha de 3s en s\u00f3lo dos vueltas. &#8220;Tuvimos problemas con los neum\u00e1ticos al final, as\u00ed que tenemos que analizarlo para ma\u00f1ana&#8221;, dijo el monegasco tras cruzar la l\u00ednea de meta en segundo lugar. &#8220;Tenemos que asegurarnos de que estamos preparados&#8221;, subray\u00f3.<\/p>\n\n\n\n<p class=\"wp-block-paragraph\"><strong><strong>\u00a1Conoce el canal de Grande Pr\u00eamio en Espa\u00f1ol en\u00a0<a href=\"https:\/\/www.youtube.com\/channel\/UCDxWojGVUi9gWYhrY0pGbIQ\" target=\"_blank\" rel=\"noreferrer noopener\">YouTube<\/a>!<br>\u00a1Sigue a\u00a0Grande Pr\u00eamio en Espa\u00f1ol\u00a0en\u00a0<a href=\"https:\/\/twitter.com\/grandepremioES\" target=\"_blank\" rel=\"noreferrer noopener\">Twitter\u00a0<\/a>y en\u00a0<a href=\"https:\/\/www.instagram.com\/grandepremioes\/\" target=\"_blank\" rel=\"noreferrer noopener\">Instagram<\/a>!<\/strong><\/strong><\/p>\n\n\n\n<figure class=\"wp-block-image size-large\"><img decoding=\"async\" src=\"https:\/\/grandepremio.com\/es\/\/wp-content\/uploads\/2022\/04\/220030-emilia-romagna-gp-2022-saturday-1024x683.jpg\" alt=\"\" class=\"wp-image-61586\"\/><figcaption>Charles Leclerc largar\u00e1 segundo el GP de Emilia Roma\u00f1a. (Foto: Ferrari)<\/figcaption><\/figure>\n\n\n\n<p class=\"wp-block-paragraph\">Es la primera vez en la temporada que Ferrari demuestra un problema en carrera que compromete su rendimiento. Despu\u00e9s del dominio visto en las tres primeras etapas de la temporada, Leclerc coment\u00f3 que ahora es el momento de trabajar para que el domingo sea diferente para los italianos.<\/p>\n\n\n\n<p class=\"wp-block-paragraph\">&#8220;Seguiremos empezando en la primera fila&#8221;, valor\u00f3. &#8220;El ritmo del coche era bueno hasta entonces, pero el ritmo neum\u00e1tico delantero izquierdo empez\u00f3 a desmoronarse y nos ca\u00edmos al final. As\u00ed es la vida, trabajemos y volvamos m\u00e1s fuertes ma\u00f1ana&#8221;, concluy\u00f3.<\/p>\n\n\n\n<p class=\"wp-block-paragraph\">El GP de Emilia Roma\u00f1a ser\u00e1 el \u00faltimo round entre Verstappen y Leclerc este fin de semana. Al ganar la carrera sprint, el representante de Red Bull se gan\u00f3 el derecho a salir desde la pole position, con el piloto de Ferrari alineado a su lado.<\/p>\n","protected":false},"excerpt":{"rendered":"<p>Charles Leclerc admiti\u00f3 una merma de rendimiento en su Ferrari al final del sprint en \u00cdmola, y pidi\u00f3 a estar m\u00e1s competitivo este domingo.<\/p>\n","protected":false},"author":0,"featured_media":1010061569,"comment_status":"closed","ping_status":"closed","sticky":false,"template":"","format":"standard","meta":{"42wp_featured_image_caption":"","42wp_featured_image_credits":"","42wp_featured_video":"","42wp_featured_image_hidden":false,"42wp_authors_list":[],"footnotes":""},"categories":[5],"tags":[247,181,1495,185,179,1439,2527,2528,249,206],"42wp_author":[14223],"class_list":["post-23433","post","type-post","status-publish","format-standard","has-post-thumbnail","hentry","category-f1","tag-charles-leclerc","tag-f1","tag-f1-2022","tag-ferrari","tag-formula-1","tag-formula-1-2022","tag-gp-de-emilia-romana","tag-imola-2","tag-max-verstappen","tag-red-bull","42wp_author-esteban-nieto"],"_links":{"self":[{"href":"https:\/\/grandepremio.com\/es\/wp-json\/wp\/v2\/posts\/23433","targetHints":{"allow":["GET"]}}],"collection":[{"href":"https:\/\/grandepremio.com\/es\/wp-json\/wp\/v2\/posts"}],"about":[{"href":"https:\/\/grandepremio.com\/es\/wp-json\/wp\/v2\/types\/post"}],"replies":[{"embeddable":true,"href":"https:\/\/grandepremio.com\/es\/wp-json\/wp\/v2\/comments?post=23433"}],"version-history":[{"count":0,"href":"https:\/\/grandepremio.com\/es\/wp-json\/wp\/v2\/posts\/23433\/revisions"}],"wp:featuredmedia":[{"embeddable":true,"href":"https:\/\/grandepremio.com\/es\/wp-json\/wp\/v2\/media\/1010061569"}],"wp:attachment":[{"href":"https:\/\/grandepremio.com\/es\/wp-json\/wp\/v2\/media?parent=23433"}],"wp:term":[{"taxonomy":"category","embeddable":true,"href":"https:\/\/grandepremio.com\/es\/wp-json\/wp\/v2\/categories?post=23433"},{"taxonomy":"post_tag","embeddable":true,"href":"https:\/\/grandepremio.com\/es\/wp-json\/wp\/v2\/tags?post=23433"},{"taxonomy":"42wp_author","embeddable":true,"href":"https:\/\/grandepremio.com\/es\/wp-json\/wp\/v2\/42wp_author?post=23433"}],"curies":[{"name":"wp","href":"https:\/\/api.w.org\/{rel}","templated":true}]}}