{"id":23437,"date":"2022-04-23T11:53:12","date_gmt":"2022-04-23T14:53:12","guid":{"rendered":"https:\/\/grandepremio.com\/es\/2022\/04\/23\/oliver-solberg-incencio-paraliza-rally-croacia\/"},"modified":"2022-04-23T11:53:14","modified_gmt":"2022-04-23T14:53:14","slug":"oliver-solberg-incencio-paraliza-rally-croacia","status":"publish","type":"post","link":"https:\/\/grandepremio.com\/es\/rally\/oliver-solberg-incencio-paraliza-rally-croacia\/","title":{"rendered":"Solberg se sale de la pista y sufre un incendio en el coche que paraliza el Rally de Croacia"},"content":{"rendered":"\n<figure class=\"wp-block-video\"><video class=\"video-js vjs-big-play-centered\" data-gp-vjs=\"1\" controls src=\"https:\/\/www.grandepremio.com\/br\/wp-content\/uploads\/2022\/04\/acidente-solberg.mp4\"><\/video><figcaption>El piloto de Hyundai perdi\u00f3 el control y se sali\u00f3 de la pista (V\u00eddeo: WRC\/Red Bull Content Pool)<\/figcaption><\/figure>\n\n\n\n<p class=\"wp-block-paragraph\">En la primera etapa de la acci\u00f3n de este s\u00e1bado en el Rally de Croacia, Oliver Solberg sufri\u00f3 un fuerte accidente, que oblig\u00f3 a cancelar la sesi\u00f3n de apertura de la tercera etapa del Campeonato Mundial de Rally &#8211; WRC &#8211; en 2022. El sueco-noruego perdi\u00f3 el control de la parte trasera de su Hyundai i20 N a gran velocidad, con 3,9 de los 23,76 kil\u00f3metros completados en la etapa inicial del d\u00eda, noveno en la general.<\/p>\n\n\n\n<p class=\"wp-block-paragraph\">&#8220;Desgraciadamente, las cosas no han ido seg\u00fan lo previsto esta ma\u00f1ana. En la primera etapa del d\u00eda, perdimos la parte trasera del coche en una curva que ten\u00eda algo de barro y nos salimos de la pista, con el escape, caliente, provocando un incendio. El coche est\u00e1 siendo reparado y estamos investigando los da\u00f1os&#8221;, dijo el piloto.<\/p>\n\n\n\n<p class=\"wp-block-paragraph\"><strong><strong>#AnalisisGP: <a href=\"https:\/\/grandepremio.com\/es\/\/f1\/ha-llegado-momento-sebastian-vettel-retire\/\">\u00bfHa llegado el momento de que Sebastian Vettel se retire?<\/a><\/strong><\/strong><\/p>\n\n\n\n<p class=\"wp-block-paragraph\">Solberg se sali\u00f3 de la pista original y se meti\u00f3 en la hierba en un tramo con muchos \u00e1rboles. El coche del joven de 20 a\u00f1os se atasc\u00f3 y poco despu\u00e9s del accidente se incendi\u00f3. Hyundai ha confirmado que el hijo de Petter Solberg ha salido ileso y est\u00e1 bien.<\/p>\n\n\n\n<p class=\"wp-block-paragraph\">El sueco-noruego y Elliot Edmondson terminaron el viernes el Rally de Croacia en quinta posici\u00f3n. Adem\u00e1s de la cancelaci\u00f3n de la novena etapa, el accidente oblig\u00f3 a retrasar 40 minutos la d\u00e9cima sesi\u00f3n. En el momento del accidente, el asfalto estaba en condiciones de sequedad, aunque la carretera presentaba tramos h\u00famedos y mojados. Solberg opt\u00f3 por utilizar una mezcla de neum\u00e1ticos de seco y de mojado.<\/p>\n\n\n\n<p class=\"wp-block-paragraph\"><strong><strong><strong>\u00a1Conoce el canal de Grande Pr\u00eamio en Espa\u00f1ol en\u00a0<a href=\"https:\/\/www.youtube.com\/channel\/UCDxWojGVUi9gWYhrY0pGbIQ\" target=\"_blank\" rel=\"noreferrer noopener\">YouTube<\/a>!<br>\u00a1Sigue a\u00a0Grande Pr\u00eamio en Espa\u00f1ol\u00a0en\u00a0<a href=\"https:\/\/twitter.com\/grandepremioES\" target=\"_blank\" rel=\"noreferrer noopener\">Twitter\u00a0<\/a>y en\u00a0<a href=\"https:\/\/www.instagram.com\/grandepremioes\/\" target=\"_blank\" rel=\"noreferrer noopener\">Instagram<\/a>!<\/strong><\/strong><\/strong><\/p>\n\n\n\n<figure class=\"wp-block-image size-large\"><img decoding=\"async\" src=\"https:\/\/www.grandepremio.com\/br\/wp-content\/uploads\/2022\/04\/solberg-1024x678.png\" alt=\"\" class=\"wp-image-561245\"\/><figcaption>Oliver Solberg (Foto: Hyundai\/Twitter)<\/figcaption><\/figure>\n\n\n\n<p class=\"wp-block-paragraph\">&#8220;Lo m\u00e1s importante es que Oliver y Elliott est\u00e1n bien. Hemos estado en contacto con ellos y est\u00e1n bien. Todav\u00eda no conocemos la historia completa, pero por lo que sabemos, Oliver hizo un trompo y da\u00f1\u00f3 la parte trasera del coche, y algo se incendi\u00f3 en el escape&#8221;, revel\u00f3 el subdirector del equipo Hyundai, Julien Moncet.<\/p>\n\n\n\n<p class=\"wp-block-paragraph\">&#8220;Tendremos que ver el coche antes de saber si se puede reparar. Creo que lo m\u00e1s importante es que no es un problema electr\u00f3nico, nada con la unidad h\u00edbrida. Sin embargo, hemos activado el sem\u00e1foro en rojo a causa del incendio, as\u00ed que tendremos que ver el coche&#8221;, analiz\u00f3.<\/p>\n\n\n\n<figure class=\"wp-block-embed is-type-video is-provider-youtube wp-block-embed-youtube wp-embed-aspect-16-9 wp-has-aspect-ratio\"><div class=\"wp-block-embed__wrapper\">\n<iframe loading=\"lazy\" title=\"EL FUTURO DE OSCAR PIASTRI, LA PROMESA QUE ASPIRA A LA F\u00d3RMULA 1 SIN ESPACIO EN ALPINE - GP A LAS 10\" width=\"500\" height=\"281\" src=\"https:\/\/www.youtube.com\/embed\/7AkUaAmZtN0?feature=oembed\" frameborder=\"0\" allow=\"accelerometer; autoplay; clipboard-write; encrypted-media; gyroscope; picture-in-picture; web-share\" referrerpolicy=\"strict-origin-when-cross-origin\" allowfullscreen><\/iframe>\n<\/div><figcaption>Esteban Nieto analiza las alternativas que tiene Oscar Piastri para la pr\u00f3xima temporada al quedarse sin espacio en Alpine. | GP A LAS 10<\/figcaption><\/figure>\n","protected":false},"excerpt":{"rendered":"<p>El piloto sueco-noruego perdi\u00f3 la parte trasera de su Hyundai i20 N y sufri\u00f3 un accidente en la tercera etapa del Campeonato Mundial de Rally (WRC). La etapa se cancel\u00f3 y retras\u00f3 la acci\u00f3n de la competencia.<\/p>\n","protected":false},"author":0,"featured_media":1010061550,"comment_status":"closed","ping_status":"closed","sticky":false,"template":"","format":"standard","meta":{"42wp_featured_image_caption":"","42wp_featured_image_credits":"","42wp_featured_video":"","42wp_featured_image_hidden":false,"42wp_authors_list":[],"footnotes":""},"categories":[9],"tags":[2575,2576,1488,2237,2574,2573,1226,2577],"42wp_author":[14234],"class_list":["post-23437","post","type-post","status-publish","format-standard","has-post-thumbnail","hentry","category-rally","tag-campeonato-mundial-de-rally","tag-elliot-edmondson","tag-grande-premio","tag-grandepremio","tag-oliver-solberg","tag-rally-de-croacia","tag-wrc","tag-wrc-2022","42wp_author-douglas-rocha"],"_links":{"self":[{"href":"https:\/\/grandepremio.com\/es\/wp-json\/wp\/v2\/posts\/23437","targetHints":{"allow":["GET"]}}],"collection":[{"href":"https:\/\/grandepremio.com\/es\/wp-json\/wp\/v2\/posts"}],"about":[{"href":"https:\/\/grandepremio.com\/es\/wp-json\/wp\/v2\/types\/post"}],"replies":[{"embeddable":true,"href":"https:\/\/grandepremio.com\/es\/wp-json\/wp\/v2\/comments?post=23437"}],"version-history":[{"count":0,"href":"https:\/\/grandepremio.com\/es\/wp-json\/wp\/v2\/posts\/23437\/revisions"}],"wp:featuredmedia":[{"embeddable":true,"href":"https:\/\/grandepremio.com\/es\/wp-json\/wp\/v2\/media\/1010061550"}],"wp:attachment":[{"href":"https:\/\/grandepremio.com\/es\/wp-json\/wp\/v2\/media?parent=23437"}],"wp:term":[{"taxonomy":"category","embeddable":true,"href":"https:\/\/grandepremio.com\/es\/wp-json\/wp\/v2\/categories?post=23437"},{"taxonomy":"post_tag","embeddable":true,"href":"https:\/\/grandepremio.com\/es\/wp-json\/wp\/v2\/tags?post=23437"},{"taxonomy":"42wp_author","embeddable":true,"href":"https:\/\/grandepremio.com\/es\/wp-json\/wp\/v2\/42wp_author?post=23437"}],"curies":[{"name":"wp","href":"https:\/\/api.w.org\/{rel}","templated":true}]}}