{"id":23447,"date":"2022-04-22T18:41:44","date_gmt":"2022-04-22T21:41:44","guid":{"rendered":"https:\/\/grandepremio.com\/es\/2022\/04\/22\/fernando-alonso-celebra-top-5-clasificacion\/"},"modified":"2022-04-22T18:41:45","modified_gmt":"2022-04-22T21:41:45","slug":"fernando-alonso-celebra-top-5-clasificacion","status":"publish","type":"post","link":"https:\/\/grandepremio.com\/es\/f1\/fernando-alonso-celebra-top-5-clasificacion\/","title":{"rendered":"Alonso celebra el Top 5 en una clasificaci\u00f3n &#8220;muy confusa&#8221; y elogia un coche &#8220;c\u00f3modo&#8221;"},"content":{"rendered":"\n<p class=\"wp-block-paragraph\"><a href=\"https:\/\/grandepremio.com\/es\/\/f1\/max-verstappen-qualy-emilia-romana\/\">Fernando Alonso saldr\u00e1 quinto en la carrera sprint de \u00cdmola<\/a> y se mostr\u00f3 muy satisfecho con su resultado. Este viernes, el espa\u00f1ol sobrevivi\u00f3 a una ca\u00f3tica sesi\u00f3n de clasificaci\u00f3n, especialmente la Q3, que se interrumpi\u00f3 tres veces debido a las banderas rojas. Al final, estaba en una buena posici\u00f3n para sumar puntos durante el fin de semana.<\/p>\n\n\n\n<p class=\"wp-block-paragraph\">Para el bicampe\u00f3n, la sesi\u00f3n ha sido extremadamente complicada. Al final, se trataba de no provocar banderas rojas e intentar, en definitiva, encajar al menos una vuelta r\u00e1pida en la ventana en medio de toda la confusi\u00f3n.<\/p>\n\n\n\n<p class=\"wp-block-paragraph\">&#8220;Es bueno estar en el Top 5 despu\u00e9s de una clasificaci\u00f3n tan confusa, con tanto cambio de tiempo y las banderas rojas. El tiempo cambiaba continuamente, as\u00ed que pod\u00eda pasar cualquier cosa. En general, con todo eso, estoy contento con estar entre los cinco primeros para ma\u00f1ana&#8221;, dijo.<\/p>\n\n\n\n<figure class=\"wp-block-image size-large\"><img decoding=\"async\" src=\"https:\/\/www.grandepremio.com\/br\/wp-content\/uploads\/2022\/04\/alpine-fernandoalonso-02-4-1024x683.jpg\" alt=\"\" class=\"wp-image-560629\"\/><figcaption>Fernando Alonso saldr\u00e1 desde el Top 5 en la carrera sprint. (Foto: Alpine)<\/figcaption><\/figure>\n\n\n\n<p class=\"wp-block-paragraph\"><strong><strong>\u00a1Conoce el canal de Grande Pr\u00eamio en Espa\u00f1ol en\u00a0<a href=\"https:\/\/www.youtube.com\/channel\/UCDxWojGVUi9gWYhrY0pGbIQ\" target=\"_blank\" rel=\"noreferrer noopener\">YouTube<\/a>!<br>\u00a1Sigue a\u00a0Grande Pr\u00eamio en Espa\u00f1ol\u00a0en\u00a0<a href=\"https:\/\/twitter.com\/grandepremioES\" target=\"_blank\" rel=\"noreferrer noopener\">Twitter\u00a0<\/a>y en\u00a0<a href=\"https:\/\/www.instagram.com\/grandepremioes\/\" target=\"_blank\" rel=\"noreferrer noopener\">Instagram<\/a>!<\/strong><\/strong><\/p>\n\n\n\n<p class=\"wp-block-paragraph\">Alonso record\u00f3 que los Alpine est\u00e1n pasando por una fase de evoluci\u00f3n considerable en las \u00faltimas carreras y espera puntuar bien el s\u00e1bado, con puntos para los ocho primeros clasificados, y el domingo, con el sistema normal de la F1.<\/p>\n\n\n\n<p class=\"wp-block-paragraph\">&#8220;El coche ha sido bastante r\u00e1pido en las dos \u00faltimas etapas y tambi\u00e9n me siento bastante c\u00f3modo aqu\u00ed. Veremos c\u00f3mo nos va ma\u00f1ana, pero hay muchos puntos en juego en la sprint y en la carrera&#8221;, a\u00f1adi\u00f3.<\/p>\n\n\n\n<p class=\"wp-block-paragraph\">La carrera sprint est\u00e1 prevista para este s\u00e1bado. Sigue la cobertura de GRANDE PR\u00caMIO del GP de Emilia Roma\u00f1a, la cuarta etapa de la temporada 2022 de F\u00f3rmula 1.<\/p>\n\n\n\n<figure class=\"wp-block-embed is-type-video is-provider-youtube wp-block-embed-youtube wp-embed-aspect-16-9 wp-has-aspect-ratio\"><div class=\"wp-block-embed__wrapper\">\n<iframe loading=\"lazy\" title=\"EL FUTURO DE OSCAR PIASTRI, LA PROMESA QUE ASPIRA A LA F\u00d3RMULA 1 SIN ESPACIO EN ALPINE - GP A LAS 10\" width=\"500\" height=\"281\" src=\"https:\/\/www.youtube.com\/embed\/7AkUaAmZtN0?feature=oembed\" frameborder=\"0\" allow=\"accelerometer; autoplay; clipboard-write; encrypted-media; gyroscope; picture-in-picture; web-share\" referrerpolicy=\"strict-origin-when-cross-origin\" allowfullscreen><\/iframe>\n<\/div><figcaption>Esteban Nieto analiza las alternativas que tiene Oscar Piastri para la pr\u00f3xima temporada al quedarse sin espacio en Alpine. | GP A LAS 10<\/figcaption><\/figure>\n","protected":false},"excerpt":{"rendered":"<p>Fernando Alonso saldr\u00e1 quinto en la carrera sprint de \u00cdmola. El espa\u00f1ol destac\u00f3 el buen coche de Alpine en otra pista y el resultado positivo en medio de una sesi\u00f3n de clasificaci\u00f3n tan confusa.<\/p>\n","protected":false},"author":0,"featured_media":1010061483,"comment_status":"closed","ping_status":"closed","sticky":false,"template":"","format":"standard","meta":{"42wp_featured_image_caption":"","42wp_featured_image_credits":"","42wp_featured_video":"","42wp_featured_image_hidden":false,"42wp_authors_list":[],"footnotes":""},"categories":[5],"tags":[678,1519,181,1495,179,2369,2527,1488,2237,2528],"42wp_author":[14234],"class_list":["post-23447","post","type-post","status-publish","format-standard","has-post-thumbnail","hentry","category-f1","tag-alpine","tag-clasificacion-f1","tag-f1","tag-f1-2022","tag-formula-1","tag-formula-1-hoy","tag-gp-de-emilia-romana","tag-grande-premio","tag-grandepremio","tag-imola-2","42wp_author-douglas-rocha"],"_links":{"self":[{"href":"https:\/\/grandepremio.com\/es\/wp-json\/wp\/v2\/posts\/23447","targetHints":{"allow":["GET"]}}],"collection":[{"href":"https:\/\/grandepremio.com\/es\/wp-json\/wp\/v2\/posts"}],"about":[{"href":"https:\/\/grandepremio.com\/es\/wp-json\/wp\/v2\/types\/post"}],"replies":[{"embeddable":true,"href":"https:\/\/grandepremio.com\/es\/wp-json\/wp\/v2\/comments?post=23447"}],"version-history":[{"count":0,"href":"https:\/\/grandepremio.com\/es\/wp-json\/wp\/v2\/posts\/23447\/revisions"}],"wp:featuredmedia":[{"embeddable":true,"href":"https:\/\/grandepremio.com\/es\/wp-json\/wp\/v2\/media\/1010061483"}],"wp:attachment":[{"href":"https:\/\/grandepremio.com\/es\/wp-json\/wp\/v2\/media?parent=23447"}],"wp:term":[{"taxonomy":"category","embeddable":true,"href":"https:\/\/grandepremio.com\/es\/wp-json\/wp\/v2\/categories?post=23447"},{"taxonomy":"post_tag","embeddable":true,"href":"https:\/\/grandepremio.com\/es\/wp-json\/wp\/v2\/tags?post=23447"},{"taxonomy":"42wp_author","embeddable":true,"href":"https:\/\/grandepremio.com\/es\/wp-json\/wp\/v2\/42wp_author?post=23447"}],"curies":[{"name":"wp","href":"https:\/\/api.w.org\/{rel}","templated":true}]}}