{"id":23448,"date":"2022-04-22T17:50:45","date_gmt":"2022-04-22T20:50:45","guid":{"rendered":"https:\/\/grandepremio.com\/es\/2022\/04\/22\/red-bull-decisiva-vuelta-max-verstappen\/"},"modified":"2022-04-22T17:50:46","modified_gmt":"2022-04-22T20:50:46","slug":"red-bull-decisiva-vuelta-max-verstappen","status":"publish","type":"post","link":"https:\/\/grandepremio.com\/es\/f1\/red-bull-decisiva-vuelta-max-verstappen\/","title":{"rendered":"Red Bull ve decisiva la vuelta de Verstappen en momento cr\u00edtico y alaba el equilibrio del RB18"},"content":{"rendered":"\n<p class=\"wp-block-paragraph\"><a href=\"https:\/\/grandepremio.com\/es\/\/f1\/max-verstappen-qualy-emilia-romana\/\">Max Verstappen ha conseguido una pole position crucial<\/a> para sus objetivos y los de Red Bull este viernes en el GP de Emilia Roma\u00f1a. El neerland\u00e9s saldr\u00e1 desde la primera posici\u00f3n para la carrera sprint de este s\u00e1bado, con Charles Leclerc justo detr\u00e1s.<\/p>\n\n\n\n<p class=\"wp-block-paragraph\">Ya con una gran desventaja esta temporada, el actual campe\u00f3n del mundo necesita maximizar sus oportunidades de puntos para intentar reducir cada vez m\u00e1s la distancia con el monegasco de Ferrari, l\u00edder absoluto del Mundial de Pilotos. Red Bull lo sabe, hasta el punto de que el jefe del equipo, Christian Horner, destac\u00f3 el &#8220;s\u00faper trabajo&#8221; realizado por Verstappen en \u00cdmola.<\/p>\n\n\n\n<p class=\"wp-block-paragraph\"><strong><strong>\u00a1Conoce el canal de Grande Pr\u00eamio en Espa\u00f1ol en\u00a0<a href=\"https:\/\/www.youtube.com\/channel\/UCDxWojGVUi9gWYhrY0pGbIQ\" target=\"_blank\" rel=\"noreferrer noopener\">YouTube<\/a>!<br>\u00a1Sigue a\u00a0Grande Pr\u00eamio en Espa\u00f1ol\u00a0en\u00a0<a href=\"https:\/\/twitter.com\/grandepremioES\" target=\"_blank\" rel=\"noreferrer noopener\">Twitter\u00a0<\/a>y en\u00a0<a href=\"https:\/\/www.instagram.com\/grandepremioes\/\" target=\"_blank\" rel=\"noreferrer noopener\">Instagram<\/a>!<\/strong><\/strong><\/p>\n\n\n\n<p class=\"wp-block-paragraph\">&#8220;Ha sido una clasificaci\u00f3n poco habitual y la vuelta que ha acabado contando ha sido la que hemos hecho realmente bien. Al final parec\u00eda que el circuito podr\u00eda volver r\u00e1pido, pero tuvimos lluvia y otra bandera roja. Una pena para el &#8216;checo&#8217; (P\u00e9rez), tambi\u00e9n habr\u00eda estado en la cabeza&#8221;, opin\u00f3 Horner.<\/p>\n\n\n\n<figure class=\"wp-block-image size-large\"><img decoding=\"async\" src=\"https:\/\/www.grandepremio.com\/br\/wp-content\/uploads\/2022\/04\/SI202204220341_hires_jpeg_24bit_rgb-1024x683.jpg\" alt=\"\" class=\"wp-image-561041\"\/><figcaption>Horner y el asesor de Red Bull, Helmut Marko, hablan con Max Verstappen en \u00cdmola (Foto: Red Bull Content Pool)<\/figcaption><\/figure>\n\n\n\n<p class=\"wp-block-paragraph\">&#8220;Hemos conseguido encontrar un buen equilibrio del coche y Max ha dado una vuelta de campana en un momento cr\u00edtico. Ahora el reto es lo que haremos ma\u00f1ana. Tenemos que empezar con buen pie&#8221;, analiz\u00f3.<\/p>\n\n\n\n<p class=\"wp-block-paragraph\">Adem\u00e1s de alabar el RB18, el jefe de Red Bull tambi\u00e9n destac\u00f3 la dificultad que encontr\u00f3 la escuder\u00eda austriaca para acertar con la ventana de temperatura ideal de los neum\u00e1ticos, algo que no ocurri\u00f3 con Ferrari, por ejemplo.<\/p>\n\n\n\n<p class=\"wp-block-paragraph\"><strong>VER TAMBI\u00c9N<br><a href=\"https:\/\/grandepremio.com\/es\/\/f1\/max-verstappen-reto-calentamiento-neumaticos-imola\/\">Verstappen ve un reto en el calentamiento de gomas en Imola: &#8220;Pista que castiga errores&#8221;<\/a><\/strong><\/p>\n\n\n\n<p class=\"wp-block-paragraph\">&#8220;Hoy ha sido al rev\u00e9s, curiosamente. Ferrari parec\u00eda calentar mejor los neum\u00e1ticos, por lo que nos cost\u00f3 generar la temperatura, dando vueltas y m\u00e1s vueltas&#8221;, dijo Horner, que se mostr\u00f3 tranquilo en cuanto a la velocidad de Red Bull.<\/p>\n\n\n\n<p class=\"wp-block-paragraph\">&#8220;Si nos fijamos puramente en nuestro ritmo, somos r\u00e1pidos en el sector 1 y definitivamente r\u00e1pidos en el sector 2. Luego es relativamente parejo&#8221;, finaliz\u00f3 el jefe de los taurinos.<\/p>\n\n\n\n<p class=\"wp-block-paragraph\">La carrera sprint est\u00e1 prevista para este s\u00e1bado. Sigue la cobertura de GRANDE PR\u00caMIO del GP de Emilia Roma\u00f1a, la cuarta etapa de la temporada 2022 de F\u00f3rmula 1.<\/p>\n\n\n\n<figure class=\"wp-block-embed is-type-video is-provider-youtube wp-block-embed-youtube wp-embed-aspect-16-9 wp-has-aspect-ratio\"><div class=\"wp-block-embed__wrapper\">\n<iframe loading=\"lazy\" title=\"EL FUTURO DE OSCAR PIASTRI, LA PROMESA QUE ASPIRA A LA F\u00d3RMULA 1 SIN ESPACIO EN ALPINE - GP A LAS 10\" width=\"500\" height=\"281\" src=\"https:\/\/www.youtube.com\/embed\/7AkUaAmZtN0?feature=oembed\" frameborder=\"0\" allow=\"accelerometer; autoplay; clipboard-write; encrypted-media; gyroscope; picture-in-picture; web-share\" referrerpolicy=\"strict-origin-when-cross-origin\" allowfullscreen><\/iframe>\n<\/div><figcaption>Esteban Nieto analiza las alternativas que tiene Oscar Piastri para la pr\u00f3xima temporada al quedarse sin espacio en Alpine. | GP A LAS 10<\/figcaption><\/figure>\n\n\n\n<p class=\"wp-block-paragraph\"><\/p>\n","protected":false},"excerpt":{"rendered":"<p>El jefe del equipo austriaco, Christian Horner, pidi\u00f3 que se centraran en la carrera sprint, pero no neg\u00f3 que una sesi\u00f3n de clasificaci\u00f3n &#8220;inusual&#8221; hizo que la \u00faltima vuelta del vigente campe\u00f3n del mundo se produjera en un momento crucial de la carrera.<\/p>\n","protected":false},"author":0,"featured_media":1010061480,"comment_status":"closed","ping_status":"closed","sticky":false,"template":"","format":"standard","meta":{"42wp_featured_image_caption":"","42wp_featured_image_credits":"","42wp_featured_video":"","42wp_featured_image_hidden":false,"42wp_authors_list":[],"footnotes":""},"categories":[5],"tags":[1336,1519,181,1495,179,2369,2527,1488,2237,2528,249,206],"42wp_author":[14234],"class_list":["post-23448","post","type-post","status-publish","format-standard","has-post-thumbnail","hentry","category-f1","tag-christian-horner","tag-clasificacion-f1","tag-f1","tag-f1-2022","tag-formula-1","tag-formula-1-hoy","tag-gp-de-emilia-romana","tag-grande-premio","tag-grandepremio","tag-imola-2","tag-max-verstappen","tag-red-bull","42wp_author-douglas-rocha"],"_links":{"self":[{"href":"https:\/\/grandepremio.com\/es\/wp-json\/wp\/v2\/posts\/23448","targetHints":{"allow":["GET"]}}],"collection":[{"href":"https:\/\/grandepremio.com\/es\/wp-json\/wp\/v2\/posts"}],"about":[{"href":"https:\/\/grandepremio.com\/es\/wp-json\/wp\/v2\/types\/post"}],"replies":[{"embeddable":true,"href":"https:\/\/grandepremio.com\/es\/wp-json\/wp\/v2\/comments?post=23448"}],"version-history":[{"count":0,"href":"https:\/\/grandepremio.com\/es\/wp-json\/wp\/v2\/posts\/23448\/revisions"}],"wp:featuredmedia":[{"embeddable":true,"href":"https:\/\/grandepremio.com\/es\/wp-json\/wp\/v2\/media\/1010061480"}],"wp:attachment":[{"href":"https:\/\/grandepremio.com\/es\/wp-json\/wp\/v2\/media?parent=23448"}],"wp:term":[{"taxonomy":"category","embeddable":true,"href":"https:\/\/grandepremio.com\/es\/wp-json\/wp\/v2\/categories?post=23448"},{"taxonomy":"post_tag","embeddable":true,"href":"https:\/\/grandepremio.com\/es\/wp-json\/wp\/v2\/tags?post=23448"},{"taxonomy":"42wp_author","embeddable":true,"href":"https:\/\/grandepremio.com\/es\/wp-json\/wp\/v2\/42wp_author?post=23448"}],"curies":[{"name":"wp","href":"https:\/\/api.w.org\/{rel}","templated":true}]}}