{"id":23453,"date":"2022-04-22T15:34:56","date_gmt":"2022-04-22T18:34:56","guid":{"rendered":"https:\/\/grandepremio.com\/es\/2022\/04\/22\/leclerc-2o-lugar-frustrante-imola-no-desastre\/"},"modified":"2022-04-22T15:34:56","modified_gmt":"2022-04-22T18:34:56","slug":"leclerc-2o-lugar-frustrante-imola-no-desastre","status":"publish","type":"post","link":"https:\/\/grandepremio.com\/es\/f1\/leclerc-2o-lugar-frustrante-imola-no-desastre\/","title":{"rendered":"Leclerc ve 2\u00ba lugar &#8220;frustrante&#8221; en Imola pero recuerda: &#8220;No es un desastre&#8221;"},"content":{"rendered":"\n<p class=\"wp-block-paragraph\">Charles Leclerc saldr\u00e1s des del segundo lugar en la carrera sprint de este s\u00e1bado, pero no qued\u00f3 muy contento con lo que hizo <a href=\"https:\/\/grandepremio.com\/es\/\/f1\/max-verstappen-qualy-emilia-romana\/\" target=\"_blank\" rel=\"noreferrer noopener\">en la clasificaci\u00f3n del viernes en Imola<\/a>. El monegasco habl\u00f3 de elecciones equivocadas en la Q3, refiri\u00e9ndose a los momentos en los que prob\u00f3 las vueltas r\u00e1pidas con neum\u00e1ticos usados \u200b\u200by luego termin\u00f3 vi\u00e9ndose obstaculizado por el festival de banderas rojas de Kevin Magnussen, Valtteri Bottas y, finalmente, Lando Norris.<\/p>\n\n\n\n<p class=\"wp-block-paragraph\">Leclerc habl\u00f3 de la dificultad de mantenerse competitivo en condiciones de pista desfavorables y admiti\u00f3 su frustraci\u00f3n por perder la pole ante Max Verstappen.<\/p>\n\n\n\n<p class=\"wp-block-paragraph\">\u201cHa sido una sesi\u00f3n muy traicionera, sobre todo cuando la pista se mojaba en ciertos puntos. Era ese juego de paciencia de dar vueltas cuando pasaba, pero era frustrante\u201d, dijo.<\/p>\n\n\n\n<p class=\"wp-block-paragraph\"><strong><strong>\u00a1Conoce el canal de Grande Pr\u00eamio en Espa\u00f1ol en\u00a0<a href=\"https:\/\/www.youtube.com\/channel\/UCDxWojGVUi9gWYhrY0pGbIQ\" target=\"_blank\" rel=\"noreferrer noopener\">YouTube<\/a>!<br>\u00a1Sigue a\u00a0Grande Pr\u00eamio en Espa\u00f1ol\u00a0en\u00a0<a href=\"https:\/\/twitter.com\/grandepremioES\" target=\"_blank\" rel=\"noreferrer noopener\">Twitter\u00a0<\/a>y en\u00a0<a href=\"https:\/\/www.instagram.com\/grandepremioes\/\" target=\"_blank\" rel=\"noreferrer noopener\">Instagram<\/a>!<\/strong><\/strong><\/p>\n\n\n\n<figure class=\"wp-block-image size-large\"><img decoding=\"async\" src=\"https:\/\/www.grandepremio.com\/br\/wp-content\/uploads\/2022\/04\/ferrari-charlesleclerc-03-1-1024x682.jpg\" alt=\"\" class=\"wp-image-560891\"\/><figcaption>Charles Leclerc arrancar\u00e1 el segundo en la sprint de Imola (Foto: Ferrari)<\/figcaption><\/figure>\n\n\n\n<p class=\"wp-block-paragraph\">Charles lament\u00f3 haber entrado siempre a la pista en las ventanas equivocadas en la definici\u00f3n de la pole, pero, a\u00fan frustrado, dej\u00f3 claro que el resultado no es del todo un horror, teniendo en cuenta que queda toda una carrera por delante y, antes, la carrera sprint del s\u00e1bado.<\/p>\n\n\n\n<p class=\"wp-block-paragraph\">&#8220;Cuando vali\u00f3 la pena, en la Q3, tom\u00e9 la decisi\u00f3n equivocada de usar los mismos neum\u00e1ticos, pero as\u00ed es la vida. Aprendamos de eso, incluso si es algo que no puedes controlar, fue mi culpa. Salir segundo no es un desastre, todo est\u00e1 en juego ma\u00f1ana y el domingo\u201d, agreg\u00f3.<\/p>\n","protected":false},"excerpt":{"rendered":"<p>Charles Leclerc lament\u00f3 las banderas rojas en Q3 que le impidieron una vuelta r\u00e1pida y una la lucha m\u00e1s feroz por la pole con Max Verstappen.<\/p>\n","protected":false},"author":0,"featured_media":1010061459,"comment_status":"closed","ping_status":"closed","sticky":false,"template":"","format":"standard","meta":{"42wp_featured_image_caption":"","42wp_featured_image_credits":"","42wp_featured_video":"","42wp_featured_image_hidden":false,"42wp_authors_list":[],"footnotes":""},"categories":[5],"tags":[247,355,181,1495,185,179,1659,448,344,353],"42wp_author":[14233],"class_list":["post-23453","post","type-post","status-publish","format-standard","has-post-thumbnail","hentry","category-f1","tag-charles-leclerc","tag-clasificacion","tag-f1","tag-f1-2022","tag-ferrari","tag-formula-1","tag-gp-de-la-emilia-romana","tag-imola","tag-italia","tag-pole-position","42wp_author-eric-calduch"],"_links":{"self":[{"href":"https:\/\/grandepremio.com\/es\/wp-json\/wp\/v2\/posts\/23453","targetHints":{"allow":["GET"]}}],"collection":[{"href":"https:\/\/grandepremio.com\/es\/wp-json\/wp\/v2\/posts"}],"about":[{"href":"https:\/\/grandepremio.com\/es\/wp-json\/wp\/v2\/types\/post"}],"replies":[{"embeddable":true,"href":"https:\/\/grandepremio.com\/es\/wp-json\/wp\/v2\/comments?post=23453"}],"version-history":[{"count":0,"href":"https:\/\/grandepremio.com\/es\/wp-json\/wp\/v2\/posts\/23453\/revisions"}],"wp:featuredmedia":[{"embeddable":true,"href":"https:\/\/grandepremio.com\/es\/wp-json\/wp\/v2\/media\/1010061459"}],"wp:attachment":[{"href":"https:\/\/grandepremio.com\/es\/wp-json\/wp\/v2\/media?parent=23453"}],"wp:term":[{"taxonomy":"category","embeddable":true,"href":"https:\/\/grandepremio.com\/es\/wp-json\/wp\/v2\/categories?post=23453"},{"taxonomy":"post_tag","embeddable":true,"href":"https:\/\/grandepremio.com\/es\/wp-json\/wp\/v2\/tags?post=23453"},{"taxonomy":"42wp_author","embeddable":true,"href":"https:\/\/grandepremio.com\/es\/wp-json\/wp\/v2\/42wp_author?post=23453"}],"curies":[{"name":"wp","href":"https:\/\/api.w.org\/{rel}","templated":true}]}}