{"id":23454,"date":"2022-04-22T15:26:34","date_gmt":"2022-04-22T18:26:34","guid":{"rendered":"https:\/\/grandepremio.com\/es\/2022\/04\/22\/max-verstappen-reto-calentamiento-neumaticos-imola\/"},"modified":"2022-04-22T15:33:17","modified_gmt":"2022-04-22T18:33:17","slug":"max-verstappen-reto-calentamiento-neumaticos-imola","status":"publish","type":"post","link":"https:\/\/grandepremio.com\/es\/f1\/max-verstappen-reto-calentamiento-neumaticos-imola\/","title":{"rendered":"Verstappen ve un reto en el calentamiento de gomas en Imola: &#8220;Pista que castiga errores&#8221;"},"content":{"rendered":"\n<p class=\"wp-block-paragraph\">Fue un poco de suerte, pero <a href=\"https:\/\/grandepremio.com\/es\/\/f1\/max-verstappen-qualy-emilia-romana\/\">Max Verstappen puede llevarse algo del m\u00e9rito de su primera pole position de la temporada 2022. Este viernes, en \u00cdmola<\/a>, el piloto de Red Bull necesit\u00f3 mucha agilidad para escapar de las &#8220;trampas&#8221; del circuito a causa de la lluvia, explicando justo despu\u00e9s de la clasificaci\u00f3n para la carrera sprint que el mayor reto era conseguir la temperatura adecuada de los neum\u00e1ticos.<\/p>\n\n\n\n<p class=\"wp-block-paragraph\">Verstappen consigui\u00f3 su 14\u00aa pole de su carrera en la temporada con un tiempo de 1min27s999, superando a su principal rival por el t\u00edtulo, Charles Leclerc, por 0s7. &#8220;Ha sido complicado debido a la lluvia, me refiero a la pista seca y tambi\u00e9n a la lluvia&#8221;, dijo el campe\u00f3n del mundo. &#8220;Estaba bastante resbaladizo y era dif\u00edcil mantener la temperatura de los neum\u00e1ticos&#8221;, a\u00f1adi\u00f3.<\/p>\n\n\n\n<p class=\"wp-block-paragraph\"><strong><strong><strong>\u00a1Conoce el canal de Grande Pr\u00eamio en Espa\u00f1ol en\u00a0<a href=\"https:\/\/www.youtube.com\/channel\/UCDxWojGVUi9gWYhrY0pGbIQ\" target=\"_blank\" rel=\"noreferrer noopener\">YouTube<\/a>!<br>\u00a1Sigue a\u00a0Grande Pr\u00eamio en Espa\u00f1ol\u00a0en\u00a0<a href=\"https:\/\/twitter.com\/grandepremioES\" target=\"_blank\" rel=\"noreferrer noopener\">Twitter\u00a0<\/a>y en\u00a0<a href=\"https:\/\/www.instagram.com\/grandepremioes\/\" target=\"_blank\" rel=\"noreferrer noopener\">Instagram<\/a>!<\/strong><\/strong><\/strong><\/p>\n\n\n\n<figure class=\"wp-block-image size-large\"><img decoding=\"async\" src=\"https:\/\/www.grandepremio.com\/br\/wp-content\/uploads\/2022\/04\/redbull-maxverstappen-02-4-1024x683.jpg\" alt=\"\" class=\"wp-image-560596\"\/><figcaption>Max Verstappen consigui\u00f3 su primera pole del a\u00f1o (Foto: Red Bull)<\/figcaption><\/figure>\n\n\n\n<p class=\"wp-block-paragraph\">Sobre la carrera sprint de este s\u00e1bado, que definir\u00e1 la parrilla de salida de la cuarta etapa del Mundial de F\u00f3rmula 1, el neerland\u00e9s explic\u00f3 que las condiciones meteorol\u00f3gicas dificultan cualquier intento de predicci\u00f3n. Por otra parte, consider\u00f3 la pole position un gran comienzo del fin de semana.<\/p>\n\n\n\n<p class=\"wp-block-paragraph\">&#8220;Estoy contento con la pole, pero s\u00e9 que ma\u00f1ana y el domingo ser\u00e1n diferentes en cuanto a las condiciones meteorol\u00f3gicas. Tuvimos una clasificaci\u00f3n agitada, pero estoy contento de estar aqu\u00ed. Esta es una pista incre\u00edble, pero tambi\u00e9n castiga los errores, haciendo que acabes en el muro&#8221;, subray\u00f3.<\/p>\n\n\n\n<p class=\"wp-block-paragraph\">Por \u00faltimo, cuando un periodista le pregunt\u00f3 por el resto de carreras ya disputadas, Verstappen se limit\u00f3 a decir que el enfoque es buscar un buen resultado en Imola. &#8220;Nuestras tres primeras carreras no han ido como esper\u00e1bamos, pero intentaremos hacer un buen fin de semana aqu\u00ed&#8221;, dijo.<\/p>\n\n\n\n<p class=\"wp-block-paragraph\">El actual campe\u00f3n de la F1 s\u00f3lo es sexto en el Mundial de Pilotos con 25 puntos desde su victoria en Arabia Saudita. Charles Leclerc es el l\u00edder con 71.<\/p>\n","protected":false},"excerpt":{"rendered":"<p>A causa de la pista h\u00fameda y seca, Max Verstappen, que ocupa la pole, explic\u00f3 que fue muy dif\u00edcil mantener la temperatura adecuada de los neum\u00e1ticos en la clasificaci\u00f3n de este viernes para la carrera sprint del GP de Emilia Roma\u00f1a.<\/p>\n","protected":false},"author":0,"featured_media":1010061448,"comment_status":"closed","ping_status":"closed","sticky":false,"template":"","format":"standard","meta":{"42wp_featured_image_caption":"","42wp_featured_image_credits":"","42wp_featured_video":"","42wp_featured_image_hidden":false,"42wp_authors_list":[],"footnotes":""},"categories":[5],"tags":[2568,1519,181,1495,179,2369,2527,1488,2237,2528,249,206],"42wp_author":[14234],"class_list":["post-23454","post","type-post","status-publish","format-standard","has-post-thumbnail","hentry","category-f1","tag-calentamiento-neumaticos","tag-clasificacion-f1","tag-f1","tag-f1-2022","tag-formula-1","tag-formula-1-hoy","tag-gp-de-emilia-romana","tag-grande-premio","tag-grandepremio","tag-imola-2","tag-max-verstappen","tag-red-bull","42wp_author-douglas-rocha"],"_links":{"self":[{"href":"https:\/\/grandepremio.com\/es\/wp-json\/wp\/v2\/posts\/23454","targetHints":{"allow":["GET"]}}],"collection":[{"href":"https:\/\/grandepremio.com\/es\/wp-json\/wp\/v2\/posts"}],"about":[{"href":"https:\/\/grandepremio.com\/es\/wp-json\/wp\/v2\/types\/post"}],"replies":[{"embeddable":true,"href":"https:\/\/grandepremio.com\/es\/wp-json\/wp\/v2\/comments?post=23454"}],"version-history":[{"count":0,"href":"https:\/\/grandepremio.com\/es\/wp-json\/wp\/v2\/posts\/23454\/revisions"}],"wp:featuredmedia":[{"embeddable":true,"href":"https:\/\/grandepremio.com\/es\/wp-json\/wp\/v2\/media\/1010061448"}],"wp:attachment":[{"href":"https:\/\/grandepremio.com\/es\/wp-json\/wp\/v2\/media?parent=23454"}],"wp:term":[{"taxonomy":"category","embeddable":true,"href":"https:\/\/grandepremio.com\/es\/wp-json\/wp\/v2\/categories?post=23454"},{"taxonomy":"post_tag","embeddable":true,"href":"https:\/\/grandepremio.com\/es\/wp-json\/wp\/v2\/tags?post=23454"},{"taxonomy":"42wp_author","embeddable":true,"href":"https:\/\/grandepremio.com\/es\/wp-json\/wp\/v2\/42wp_author?post=23454"}],"curies":[{"name":"wp","href":"https:\/\/api.w.org\/{rel}","templated":true}]}}