{"id":23455,"date":"2022-04-22T15:16:55","date_gmt":"2022-04-22T18:16:55","guid":{"rendered":"https:\/\/grandepremio.com\/es\/2022\/04\/22\/sainz-lamenta-choque-clasificacion-imola\/"},"modified":"2022-04-22T15:16:57","modified_gmt":"2022-04-22T18:16:57","slug":"sainz-lamenta-choque-clasificacion-imola","status":"publish","type":"post","link":"https:\/\/grandepremio.com\/es\/f1\/sainz-lamenta-choque-clasificacion-imola\/","title":{"rendered":"Sainz lamenta choque en clasificaci\u00f3n de Imola: &#8220;Ni estaba empujando tanto&#8221;"},"content":{"rendered":"\n<p class=\"wp-block-paragraph\">La vida de Carlos Sainz en Ferrari no ha sido f\u00e1cil en este inicio de temporada. De nada sirvi\u00f3 que el equipo italiano cambiara el motor del espa\u00f1ol este viernes para la carrera sprint, ya que <a href=\"https:\/\/grandepremio.com\/es\/\/f1\/carlos-sainz-vuelve-chocar-clasificacion-imola\/\" target=\"_blank\" rel=\"noreferrer noopener\">un inesperado trompo<\/a> le quit\u00f3 cualquier posibilidad de luchar por la pole position <a href=\"https:\/\/grandepremio.com\/es\/\/f1\/max-verstappen-qualy-emilia-romana\/\" target=\"_blank\" rel=\"noreferrer noopener\">en Emilia Roma\u00f1a.<\/a><\/p>\n\n\n\n<p class=\"wp-block-paragraph\">Por lo tanto, Smooth Operator solo est\u00e1 en el d\u00e9cimo lugar para la carrera del s\u00e1bado. En la zona mixta, Sainz trat\u00f3 de explicar lo sucedido. &#8220;Es dif\u00edcil para m\u00ed decir lo que pas\u00f3 porque, honestamente, comet\u00ed un error que no esperaba&#8221;.<\/p>\n\n\n\n<p class=\"wp-block-paragraph\">Y fue m\u00e1s all\u00e1 al explicar la dificultad de conducir el coche cuando empezaba a llover en Imola. &#8220;Tal vez estaba empezando a llover o los neum\u00e1ticos se estaban sobrecalentando. Condiciones complicadas, creo que perd\u00ed la parte trasera en la \u00faltima curva&#8221;, dijo el espa\u00f1ol.<\/p>\n\n\n\n<p class=\"wp-block-paragraph\"><strong><strong>\u00a1Conoce el canal de Grande Pr\u00eamio en Espa\u00f1ol en\u00a0<a href=\"https:\/\/www.youtube.com\/channel\/UCDxWojGVUi9gWYhrY0pGbIQ\" target=\"_blank\" rel=\"noreferrer noopener\">YouTube<\/a>!<br>\u00a1Sigue a\u00a0Grande Pr\u00eamio en Espa\u00f1ol\u00a0en\u00a0<a href=\"https:\/\/twitter.com\/grandepremioES\" target=\"_blank\" rel=\"noreferrer noopener\">Twitter\u00a0<\/a>y en\u00a0<a href=\"https:\/\/www.instagram.com\/grandepremioes\/\" target=\"_blank\" rel=\"noreferrer noopener\">Instagram<\/a>!<\/strong><\/strong><\/p>\n\n\n\n<figure class=\"wp-block-image size-full\"><img decoding=\"async\" src=\"https:\/\/www.grandepremio.com\/br\/wp-content\/uploads\/2022\/04\/2022-04-22-12_42_39-F1TV-_-GP-da-Emilia-Romagne-2022-Qualificacao.png\" alt=\"\" class=\"wp-image-560834\"\/><figcaption>Carlos Sainz arranca el 10\u00ba en la carrera sprint de este s\u00e1bado en Imola (Foto: Reproducci\u00f3n)<\/figcaption><\/figure>\n\n\n\n<p class=\"wp-block-paragraph\">Carlos continu\u00f3 con la justificaci\u00f3n diciendo que, por alguna raz\u00f3n, no recibi\u00f3 ning\u00fan aviso de que pod\u00eda perder el coche durante la vuelta. &#8220;Era una vuelta que ni estaba empujando tanto, no estaba en el l\u00edmite. No puedo creer que me expusiera a un error como ese&#8221;.<\/p>\n\n\n\n<p class=\"wp-block-paragraph\">Sainz comenzar\u00e1 ahora una carrera de recuperaci\u00f3n al sprint ma\u00f1ana s\u00e1bado para, qui\u00e9n sabe, sumar puntos y mejorar su clasificaci\u00f3n para el domingo.<\/p>\n","protected":false},"excerpt":{"rendered":"<p>Carlos Sainz busca respuestas para justificar el error que cometi\u00f3 durante la Q2 del GP de Emilia Roma\u00f1a este viernes.<\/p>\n","protected":false},"author":0,"featured_media":1010061452,"comment_status":"closed","ping_status":"closed","sticky":false,"template":"","format":"standard","meta":{"42wp_featured_image_caption":"","42wp_featured_image_credits":"","42wp_featured_video":"","42wp_featured_image_hidden":false,"42wp_authors_list":[],"footnotes":""},"categories":[5],"tags":[364,302,181,1495,185,179,1659,448,344,590],"42wp_author":[14233],"class_list":["post-23455","post","type-post","status-publish","format-standard","has-post-thumbnail","hentry","category-f1","tag-accidente","tag-carlos-sainz","tag-f1","tag-f1-2022","tag-ferrari","tag-formula-1","tag-gp-de-la-emilia-romana","tag-imola","tag-italia","tag-q2","42wp_author-eric-calduch"],"_links":{"self":[{"href":"https:\/\/grandepremio.com\/es\/wp-json\/wp\/v2\/posts\/23455","targetHints":{"allow":["GET"]}}],"collection":[{"href":"https:\/\/grandepremio.com\/es\/wp-json\/wp\/v2\/posts"}],"about":[{"href":"https:\/\/grandepremio.com\/es\/wp-json\/wp\/v2\/types\/post"}],"replies":[{"embeddable":true,"href":"https:\/\/grandepremio.com\/es\/wp-json\/wp\/v2\/comments?post=23455"}],"version-history":[{"count":0,"href":"https:\/\/grandepremio.com\/es\/wp-json\/wp\/v2\/posts\/23455\/revisions"}],"wp:featuredmedia":[{"embeddable":true,"href":"https:\/\/grandepremio.com\/es\/wp-json\/wp\/v2\/media\/1010061452"}],"wp:attachment":[{"href":"https:\/\/grandepremio.com\/es\/wp-json\/wp\/v2\/media?parent=23455"}],"wp:term":[{"taxonomy":"category","embeddable":true,"href":"https:\/\/grandepremio.com\/es\/wp-json\/wp\/v2\/categories?post=23455"},{"taxonomy":"post_tag","embeddable":true,"href":"https:\/\/grandepremio.com\/es\/wp-json\/wp\/v2\/tags?post=23455"},{"taxonomy":"42wp_author","embeddable":true,"href":"https:\/\/grandepremio.com\/es\/wp-json\/wp\/v2\/42wp_author?post=23455"}],"curies":[{"name":"wp","href":"https:\/\/api.w.org\/{rel}","templated":true}]}}