{"id":23474,"date":"2022-04-21T16:03:55","date_gmt":"2022-04-21T19:03:55","guid":{"rendered":"https:\/\/grandepremio.com\/es\/2022\/04\/21\/charles-leclerc-minimiza-impacto-robo\/"},"modified":"2022-04-21T16:08:25","modified_gmt":"2022-04-21T19:08:25","slug":"charles-leclerc-minimiza-impacto-robo","status":"publish","type":"post","link":"https:\/\/grandepremio.com\/es\/f1\/charles-leclerc-minimiza-impacto-robo\/","title":{"rendered":"Leclerc minimiza el impacto del robo y comenta la b\u00fasqueda de los ladrones"},"content":{"rendered":"\n<p class=\"wp-block-paragraph\">Tras sufrir el <a href=\"https:\/\/grandepremio.com\/es\/\/f1\/charles-leclerc-robo-italia\/\">robo de su reloj de la marca Richard Mille en Italia<\/a>, Charles Leclerc ha querido afirmar que el episodio no afectar\u00e1 a su rendimiento el fin de semana en el GP de Emilia Roma\u00f1a, cuarta etapa del calendario de F\u00f3rmula 1 de 2022.<\/p>\n\n\n\n<p class=\"wp-block-paragraph\">A pesar de restar importancia al impacto del robo -el modelo de reloj cuesta alrededor de 300 mil d\u00f3lares-, el piloto monegasco revel\u00f3 que la polic\u00eda local ha tenido problemas para encontrar a los autores.<\/p>\n\n\n\n<p class=\"wp-block-paragraph\">&#8220;No voy a entrar en demasiados detalles. No fue una buena experiencia, pero s\u00ed, no puedo decir mucho m\u00e1s que eso&#8221;, titube\u00f3 primero Leclerc. &#8220;Obviamente, todo est\u00e1 en manos de la polic\u00eda, que est\u00e1 tratando de encontrar a los ladrones. La b\u00fasqueda no est\u00e1 siendo tan suave como he le\u00eddo&#8221;, revel\u00f3.<\/p>\n\n\n\n<p class=\"wp-block-paragraph\"><strong><strong><strong>\u00a1Conoce el canal de Grande Pr\u00eamio en Espa\u00f1ol en\u00a0<a href=\"https:\/\/www.youtube.com\/channel\/UCDxWojGVUi9gWYhrY0pGbIQ\" target=\"_blank\" rel=\"noreferrer noopener\">YouTube<\/a>!<br>\u00a1Sigue a\u00a0Grande Pr\u00eamio en Espa\u00f1ol\u00a0en\u00a0<a href=\"https:\/\/twitter.com\/grandepremioES\" target=\"_blank\" rel=\"noreferrer noopener\">Twitter\u00a0<\/a>y en\u00a0<a href=\"https:\/\/www.instagram.com\/grandepremioes\/\" target=\"_blank\" rel=\"noreferrer noopener\">Instagram<\/a>!<\/strong><\/strong><\/strong><\/p>\n\n\n\n<figure class=\"wp-block-image size-large\"><img decoding=\"async\" src=\"https:\/\/www.grandepremio.com\/br\/wp-content\/uploads\/2022\/03\/220040-saudi-arabian-gp-saturday-1024x683.jpg\" alt=\"\" class=\"wp-image-553492\"\/><figcaption> Leclerc sufri\u00f3 el robo de su reloj y habl\u00f3 de ello este jueves (Foto: Scuderia Ferrari)<\/figcaption><\/figure>\n\n\n\n<p class=\"wp-block-paragraph\">&#8220;En general, estoy bien y ahora estoy completamente concentrado en el fin de semana. El episodio no me afectar\u00e1&#8221;, asegur\u00f3 el l\u00edder de la Copa del Mundo de Pilotos con 71 puntos, 34 m\u00e1s que el segundo clasificado, George Russell, que tiene 37.<\/p>\n\n\n\n<p class=\"wp-block-paragraph\"><strong><strong>#AnalisisGP: <a href=\"https:\/\/grandepremio.com\/es\/\/f1\/ha-llegado-momento-sebastian-vettel-retire\/\">\u00bfHa llegado el momento de que Sebastian Vettel se retire?<\/a><\/strong><\/strong><\/p>\n\n\n\n<p class=\"wp-block-paragraph\">El robo se produjo la noche del pasado lunes en la localidad de Viareggio, en la regi\u00f3n de la Toscana, Italia. Leclerc estaba con sus amigos y su entrenador Andrea Ferrari en una zona poco iluminada cuando fueron reconocidos por los aficionados, que se detuvieron para pedir aut\u00f3grafos y fotos. Entre la multitud, un ladr\u00f3n consigui\u00f3 robar el reloj de Charles antes de que se diera cuenta.<\/p>\n\n\n\n<p class=\"wp-block-paragraph\">El piloto, de 24 a\u00f1os, present\u00f3 una denuncia ante la polic\u00eda local, que ahora investiga si el robo fue oportunista o planificado de antemano.<\/p>\n\n\n\n<figure class=\"wp-block-embed is-type-video is-provider-youtube wp-block-embed-youtube wp-embed-aspect-16-9 wp-has-aspect-ratio\"><div class=\"wp-block-embed__wrapper\">\n<iframe loading=\"lazy\" title=\"F\u00d3RMULA 1 SIGUE TENDENCIA DE A\u00d1ADIR NUEVOS CIRCUITOS Y PONE EN RIESGO A LOS TRADICIONALES\" width=\"500\" height=\"281\" src=\"https:\/\/www.youtube.com\/embed\/qmAzXDh1QBQ?feature=oembed\" frameborder=\"0\" allow=\"accelerometer; autoplay; clipboard-write; encrypted-media; gyroscope; picture-in-picture; web-share\" referrerpolicy=\"strict-origin-when-cross-origin\" allowfullscreen><\/iframe>\n<\/div><figcaption>\u00bfCl\u00e1sicos o modernos? Eric Calduch analiza las diferentes visiones sobre los futuros destinos del calendario de la F1 | GP A LAS 10<\/figcaption><\/figure>\n","protected":false},"excerpt":{"rendered":"<p>Al piloto monegasco le robaron su reloj, estimado en 300.000 d\u00f3lares, el pasado lunes en Viareggio (Italia). La F\u00f3rmula 1 est\u00e1 en el pa\u00eds para disputar el GP de Emilia Roma\u00f1a.<\/p>\n","protected":false},"author":0,"featured_media":1010061040,"comment_status":"closed","ping_status":"closed","sticky":false,"template":"","format":"standard","meta":{"42wp_featured_image_caption":"","42wp_featured_image_credits":"","42wp_featured_video":"","42wp_featured_image_hidden":false,"42wp_authors_list":[],"footnotes":""},"categories":[5],"tags":[247,181,1495,185,179,1488,2237,2560,2561],"42wp_author":[14234],"class_list":["post-23474","post","type-post","status-publish","format-standard","has-post-thumbnail","hentry","category-f1","tag-charles-leclerc","tag-f1","tag-f1-2022","tag-ferrari","tag-formula-1","tag-grande-premio","tag-grandepremio","tag-richard-mille","tag-robo-leclerc","42wp_author-douglas-rocha"],"_links":{"self":[{"href":"https:\/\/grandepremio.com\/es\/wp-json\/wp\/v2\/posts\/23474","targetHints":{"allow":["GET"]}}],"collection":[{"href":"https:\/\/grandepremio.com\/es\/wp-json\/wp\/v2\/posts"}],"about":[{"href":"https:\/\/grandepremio.com\/es\/wp-json\/wp\/v2\/types\/post"}],"replies":[{"embeddable":true,"href":"https:\/\/grandepremio.com\/es\/wp-json\/wp\/v2\/comments?post=23474"}],"version-history":[{"count":0,"href":"https:\/\/grandepremio.com\/es\/wp-json\/wp\/v2\/posts\/23474\/revisions"}],"wp:featuredmedia":[{"embeddable":true,"href":"https:\/\/grandepremio.com\/es\/wp-json\/wp\/v2\/media\/1010061040"}],"wp:attachment":[{"href":"https:\/\/grandepremio.com\/es\/wp-json\/wp\/v2\/media?parent=23474"}],"wp:term":[{"taxonomy":"category","embeddable":true,"href":"https:\/\/grandepremio.com\/es\/wp-json\/wp\/v2\/categories?post=23474"},{"taxonomy":"post_tag","embeddable":true,"href":"https:\/\/grandepremio.com\/es\/wp-json\/wp\/v2\/tags?post=23474"},{"taxonomy":"42wp_author","embeddable":true,"href":"https:\/\/grandepremio.com\/es\/wp-json\/wp\/v2\/42wp_author?post=23474"}],"curies":[{"name":"wp","href":"https:\/\/api.w.org\/{rel}","templated":true}]}}