{"id":23503,"date":"2022-04-19T12:19:37","date_gmt":"2022-04-19T15:19:37","guid":{"rendered":"https:\/\/grandepremio.com\/es\/2022\/04\/19\/leclerc-entusiasmo-liderato-importante-no-exagerar\/"},"modified":"2022-04-19T12:19:38","modified_gmt":"2022-04-19T15:19:38","slug":"leclerc-entusiasmo-liderato-importante-no-exagerar","status":"publish","type":"post","link":"https:\/\/grandepremio.com\/es\/f1\/leclerc-entusiasmo-liderato-importante-no-exagerar\/","title":{"rendered":"Leclerc frena entusiasmo por liderato en F\u00f3rmula 1: &#8220;Importante no exagerar&#8221;"},"content":{"rendered":"\n<p class=\"wp-block-paragraph\">Charles Leclerc est\u00e1 dando grandes pasos para ganar su primer t\u00edtulo mundial de <a href=\"https:\/\/grandepremio.com\/es\/\/categoria\/f1\/\" target=\"_blank\" rel=\"noreferrer noopener\">F\u00f3rmula 1<\/a>, y eso que todav\u00eda est\u00e1 al comienzo de la temporada. Con dos victorias en tres carreras y un segundo puesto en la \u00fanica que no gan\u00f3, el monegasco suma ya 71 puntos -tambi\u00e9n marc\u00f3 la vuelta r\u00e1pida en todas las pruebas- y ve lejano en el retrovisor a George Russell, con 37 puntos. El #16 celebr\u00f3 el momento, pero dijo que no pensara en eso porque a\u00fan es muy temprano.<\/p>\n\n\n\n<p class=\"wp-block-paragraph\">&#8220;Puedo imaginar [el entusiasmo] pero no quiero pensar demasiado en eso&#8221;, dijo Leclerc. &#8220;Todav\u00eda es muy temprano en la temporada, obviamente. Es bueno estar a la cabeza en el campeonato. Lidero por 34 puntos, lo que siempre es bueno en cualquier momento del calendario. Pero no quiero centrarme demasiado en el campeonato por ahora&#8221;, explic\u00f3.<\/p>\n\n\n\n<p class=\"wp-block-paragraph\">Leclerc abri\u00f3 el campeonato con una victoria en Bahrein, y Max Verstappen se impuso en la segunda cita, celebrada en Arabia Saudita. En la \u00faltima carrera, en Australia, el monegasco volvi\u00f3 a sobresalir y consigui\u00f3 una victoria indiscutible. Ahora, el GP de Emilia Roma\u00f1a -en Italia, casa de Ferrari- ser\u00e1 otra oportunidad para que el monegasco aumente la distancia en cabeza.<\/p>\n\n\n\n<p class=\"wp-block-paragraph\"><strong><strong>\u00a1Conoce el canal de Grande Pr\u00eamio en Espa\u00f1ol en\u00a0<a href=\"https:\/\/www.youtube.com\/channel\/UCDxWojGVUi9gWYhrY0pGbIQ\" target=\"_blank\" rel=\"noreferrer noopener\">YouTube<\/a>!<br>\u00a1Sigue a\u00a0Grande Pr\u00eamio en Espa\u00f1ol\u00a0en\u00a0<a href=\"https:\/\/twitter.com\/grandepremioES\" target=\"_blank\" rel=\"noreferrer noopener\">Twitter\u00a0<\/a>y en\u00a0<a href=\"https:\/\/www.instagram.com\/grandepremioes\/\" target=\"_blank\" rel=\"noreferrer noopener\">Instagram<\/a>!<\/strong><\/strong><\/p>\n\n\n\n<figure class=\"wp-block-image size-large\"><img decoding=\"async\" src=\"https:\/\/www.grandepremio.com\/br\/wp-content\/uploads\/2020\/05\/000_327Z3EJ-scaled-e1649511478927-1024x836.jpg\" alt=\"\" class=\"wp-image-556930\"\/><figcaption>Charles Leclerc no quiere pensar en la situaci\u00f3n del campeonato con solo tres carreras disputadas (Foto: AFP)<\/figcaption><\/figure>\n\n\n\n<p class=\"wp-block-paragraph\">Consciente de que una distancia muy grande en el campeonato puede llevar al acomodo, Leclerc pidi\u00f3 a Ferrari que entrara en el fin de semana de carrera en Imola con el mismo esfuerzo que aplic\u00f3 en las tres primeras carreras del a\u00f1o. Al igual que Charles, el equipo de Maranello lidera entre los constructores, con 104 puntos frente a los 65 de Mercedes, que no ofrece ninguna amenaza en la pista en este momento.<\/p>\n\n\n\n<p class=\"wp-block-paragraph\">\u201cTenemos que afrontar este fin de semana como lo hicimos con los tres primeros\u201d, opin\u00f3. &#8220;Creo que es extremadamente importante no presionarnos m\u00e1s y tratar de no exagerar las cosas. Hemos estado trabajando muy bien como equipo desde el comienzo de la temporada y solo tenemos que seguir haciendo nuestro trabajo, tal como lo hicimos los primeros fines de semana&#8221;, concluy\u00f3. <\/p>\n\n\n\n<p class=\"wp-block-paragraph\">El GP de Emilia Roma\u00f1a se disputa el pr\u00f3ximo fin de semana. El viernes se reserva a los primeros libres, seguido de la clasificaci\u00f3n. El s\u00e1bado, pilotos y equipos tendr\u00e1n una sesi\u00f3n de entrenamientos m\u00e1s antes de la primera carrera al sprint de la temporada.<\/p>\n","protected":false},"excerpt":{"rendered":"<p>L\u00edder del Mundial con 34 puntos sobre George Russell, Charles Leclerc dijo que evita pensar en la posibilidad de llevarse su primer t\u00edtulo.<\/p>\n","protected":false},"author":0,"featured_media":1010060899,"comment_status":"closed","ping_status":"closed","sticky":false,"template":"","format":"standard","meta":{"42wp_featured_image_caption":"","42wp_featured_image_credits":"","42wp_featured_video":"","42wp_featured_image_hidden":false,"42wp_authors_list":[],"footnotes":""},"categories":[5],"tags":[247,181,1495,185,179,2527,448,344,1517],"42wp_author":[14233],"class_list":["post-23503","post","type-post","status-publish","format-standard","has-post-thumbnail","hentry","category-f1","tag-charles-leclerc","tag-f1","tag-f1-2022","tag-ferrari","tag-formula-1","tag-gp-de-emilia-romana","tag-imola","tag-italia","tag-mundial-de-pilotos","42wp_author-eric-calduch"],"_links":{"self":[{"href":"https:\/\/grandepremio.com\/es\/wp-json\/wp\/v2\/posts\/23503","targetHints":{"allow":["GET"]}}],"collection":[{"href":"https:\/\/grandepremio.com\/es\/wp-json\/wp\/v2\/posts"}],"about":[{"href":"https:\/\/grandepremio.com\/es\/wp-json\/wp\/v2\/types\/post"}],"replies":[{"embeddable":true,"href":"https:\/\/grandepremio.com\/es\/wp-json\/wp\/v2\/comments?post=23503"}],"version-history":[{"count":0,"href":"https:\/\/grandepremio.com\/es\/wp-json\/wp\/v2\/posts\/23503\/revisions"}],"wp:featuredmedia":[{"embeddable":true,"href":"https:\/\/grandepremio.com\/es\/wp-json\/wp\/v2\/media\/1010060899"}],"wp:attachment":[{"href":"https:\/\/grandepremio.com\/es\/wp-json\/wp\/v2\/media?parent=23503"}],"wp:term":[{"taxonomy":"category","embeddable":true,"href":"https:\/\/grandepremio.com\/es\/wp-json\/wp\/v2\/categories?post=23503"},{"taxonomy":"post_tag","embeddable":true,"href":"https:\/\/grandepremio.com\/es\/wp-json\/wp\/v2\/tags?post=23503"},{"taxonomy":"42wp_author","embeddable":true,"href":"https:\/\/grandepremio.com\/es\/wp-json\/wp\/v2\/42wp_author?post=23503"}],"curies":[{"name":"wp","href":"https:\/\/api.w.org\/{rel}","templated":true}]}}