{"id":23510,"date":"2022-04-18T16:24:52","date_gmt":"2022-04-18T19:24:52","guid":{"rendered":"https:\/\/grandepremio.com\/es\/2022\/04\/18\/red-bull-actualizaciones-imola-123\/"},"modified":"2022-04-18T16:36:25","modified_gmt":"2022-04-18T19:36:25","slug":"red-bull-actualizaciones-imola-123","status":"publish","type":"post","link":"https:\/\/grandepremio.com\/es\/f1\/red-bull-actualizaciones-imola-123\/","title":{"rendered":"Red Bull justifica ausencia de grandes atualizaciones para el RB18 en \u00cdmola"},"content":{"rendered":"\n<p class=\"wp-block-paragraph\">Red Bull sigue intentando solucionar los problemas de fiabilidad que provocaron tres abandonos en lo que va de temporada -dos de Max Verstappen, en Bahrein y Australia, y uno de Sergio P\u00e9rez, tambi\u00e9n en Bahrein-, pero no se espera que presente grandes cambios para la pr\u00f3xima carrera, en el GP de Emilia Roma\u00f1a. Y la raz\u00f3n es simple: se trata del primer fin de semana de carreras sprint de la temporada, por lo que no habr\u00eda tiempo para probar adecuadamente las modificaciones, como declar\u00f3 el jefe del equipo, Christian Horner.<\/p>\n\n\n\n<p class=\"wp-block-paragraph\">&#8220;No dir\u00eda que [estamos trayendo] un gran paquete [de cambios]&#8221;, expres\u00f3 Horner. &#8220;Todo forma parte de la evoluci\u00f3n, pero claro, al contar con una carrera clasificatoria, hay muy poco tiempo para evaluar estas cosas. Tenemos un entrenamiento libre y luego ya est\u00e1s en clasificaci\u00f3n, as\u00ed que tienes que estar muy seguro de lo que pones en el auto&#8221;, explic\u00f3.<\/p>\n\n\n\n<p class=\"wp-block-paragraph\">Ferrari, que lidera los dos campeonatos de F\u00f3rmula 1 en este momento, y Mercedes, que sigue buscando recuperar la competitividad tras un mal comienzo de temporada, van por el mismo camino, y es poco probable que lleguen con grandes novedades a \u00cdmola. De todas maneras, Horner manifest\u00f3 que los problemas de Red Bull a principios de a\u00f1o dan al menos una idea de cu\u00e1l debe ser el enfoque principal del equipo.<\/p>\n\n\n\n<p class=\"wp-block-paragraph\"><strong><strong>\u00a1Conoce el canal de Grande Pr\u00eamio en Espa\u00f1ol en\u00a0<a href=\"https:\/\/www.youtube.com\/channel\/UCDxWojGVUi9gWYhrY0pGbIQ\" target=\"_blank\" rel=\"noreferrer noopener\">YouTube<\/a>!<br>\u00a1Sigue a\u00a0Grande Pr\u00eamio en Espa\u00f1ol\u00a0en\u00a0<a href=\"https:\/\/twitter.com\/grandepremioES\" target=\"_blank\" rel=\"noreferrer noopener\">Twitter\u00a0<\/a>y en\u00a0<a href=\"https:\/\/www.instagram.com\/grandepremioes\/\" target=\"_blank\" rel=\"noreferrer noopener\">Instagram<\/a>!<\/strong><\/strong><\/p>\n\n\n\n<figure class=\"wp-block-video\"><video class=\"video-js vjs-big-play-centered\" data-gp-vjs=\"1\" controls src=\"https:\/\/grandepremio.com\/es\/\/wp-content\/uploads\/2022\/04\/Verstappen1.mp4\"><\/video><figcaption>Max Verstappen tuvo un fallo mec\u00e1nico cuando estaba segundo y debi\u00f3 abandonar en el GP de Australia. (Video: F1)<\/figcaption><\/figure>\n\n\n\n<p class=\"wp-block-paragraph\">&#8220;Creo que todo forma parte de la evoluci\u00f3n y el desarrollo de estos coches&#8221;, cont\u00f3 el brit\u00e1nico. &#8220;As\u00ed que a medida que aprendemos m\u00e1s sobre los neum\u00e1ticos y el rendimiento del monoplaza, tenemos un camino a seguir en el desarrollo. Y creo que despu\u00e9s de las primeras carreras, tenemos una buena direcci\u00f3n sobre qu\u00e9 debemos trabajar para el resto de la temporada&#8221;, finaliz\u00f3.<\/p>\n\n\n\n<p class=\"wp-block-paragraph\">En el Campeonato Mundial de Pilotos, Sergio P\u00e9rez es el mejor de Red Bull, y est\u00e1 cuarto con 30 puntos. Max Verstappen, el actual campe\u00f3n del mundo, s\u00f3lo tiene 25 por su victoria en Arabia Saudita y es sexto. <a href=\"https:\/\/grandepremio.com\/es\/\/f1\/charles-leclerc-australia-formula-1-2\/\">El l\u00edder indiscutido es Charles Leclerc<\/a>, que gan\u00f3 en Bahrein y Australia y fue segundo en Sakhir, y suma 71 puntos.<\/p>\n\n\n\n<p class=\"wp-block-paragraph\">La pr\u00f3xima cita de la F\u00f3rmula 1 ser\u00e1 el GP de Emilia-Roma\u00f1a, \u00faltima parada de la categor\u00eda antes de debutar en las calles de Miami. La carrera de \u00cdmola est\u00e1 prevista para el pr\u00f3ximo 24 de abril.<\/p>\n","protected":false},"excerpt":{"rendered":"<p>El jefe de Red Bull, Christian Horner, explic\u00f3 por qu\u00e9 la escuder\u00eda no presentar\u00e1 grandes desarrollos para el GP de Emilia Roma\u00f1a.<\/p>\n","protected":false},"author":0,"featured_media":1010060868,"comment_status":"closed","ping_status":"closed","sticky":false,"template":"","format":"standard","meta":{"42wp_featured_image_caption":"","42wp_featured_image_credits":"","42wp_featured_video":"","42wp_featured_image_hidden":false,"42wp_authors_list":[],"footnotes":""},"categories":[5],"tags":[181,1495,179,1439,2527,249,206,294],"42wp_author":[14223],"class_list":["post-23510","post","type-post","status-publish","format-standard","has-post-thumbnail","hentry","category-f1","tag-f1","tag-f1-2022","tag-formula-1","tag-formula-1-2022","tag-gp-de-emilia-romana","tag-max-verstappen","tag-red-bull","tag-sergio-perez","42wp_author-esteban-nieto"],"_links":{"self":[{"href":"https:\/\/grandepremio.com\/es\/wp-json\/wp\/v2\/posts\/23510","targetHints":{"allow":["GET"]}}],"collection":[{"href":"https:\/\/grandepremio.com\/es\/wp-json\/wp\/v2\/posts"}],"about":[{"href":"https:\/\/grandepremio.com\/es\/wp-json\/wp\/v2\/types\/post"}],"replies":[{"embeddable":true,"href":"https:\/\/grandepremio.com\/es\/wp-json\/wp\/v2\/comments?post=23510"}],"version-history":[{"count":0,"href":"https:\/\/grandepremio.com\/es\/wp-json\/wp\/v2\/posts\/23510\/revisions"}],"wp:featuredmedia":[{"embeddable":true,"href":"https:\/\/grandepremio.com\/es\/wp-json\/wp\/v2\/media\/1010060868"}],"wp:attachment":[{"href":"https:\/\/grandepremio.com\/es\/wp-json\/wp\/v2\/media?parent=23510"}],"wp:term":[{"taxonomy":"category","embeddable":true,"href":"https:\/\/grandepremio.com\/es\/wp-json\/wp\/v2\/categories?post=23510"},{"taxonomy":"post_tag","embeddable":true,"href":"https:\/\/grandepremio.com\/es\/wp-json\/wp\/v2\/tags?post=23510"},{"taxonomy":"42wp_author","embeddable":true,"href":"https:\/\/grandepremio.com\/es\/wp-json\/wp\/v2\/42wp_author?post=23510"}],"curies":[{"name":"wp","href":"https:\/\/api.w.org\/{rel}","templated":true}]}}