{"id":23622,"date":"2022-04-09T00:52:45","date_gmt":"2022-04-09T03:52:45","guid":{"rendered":"https:\/\/grandepremio.com\/es\/2022\/04\/09\/aston-martin-elude-asociacion-audi-f1\/"},"modified":"2022-04-09T02:06:20","modified_gmt":"2022-04-09T05:06:20","slug":"aston-martin-elude-asociacion-audi-f1","status":"publish","type":"post","link":"https:\/\/grandepremio.com\/es\/f1\/aston-martin-elude-asociacion-audi-f1\/","title":{"rendered":"Aston Martin elude, pero no descarta negociar con Audi: &#8220;Nunca digas nunca&#8221;"},"content":{"rendered":"\n<p class=\"wp-block-paragraph\">Audi y Porsche est\u00e1n cada vez m\u00e1s cerca de entrar en la F\u00f3rmula 1 a partir de 2026, cuando los motores de la categor\u00eda mantendr\u00e1n la tecnolog\u00eda V6 turbo, pero con la extinci\u00f3n del MGU-H, bater\u00eda encargada de generar la energ\u00eda el\u00e9ctrica en los coches. Esto, a largo plazo, har\u00e1 que el deporte sea m\u00e1s sostenible, un requisito previo exigido por el Grupo Volkswagen para permitir la inclusi\u00f3n de las dos marcas.<\/p>\n\n\n\n<p class=\"wp-block-paragraph\"><strong><strong><strong>\u00a1Conoce el canal de Grande Pr\u00eamio en Espa\u00f1ol en&nbsp;<a href=\"https:\/\/www.youtube.com\/channel\/UCDxWojGVUi9gWYhrY0pGbIQ\" target=\"_blank\" rel=\"noreferrer noopener\">YouTube<\/a>!<br>\u00a1Sigue a&nbsp;Grande Pr\u00eamio en Espa\u00f1ol&nbsp;en&nbsp;<a href=\"https:\/\/twitter.com\/grandepremioES\" target=\"_blank\" rel=\"noreferrer noopener\">Twitter&nbsp;<\/a>y en&nbsp;<a href=\"https:\/\/www.instagram.com\/grandepremioes\/\" target=\"_blank\" rel=\"noreferrer noopener\">Instagram<\/a>!<\/strong><\/strong><\/strong><\/p>\n\n\n\n<p class=\"wp-block-paragraph\">Como tal, es natural que la noticia empiece a resonar en el paddock de la F1. Despu\u00e9s de que Red Bull admitiera que ser\u00eda &#8220;l\u00f3gico&#8221; hablar con los proveedores sobre una asociaci\u00f3n, le toc\u00f3 el turno a Aston Martin. Un portavoz de la escuder\u00eda asegur\u00f3 que el objetivo es mantener la relaci\u00f3n con Mercedes, pero recalc\u00f3 que ninguna posibilidad est\u00e1 descartada.<\/p>\n\n\n\n<p class=\"wp-block-paragraph\">&#8220;Estamos contentos con nuestro actual socio de motores, Mercedes, con quien tenemos un contrato de varios a\u00f1os. La unidad de potencia de Mercedes en la F1 es buena&#8221;, dijo. &#8220;De momento no tenemos planes alternativos. Sin embargo, nunca digas nunca en la F1 y estamos explorando activamente las opciones con nuestro nuevo socio estrat\u00e9gico, Aramco&#8221;, a\u00f1adi\u00f3 el portavoz.<\/p>\n\n\n\n<figure class=\"wp-block-image size-full\"><img decoding=\"async\" src=\"https:\/\/www.grandepremio.com\/br\/wp-content\/uploads\/2021\/11\/FDtzGduWUAEnNBB.png\" alt=\"AUDI; PORSCHE; F\u00d3RMULA 1;\" class=\"wp-image-522969\"\/><figcaption>\u00bfAudi y Porsche en la F1? Ahora depende de la decisi\u00f3n del Grupo Volkswagen (Foto: Reproducci\u00f3n)<\/figcaption><\/figure>\n\n\n\n<p class=\"wp-block-paragraph\"><strong>VER TAMBI\u00c9N<br><a href=\"https:\/\/grandepremio.com\/es\/\/f1\/red-bull-conversaciones-audi-porsche-f1\/\">Red Bull considera &#8220;l\u00f3gico&#8221; hablar con Audi y Porsche para colaboraci\u00f3n en la F1<br><\/a><a href=\"https:\/\/grandepremio.com\/es\/\/f1\/audi-porsche-evaluacion-entrar-f1\/\">Audi y Porsche inician las \u00faltimas fases de evaluaci\u00f3n para entrar en la F1 en 2026<\/a><\/strong><\/p>\n\n\n\n<p class=\"wp-block-paragraph\">Con la posibilidad de que Porsche se alinee con Red Bull, queda por ver hacia d\u00f3nde se dirige Audi. Desde que Aston Martin se incorpor\u00f3 a la parrilla de la F\u00f3rmula 1 el a\u00f1o pasado, el antiguo equipo Racing Point no ha podido acercarse al nivel de rendimiento deseado por el multimillonario propietario del equipo, Lawrence Stroll, padre del piloto Lance.<\/p>\n\n\n\n<p class=\"wp-block-paragraph\">Por lo tanto, una asociaci\u00f3n con Audi -ya sea para suministrar motores o para comprar el equipo verde- podr\u00eda ser la luz al final del t\u00fanel para Aston Martin. En el primer caso, contar con la ayuda de la marca para el desarrollo de una unidad de potencia con el nuevo reglamento t\u00e9cnico de la F\u00f3rmula 1, previsto para 2026, tendr\u00eda sentido para el equipo brit\u00e1nico en cuestiones presupuestarias y de metodolog\u00eda. En el segundo caso, habr\u00eda un plan de salida de la categor\u00eda para Lawrence Stroll.<\/p>\n","protected":false},"excerpt":{"rendered":"<p>Ante la cada vez m\u00e1s probable entrada de Audi y Porsche en la F\u00f3rmula 1, Aston Martin dice estar contento con su actual asociaci\u00f3n de suministro de motores con Mercedes, pero afirma estar explorando &#8220;activamente las opciones&#8221;.<\/p>\n","protected":false},"author":0,"featured_media":1010059639,"comment_status":"closed","ping_status":"closed","sticky":false,"template":"","format":"standard","meta":{"42wp_featured_image_caption":"","42wp_featured_image_credits":"","42wp_featured_video":"","42wp_featured_image_hidden":false,"42wp_authors_list":[],"footnotes":""},"categories":[5],"tags":[2204,209,612,181,1680,179,1488,2237,197,308,2482],"42wp_author":[14234],"class_list":["post-23622","post","type-post","status-publish","format-standard","has-post-thumbnail","hentry","category-f1","tag-amr22","tag-aston-martin","tag-audi","tag-f1","tag-f1-2026","tag-formula-1","tag-grande-premio","tag-grandepremio","tag-mercedes","tag-porsche","tag-volkswagen","42wp_author-douglas-rocha"],"_links":{"self":[{"href":"https:\/\/grandepremio.com\/es\/wp-json\/wp\/v2\/posts\/23622","targetHints":{"allow":["GET"]}}],"collection":[{"href":"https:\/\/grandepremio.com\/es\/wp-json\/wp\/v2\/posts"}],"about":[{"href":"https:\/\/grandepremio.com\/es\/wp-json\/wp\/v2\/types\/post"}],"replies":[{"embeddable":true,"href":"https:\/\/grandepremio.com\/es\/wp-json\/wp\/v2\/comments?post=23622"}],"version-history":[{"count":0,"href":"https:\/\/grandepremio.com\/es\/wp-json\/wp\/v2\/posts\/23622\/revisions"}],"wp:featuredmedia":[{"embeddable":true,"href":"https:\/\/grandepremio.com\/es\/wp-json\/wp\/v2\/media\/1010059639"}],"wp:attachment":[{"href":"https:\/\/grandepremio.com\/es\/wp-json\/wp\/v2\/media?parent=23622"}],"wp:term":[{"taxonomy":"category","embeddable":true,"href":"https:\/\/grandepremio.com\/es\/wp-json\/wp\/v2\/categories?post=23622"},{"taxonomy":"post_tag","embeddable":true,"href":"https:\/\/grandepremio.com\/es\/wp-json\/wp\/v2\/tags?post=23622"},{"taxonomy":"42wp_author","embeddable":true,"href":"https:\/\/grandepremio.com\/es\/wp-json\/wp\/v2\/42wp_author?post=23622"}],"curies":[{"name":"wp","href":"https:\/\/api.w.org\/{rel}","templated":true}]}}