{"id":23646,"date":"2022-04-08T00:55:01","date_gmt":"2022-04-08T03:55:01","guid":{"rendered":"https:\/\/grandepremio.com\/es\/2022\/04\/08\/audi-porsche-evaluacion-entrar-f1\/"},"modified":"2022-04-08T00:55:02","modified_gmt":"2022-04-08T03:55:02","slug":"audi-porsche-evaluacion-entrar-f1","status":"publish","type":"post","link":"https:\/\/grandepremio.com\/es\/f1\/audi-porsche-evaluacion-entrar-f1\/","title":{"rendered":"Audi y Porsche inician las \u00faltimas fases de evaluaci\u00f3n para entrar en la F1 en 2026"},"content":{"rendered":"\n<p class=\"wp-block-paragraph\">La entrada de Audi y Porsche como proveedores de la F\u00f3rmula 1 ha superado ya tres barreras y est\u00e1 cada vez m\u00e1s cerca. Seg\u00fan un informe de la revista alemana Auto Motor und Sport, los consejos administrativo y fiscal de las dos marcas ya han acordado la llegada. Lo que faltaba era la aprobaci\u00f3n del consejo de supervisi\u00f3n del grupo Volkswagen en Wolfsburg, que se reuni\u00f3 este jueves y tuvo un resultado positivo.<\/p>\n\n\n\n<p class=\"wp-block-paragraph\">En una nota enviada a AMuS, el grupo cit\u00f3 que &#8220;los consejos de administraci\u00f3n y supervisi\u00f3n de Volkswagen AG, Porsche AG y Audi AG han confirmado los planes de las dos marcas para una posible entrada en la F\u00f3rmula 1. Las marcas Porsche y Audi dar\u00e1n detalles m\u00e1s adelante. Todav\u00eda no se ha tomado una decisi\u00f3n sobre la entrada, pero estamos en las fases finales de evaluaci\u00f3n. La nueva normativa para 2026 y los a\u00f1os siguientes a\u00fan no est\u00e1 disponible. Proporcionan cambios a largo plazo hacia un deporte m\u00e1s sostenible, que es un requisito previo exigido por Audi&#8221;.<\/p>\n\n\n\n<p class=\"wp-block-paragraph\">La decisi\u00f3n final de que Audi y Porsche entren en la F\u00f3rmula 1 s\u00f3lo se tomar\u00e1 cuando se hayan firmado todos los contratos. Hasta entonces, las dos marcas pueden salirse del proyecto. La aprobaci\u00f3n del nuevo reglamento de 2026 podr\u00eda producirse por parte de la FIA en junio. No obstante, existe el riesgo de que se posponga a octubre debido a cuestiones no resueltas. Hasta que no se firme el reglamento, ambas marcas no empezar\u00e1n a trabajar.<\/p>\n\n\n\n<p class=\"wp-block-paragraph\"><strong>\u25b6\ufe0f\u00a0<strong><strong>\u00a1Conoce el canal de Grande Pr\u00eamio en Espa\u00f1ol en\u00a0<a href=\"https:\/\/www.youtube.com\/channel\/UCDxWojGVUi9gWYhrY0pGbIQ\" target=\"_blank\" rel=\"noreferrer noopener\">YouTube<\/a>!<br>\u00a1Sigue a\u00a0Grande Pr\u00eamio en Espa\u00f1ol\u00a0en\u00a0<a href=\"https:\/\/twitter.com\/grandepremioES\" target=\"_blank\" rel=\"noreferrer noopener\">Twitter\u00a0<\/a>y en\u00a0<a href=\"https:\/\/www.instagram.com\/grandepremioes\/\" target=\"_blank\" rel=\"noreferrer noopener\">Instagram<\/a>!<\/strong><\/strong><\/strong><\/p>\n\n\n\n<figure class=\"wp-block-image size-full\"><img decoding=\"async\" src=\"https:\/\/www.grandepremio.com\/br\/wp-content\/uploads\/2021\/11\/FDtzGduWUAEnNBB.png\" alt=\"AUDI; PORSCHE; F\u00d3RMULA 1;\" class=\"wp-image-522969\"\/><figcaption>\u00bfAudi y Porsche en la F1? Ahora depende de la decisi\u00f3n del Grupo Volkswagen (Foto: Reproducci\u00f3n)<\/figcaption><\/figure>\n\n\n\n<p class=\"wp-block-paragraph\">Los motores de F\u00f3rmula 1 a partir de 2026 mantendr\u00e1n la tecnolog\u00eda V6 turbo, pero con la extinci\u00f3n de la MGU-H, bater\u00eda encargada de generar la energ\u00eda el\u00e9ctrica en los coches, mientras que la MGU-K compensa ahora en este aspecto. El motor de combusti\u00f3n y el motor el\u00e9ctrico deber\u00edan entregar unos 476 CV.<\/p>\n\n\n\n<p class=\"wp-block-paragraph\">El combustible ser\u00e1 100% neutro en cuanto a emisiones de CO2, y el techo de gasto se mantendr\u00e1 en 140 millones de d\u00f3lares. Los equipos de f\u00e1brica, como Mercedes y Ferrari, ya funcionan de forma saludable desde el punto de vista financiero gracias a los buenos contratos de patrocinio. El sistema atrae la atenci\u00f3n del valor de la F1, ya que se rumorea que fabricantes de coches como Honda volver\u00e1n dentro de cuatro a\u00f1os.<\/p>\n\n\n\n<p class=\"wp-block-paragraph\">Otro debate recurrente es el del l\u00edmite de gasto para los nuevos fabricantes de autom\u00f3viles. La FIA quiere ayudar a los reci\u00e9n llegados d\u00e1ndoles m\u00e1s horas de pruebas que a los equipos establecidos como Mercedes, Ferrari y Renault. Hay un an\u00e1lisis para asegurarse de que Red Bull Powertrains no se clasifique como novato, lo que le impedir\u00eda tener una doble ventaja en una posible alianza con Porsche.<\/p>\n\n\n\n<p class=\"wp-block-paragraph\">En cuanto a la relaci\u00f3n con los equipos, Audi ha negociado con McLaren para hacerse con parte de la divisi\u00f3n automovil\u00edstica de la escuder\u00eda de Woking y con parte del equipo de F\u00f3rmula 1. El grupo brit\u00e1nico no mostr\u00f3 mucho inter\u00e9s en la venta, sobre todo teniendo en cuenta el crecimiento de la F1 y el aumento de la valoraci\u00f3n de cada plantilla, e incluso el aumento de la oferta no fue suficiente. Mientras tanto, McLaren Automotive necesita un socio fuerte para afrontar la era de los coches h\u00edbridos, y se est\u00e1n manteniendo conversaciones con BMW.<\/p>\n\n\n\n<figure class=\"wp-block-image size-large\"><img decoding=\"async\" src=\"https:\/\/www.grandepremio.com\/br\/wp-content\/uploads\/2022\/03\/mclaren-landonorris-02-5-1024x683.jpg\" alt=\"\" class=\"wp-image-552630\"\/><figcaption>McLaren no est\u00e1 interesado en vender el equipo (Foto: McLaren)<\/figcaption><\/figure>\n\n\n\n<p class=\"wp-block-paragraph\">Sin McLaren, Audi busca otras alternativas. Williams est\u00e1 descartado debido al deseo de la escuder\u00eda de Grove de seguir siendo independiente, as\u00ed que Sauber es el principal candidato. Las dos partes ya han trabajado juntas cuando los alemanes utilizaron el t\u00fanel de viento del equipo suizo para desarrollar un prototipo para las 24 horas de Le Mans. Jan Monchaux, ex de Audi, es ahora director de tecnolog\u00eda en el equipo de Hinwil.<\/p>\n\n\n\n<p class=\"wp-block-paragraph\">Es importante recordar que Sauber no tiene ning\u00fan problema con los cambios de nombre. Entre 2006 y 2009, el equipo compiti\u00f3 bajo la marca BMW debido a una asociaci\u00f3n con el fabricante con sede en M\u00fanich. En la actualidad, compiten como Alfa Romeo a pesar de que ninguna parte del coche se fabrica en Italia. Quien tambi\u00e9n aparece en la competencia por tener a Audi es Aston Martin, que quiere montar su propia unidad de potencia y ha hablado de una asociaci\u00f3n.<\/p>\n\n\n\n<p class=\"wp-block-paragraph\">Lawrence Stroll, propietario de la marca Aston Martin, ten\u00eda previsto un proyecto similar al de Red Bull, para crear su propio motor basado en la tecnolog\u00eda de Honda, pero la falta de buenos ingenieros les oblig\u00f3 a abandonarlo. El multimillonario canadiense tambi\u00e9n quer\u00eda comprar la f\u00e1brica de motores de Mercedes, HPP, en Brixworth. Incluso con la apertura de Ola K\u00e4llenius, director ejecutivo del grupo Daimler, para escuchar una propuesta, el acuerdo no se materializ\u00f3.<\/p>\n\n\n\n<p class=\"wp-block-paragraph\">Porsche no est\u00e1 tan interesada en convertirse en un equipo como quiere Audi. El objetivo de la marca es formar una sociedad y comprar peque\u00f1as acciones del equipo. Los contactos con Red Bull se suceden desde hace tiempo, las partes incluso estuvieron cerca de trabajar juntas en 2018, cuando la escuder\u00eda austriaca rompi\u00f3 su asociaci\u00f3n con Renault. El proyecto fue cancelado en el \u00faltimo momento por la implicaci\u00f3n de la marca alemana en el &#8216;Dieselgate&#8217;, esc\u00e1ndalo del grupo Volkswagen con la falsificaci\u00f3n de resultados de emisiones contaminantes en motores di\u00e9sel.<\/p>\n\n\n\n<figure class=\"wp-block-embed is-type-video is-provider-youtube wp-block-embed-youtube wp-embed-aspect-16-9 wp-has-aspect-ratio\"><div class=\"wp-block-embed__wrapper\">\n<iframe loading=\"lazy\" title=\"KEVIN MAGNUSSEN Y SU SORPRENDENTE REGRESO A LA F\u00d3RMULA 1 CON HAAS\" width=\"500\" height=\"281\" src=\"https:\/\/www.youtube.com\/embed\/TZVrn6xV07I?feature=oembed\" frameborder=\"0\" allow=\"accelerometer; autoplay; clipboard-write; encrypted-media; gyroscope; picture-in-picture; web-share\" referrerpolicy=\"strict-origin-when-cross-origin\" allowfullscreen><\/iframe>\n<\/div><figcaption>Eric Calduch analiza el fant\u00e1stico regreso de Magnussen a la F1 y a la Haas | GP A LAS 10<\/figcaption><\/figure>\n","protected":false},"excerpt":{"rendered":"<p>La reuni\u00f3n del consejo de supervisi\u00f3n de Volkswagen ha dado luz verde a la entrada de Audi y Porsche en la F\u00f3rmula 1. Las marcas esperan la firma del nuevo reglamento de 2026 para hacer oficial su entrada.<\/p>\n","protected":false},"author":0,"featured_media":1010059350,"comment_status":"closed","ping_status":"closed","sticky":false,"template":"","format":"standard","meta":{"42wp_featured_image_caption":"","42wp_featured_image_credits":"","42wp_featured_video":"","42wp_featured_image_hidden":false,"42wp_authors_list":[],"footnotes":""},"categories":[5],"tags":[209,612,181,1680,179,1488,2237,269,308,206,2482],"42wp_author":[14234],"class_list":["post-23646","post","type-post","status-publish","format-standard","has-post-thumbnail","hentry","category-f1","tag-aston-martin","tag-audi","tag-f1","tag-f1-2026","tag-formula-1","tag-grande-premio","tag-grandepremio","tag-mclaren","tag-porsche","tag-red-bull","tag-volkswagen","42wp_author-douglas-rocha"],"_links":{"self":[{"href":"https:\/\/grandepremio.com\/es\/wp-json\/wp\/v2\/posts\/23646","targetHints":{"allow":["GET"]}}],"collection":[{"href":"https:\/\/grandepremio.com\/es\/wp-json\/wp\/v2\/posts"}],"about":[{"href":"https:\/\/grandepremio.com\/es\/wp-json\/wp\/v2\/types\/post"}],"replies":[{"embeddable":true,"href":"https:\/\/grandepremio.com\/es\/wp-json\/wp\/v2\/comments?post=23646"}],"version-history":[{"count":0,"href":"https:\/\/grandepremio.com\/es\/wp-json\/wp\/v2\/posts\/23646\/revisions"}],"wp:featuredmedia":[{"embeddable":true,"href":"https:\/\/grandepremio.com\/es\/wp-json\/wp\/v2\/media\/1010059350"}],"wp:attachment":[{"href":"https:\/\/grandepremio.com\/es\/wp-json\/wp\/v2\/media?parent=23646"}],"wp:term":[{"taxonomy":"category","embeddable":true,"href":"https:\/\/grandepremio.com\/es\/wp-json\/wp\/v2\/categories?post=23646"},{"taxonomy":"post_tag","embeddable":true,"href":"https:\/\/grandepremio.com\/es\/wp-json\/wp\/v2\/tags?post=23646"},{"taxonomy":"42wp_author","embeddable":true,"href":"https:\/\/grandepremio.com\/es\/wp-json\/wp\/v2\/42wp_author?post=23646"}],"curies":[{"name":"wp","href":"https:\/\/api.w.org\/{rel}","templated":true}]}}