{"id":23654,"date":"2022-04-07T07:51:08","date_gmt":"2022-04-07T10:51:08","guid":{"rendered":"https:\/\/grandepremio.com\/es\/2022\/04\/07\/newgarden-rahal-crecimiento-f1-eua-beneficioso-indy\/"},"modified":"2022-04-07T07:51:08","modified_gmt":"2022-04-07T10:51:08","slug":"newgarden-rahal-crecimiento-f1-eua-beneficioso-indy","status":"publish","type":"post","link":"https:\/\/grandepremio.com\/es\/indy\/newgarden-rahal-crecimiento-f1-eua-beneficioso-indy\/","title":{"rendered":"Newgarden rebate a Rahal y dice que crecimiento de F1 en EUA &#8220;puede ser beneficioso&#8221; para Indy"},"content":{"rendered":"\n<p class=\"wp-block-paragraph\">Despu\u00e9s de que Graham Rahal pronunciara unas pol\u00e9micas palabras <a href=\"https:\/\/grandepremio.com\/es\/\/indy\/graham-rahal-indy-formula-1\/\" target=\"_blank\" rel=\"noreferrer noopener\">sobre la &#8216;invasi\u00f3n&#8217; de la F\u00f3rmula 1 en Estados Unidos<\/a>, Josef Newgarden intent\u00f3 frenar la historia. El bicampe\u00f3n de IndyCar no estuvo de acuerdo con su compa\u00f1ero de parrilla y dijo que el crecimiento de la F1 en territorio estadounidense tambi\u00e9n puede ser beneficioso para la categor\u00eda local de monoplazas.<\/p>\n\n\n\n<p class=\"wp-block-paragraph\">Las declaraciones de Rahal se produjeron despu\u00e9s de que la F\u00f3rmula 1 anunciara que, <a href=\"https:\/\/grandepremio.com\/es\/\/f1\/las-vegas-2023-formula-1\/\" target=\"_blank\" rel=\"noreferrer noopener\">a partir de 2023, correr\u00e1 en Las Vegas<\/a>. Para la pr\u00f3xima temporada, habr\u00e1 tres carreras en suelo estadounidense, Miami y Austin, en el Circuito de las Am\u00e9ricas, tambi\u00e9n est\u00e1n incluidas en el calendario. El piloto americano de 33 a\u00f1os critic\u00f3 duramente la mayor presencia de la F1 en Estados Unidos y exigi\u00f3 al director de IndyCar, Roger Penske, que adopte una postura menos conservadora y lleve la categor\u00eda a Europa &#8220;para contraatacar&#8221;.<\/p>\n\n\n\n<p class=\"wp-block-paragraph\"><strong>\u00a1Conoce el canal de Grande Pr\u00eamio en Espa\u00f1ol en\u00a0<a href=\"https:\/\/www.youtube.com\/channel\/UCDxWojGVUi9gWYhrY0pGbIQ\" target=\"_blank\" rel=\"noreferrer noopener\">YouTube<\/a>!<br>\u00a1Sigue a\u00a0Grande Pr\u00eamio en Espa\u00f1ol\u00a0en\u00a0<a href=\"https:\/\/twitter.com\/grandepremioES\" target=\"_blank\" rel=\"noreferrer noopener\">Twitter\u00a0<\/a>y en\u00a0<a href=\"https:\/\/www.instagram.com\/grandepremioes\/\" target=\"_blank\" rel=\"noreferrer noopener\">Instagram<\/a>!<\/strong><\/p>\n\n\n\n<figure class=\"wp-block-image size-large\"><img decoding=\"async\" src=\"https:\/\/www.grandepremio.com\/br\/wp-content\/uploads\/2021\/09\/Graham-Rahal-1-1024x683.jpg\" alt=\"\" class=\"wp-image-510587\"\/><figcaption>Graham Rahal, piloto de la Indy, rivaliz\u00f3 la F\u00f3rmula 1 y critic\u00f3 la llegada de la categor\u00eda en el pa\u00eds (Foto: Indycar)<\/figcaption><\/figure>\n\n\n\n<p class=\"wp-block-paragraph\">&#8220;Creo que es innegable que el momento est\u00e1 a favor de la F\u00f3rmula 1&#8221;, comenz\u00f3 Newgarden. &#8220;Ha sido as\u00ed durante los \u00faltimos a\u00f1os y estamos viendo sus efectos. Sigue teniendo su impacto aqu\u00ed en los Estados Unidos, probablemente m\u00e1s que en cualquier otro lugar del mundo. Lo que me encanta es que est\u00e1n atrayendo a muchos nuevos fans del automovilismo, que normalmente no prestar\u00edan atenci\u00f3n al deporte. Creo que esto solo puede ser beneficioso para nosotros en el lado de Indy, para ser honesto&#8221;, analiz\u00f3. <\/p>\n\n\n\n<p class=\"wp-block-paragraph\">&#8220;Si est\u00e1s interesado en la F\u00f3rmula 1 y te cautiva, no veo ninguna raz\u00f3n por la cual, si te exponemos a las carreras de IndyCar, no te cautivar\u00edas a ti mismo con la Indy tambi\u00e9n, si no a\u00fan m\u00e1s&#8221;, continu\u00f3 Newgarden, quien gan\u00f3 el Gran Premio m\u00e1s reciente de la temporada 2022 de IndyCar en Texas, en la \u00faltima curva de la \u00faltima vuelta. <\/p>\n\n\n\n<p class=\"wp-block-paragraph\">&#8220;Siempre he sido de la opini\u00f3n de que si eres fan del automovilismo, eres fan de todas las categor\u00edas. Quiz\u00e1s esta no sea la clasificaci\u00f3n para todos los que forman parte de este nuevo flujo que est\u00e1 trayendo la F1, pero creo que nuestro estilo de carrera es tan similar y hay tantos paralelismos entre las dos categor\u00edas que realmente podemos involucrarnos con esta nueva ola de aficionados que est\u00e1n creando\u201d, dijo.<\/p>\n\n\n\n<p class=\"wp-block-paragraph\">\u201cAmo la F\u00f3rmula 1. Amo un poco m\u00e1s la Indy, pero creo que las dos categor\u00edas tienen espacio para crecer juntas, y eso no es malo para nosotros\u201d, concluy\u00f3 el bicampe\u00f3n.<\/p>\n\n\n\n<p class=\"wp-block-paragraph\">En la general de la IndyCar, Josef Newgarden salt\u00f3 al cuarto lugar en la clasificaci\u00f3n general despu\u00e9s de su triunfo en Texas con 65 puntos. Scott McLaughlin es el l\u00edder con 97 puntos. La categor\u00eda de monoplazas americana vuelve a la acci\u00f3n este fin de semana, el 10 de abril, para el tradicional GP de Long Beach.<\/p>\n","protected":false},"excerpt":{"rendered":"<p>Josef Newgarden rebati\u00f3 a Graham Rahal y dijo que las dos categor\u00edas tienen espacio para crecer juntas en EUA, y no es algo malo para la Indy.<\/p>\n","protected":false},"author":0,"featured_media":1010059313,"comment_status":"closed","ping_status":"closed","sticky":false,"template":"","format":"standard","meta":{"42wp_featured_image_caption":"","42wp_featured_image_credits":"","42wp_featured_video":"","42wp_featured_image_hidden":false,"42wp_authors_list":[],"footnotes":""},"categories":[7],"tags":[2477,1606,181,1495,179,1420,925,310,1781,866,1108],"42wp_author":[14233],"class_list":["post-23654","post","type-post","status-publish","format-standard","has-post-thumbnail","hentry","category-indy","tag-crecimiento-f1","tag-estados-unidos","tag-f1","tag-f1-2022","tag-formula-1","tag-graham-rahal","tag-indy","tag-indycar","tag-indycar-2022","tag-josef-newgarden","tag-penske","42wp_author-eric-calduch"],"_links":{"self":[{"href":"https:\/\/grandepremio.com\/es\/wp-json\/wp\/v2\/posts\/23654","targetHints":{"allow":["GET"]}}],"collection":[{"href":"https:\/\/grandepremio.com\/es\/wp-json\/wp\/v2\/posts"}],"about":[{"href":"https:\/\/grandepremio.com\/es\/wp-json\/wp\/v2\/types\/post"}],"replies":[{"embeddable":true,"href":"https:\/\/grandepremio.com\/es\/wp-json\/wp\/v2\/comments?post=23654"}],"version-history":[{"count":0,"href":"https:\/\/grandepremio.com\/es\/wp-json\/wp\/v2\/posts\/23654\/revisions"}],"wp:featuredmedia":[{"embeddable":true,"href":"https:\/\/grandepremio.com\/es\/wp-json\/wp\/v2\/media\/1010059313"}],"wp:attachment":[{"href":"https:\/\/grandepremio.com\/es\/wp-json\/wp\/v2\/media?parent=23654"}],"wp:term":[{"taxonomy":"category","embeddable":true,"href":"https:\/\/grandepremio.com\/es\/wp-json\/wp\/v2\/categories?post=23654"},{"taxonomy":"post_tag","embeddable":true,"href":"https:\/\/grandepremio.com\/es\/wp-json\/wp\/v2\/tags?post=23654"},{"taxonomy":"42wp_author","embeddable":true,"href":"https:\/\/grandepremio.com\/es\/wp-json\/wp\/v2\/42wp_author?post=23654"}],"curies":[{"name":"wp","href":"https:\/\/api.w.org\/{rel}","templated":true}]}}