{"id":23655,"date":"2022-04-07T07:27:25","date_gmt":"2022-04-07T10:27:25","guid":{"rendered":"https:\/\/grandepremio.com\/es\/2022\/04\/07\/hill-hamilton-mercedes-lucha-titulo-f1-larga-batalla\/"},"modified":"2022-04-07T07:27:26","modified_gmt":"2022-04-07T10:27:26","slug":"hill-hamilton-mercedes-lucha-titulo-f1-larga-batalla","status":"publish","type":"post","link":"https:\/\/grandepremio.com\/es\/f1\/hill-hamilton-mercedes-lucha-titulo-f1-larga-batalla\/","title":{"rendered":"Hill ve a Hamilton y Mercedes a\u00fan en la lucha por el t\u00edtulo de F1: &#8220;Ser\u00e1 una larga batalla&#8221;"},"content":{"rendered":"\n<p class=\"wp-block-paragraph\">Campe\u00f3n del mundo en 1996, Damon Hill no descarta a Lewis Hamilton de la lucha por el t\u00edtulo de Pilotos de <a href=\"https:\/\/grandepremio.com\/es\/\/categoria\/f1\/\" target=\"_blank\" rel=\"noreferrer noopener\">F\u00f3rmula 1<\/a> en 2022. El expiloto ha puesto su fe en el siete veces campe\u00f3n del mundo, incluso cuando el brit\u00e1nico ha registrado su peor inicio de temporada en la categor\u00eda en 13 a\u00f1os y que, hasta el momento, Mercedes no ha podido solucionar los problemas del err\u00e1tico W13.<\/p>\n\n\n\n<p class=\"wp-block-paragraph\">&#8220;No veo por qu\u00e9 no&#8221;, declar\u00f3 Hill sobre la lucha de Hamilton por el trofeo. &#8220;Creo que es &#8216;un tiro en la oscuridad&#8217;. Esta ser\u00e1 una larga batalla. No recordaremos las primeras carreras de la temporada cuando estemos a mitad de a\u00f1o. Ser\u00e1n 23 GPs muy largos&#8221;, justific\u00f3 el ex piloto.<\/p>\n\n\n\n<p class=\"wp-block-paragraph\"><strong>\u00a1Conoce el canal de Grande Pr\u00eamio en Espa\u00f1ol en&nbsp;<a href=\"https:\/\/www.youtube.com\/channel\/UCDxWojGVUi9gWYhrY0pGbIQ\" target=\"_blank\" rel=\"noreferrer noopener\">YouTube<\/a>!<br>\u00a1Sigue a&nbsp;Grande Pr\u00eamio en Espa\u00f1ol&nbsp;en&nbsp;<a href=\"https:\/\/twitter.com\/grandepremioES\" target=\"_blank\" rel=\"noreferrer noopener\">Twitter&nbsp;<\/a>y en&nbsp;<a href=\"https:\/\/www.instagram.com\/grandepremioes\/\" target=\"_blank\" rel=\"noreferrer noopener\">Instagram<\/a>!<\/strong><\/p>\n\n\n\n<figure class=\"wp-block-image size-large\"><img decoding=\"async\" src=\"https:\/\/www.grandepremio.com\/br\/wp-content\/uploads\/2015\/08\/2013413122957_166475683_DMa.jpg\" alt=\"\" class=\"wp-image-250326\"\/><figcaption>Damon Hill piensa que es demasiado pronto para quitar totalmente a Hamilton y a Mercedes de la lucha por el t\u00edtulo de F1 2022 (Foto: AFP)<\/figcaption><\/figure>\n\n\n\n<p class=\"wp-block-paragraph\">Hamilton tiene 16 puntos despu\u00e9s de dos carreras en la temporada de F1: en Bahrein, Lewis subi\u00f3 a un podio inesperado, cruzando la l\u00ednea de meta en tercer lugar; en Arabia Saudita, el resultado esta vez comenz\u00f3 a seguir el rendimiento real de las flechas plateadas y el piloto de Mercedes logr\u00f3 solo un punto, en la d\u00e9cima posici\u00f3n.<\/p>\n\n\n\n<p class=\"wp-block-paragraph\">Aunque est\u00e1 en el segundo puesto del Mundial de Constructores, la escuder\u00eda alemana ya est\u00e1 a 40 puntos del l\u00edder Ferrari (78 a 38). Por detr\u00e1s, ve a Red Bull llegar tras el doble abandono en el circuito de Sakhir -los austr\u00edacos est\u00e1n s\u00f3lo un punto por detr\u00e1s. Aun as\u00ed, Damon Hill tambi\u00e9n se asegur\u00f3 de no dejar de lado a Mercedes en la lucha por el primer puesto de la tabla.<\/p>\n\n\n\n<p class=\"wp-block-paragraph\">&#8220;Si tienes una batalla al frente y no hay un equipo dominante, entonces es poco probable que alguno de esos equipos se distancie del resto. Y es muy probable que Mercedes logre estar en el medio de todo eso&#8221;, analiz\u00f3 al campe\u00f3n del mundo de 1996.<\/p>\n\n\n\n<p class=\"wp-block-paragraph\">Albert Park acoge el GP de Australia de F1 este fin de semana tras dos a\u00f1os de ausencia debido a la pandemia de Covid-19. <\/p>\n","protected":false},"excerpt":{"rendered":"<p>Damon Hill dijo que era demasiado pronto para sacar Hamilton y al Mercedes de la lucha por el t\u00edtulo de Pilotos y Constructores de la F1 2022.<\/p>\n","protected":false},"author":0,"featured_media":1010059309,"comment_status":"closed","ping_status":"closed","sticky":false,"template":"","format":"standard","meta":{"42wp_featured_image_caption":"","42wp_featured_image_credits":"","42wp_featured_video":"","42wp_featured_image_hidden":false,"42wp_authors_list":[],"footnotes":""},"categories":[5],"tags":[1762,675,962,181,1495,179,1475,199,1476,197,1203,1517],"42wp_author":[14233],"class_list":["post-23655","post","type-post","status-publish","format-standard","has-post-thumbnail","hentry","category-f1","tag-albert-park","tag-australia","tag-damon-hill","tag-f1","tag-f1-2022","tag-formula-1","tag-gp-de-australia","tag-lewis-hamilton","tag-melbourne","tag-mercedes","tag-mundial-de-constructores","tag-mundial-de-pilotos","42wp_author-eric-calduch"],"_links":{"self":[{"href":"https:\/\/grandepremio.com\/es\/wp-json\/wp\/v2\/posts\/23655","targetHints":{"allow":["GET"]}}],"collection":[{"href":"https:\/\/grandepremio.com\/es\/wp-json\/wp\/v2\/posts"}],"about":[{"href":"https:\/\/grandepremio.com\/es\/wp-json\/wp\/v2\/types\/post"}],"replies":[{"embeddable":true,"href":"https:\/\/grandepremio.com\/es\/wp-json\/wp\/v2\/comments?post=23655"}],"version-history":[{"count":0,"href":"https:\/\/grandepremio.com\/es\/wp-json\/wp\/v2\/posts\/23655\/revisions"}],"wp:featuredmedia":[{"embeddable":true,"href":"https:\/\/grandepremio.com\/es\/wp-json\/wp\/v2\/media\/1010059309"}],"wp:attachment":[{"href":"https:\/\/grandepremio.com\/es\/wp-json\/wp\/v2\/media?parent=23655"}],"wp:term":[{"taxonomy":"category","embeddable":true,"href":"https:\/\/grandepremio.com\/es\/wp-json\/wp\/v2\/categories?post=23655"},{"taxonomy":"post_tag","embeddable":true,"href":"https:\/\/grandepremio.com\/es\/wp-json\/wp\/v2\/tags?post=23655"},{"taxonomy":"42wp_author","embeddable":true,"href":"https:\/\/grandepremio.com\/es\/wp-json\/wp\/v2\/42wp_author?post=23655"}],"curies":[{"name":"wp","href":"https:\/\/api.w.org\/{rel}","templated":true}]}}