{"id":23689,"date":"2022-04-04T14:05:38","date_gmt":"2022-04-04T17:05:38","guid":{"rendered":"https:\/\/grandepremio.com\/es\/2022\/04\/04\/pierre-gasly-helmut-marko-alphatauri\/"},"modified":"2022-04-04T14:12:21","modified_gmt":"2022-04-04T17:12:21","slug":"pierre-gasly-helmut-marko-alphatauri","status":"publish","type":"post","link":"https:\/\/grandepremio.com\/es\/f1\/pierre-gasly-helmut-marko-alphatauri\/","title":{"rendered":"Gasly elogia a Marko, pero apunta: \u201cNo concuerdo con todo lo que dice\u201d"},"content":{"rendered":"\n<p class=\"wp-block-paragraph\">Pierre Gasly se sincer\u00f3 sobre su relaci\u00f3n con el asesor de Red Bull, Helmut Marko. Respaldado por los austr\u00edacos durante gran parte de su carrera, el franc\u00e9s fue ascendido al equipo en 2019, sin embargo, media temporada despu\u00e9s de su debut fue degradado de nuevo a Toro Rosso -actual AlphaTauri- debido a su bajo rendimiento. Ahora, con 26 a\u00f1os, Gasly elogi\u00f3 a Marko, pero recalc\u00f3 que no siempre est\u00e1 de acuerdo con las controvertidas opiniones del directivo.<\/p>\n\n\n\n<p class=\"wp-block-paragraph\">&#8220;Me llevo bien con \u00e9l. Es una persona muy directa, lo cual es bueno, porque no hay filtro. Eso no significa que est\u00e9 de acuerdo con todo lo que dice. Pero lo que realmente aprecio y respeto es que siempre dice su opini\u00f3n y lo que piensa&#8221;, manifest\u00f3 Gasly a &#8216;RacingNews365.com&#8217;. &#8220;No pierdes el tiempo hablando con \u00e9l porque sabes exactamente a d\u00f3nde va. Se lo agradezco mucho&#8221;, a\u00f1adi\u00f3.<\/p>\n\n\n\n<p class=\"wp-block-paragraph\">Marko admiti\u00f3 recientemente la posibilidad de que el programa de Red Bull pierda a Gasly al final de su contrato en 2023. &#8220;Si su contrato expira y no podemos ofrecerle una oportunidad para ascender, lo m\u00e1s probable es que lo perdamos, cosa que no queremos&#8221;, revel\u00f3 el asesor.<\/p>\n\n\n\n<p class=\"wp-block-paragraph\"><strong><strong>\u00a1Conoce el canal de Grande Pr\u00eamio en Espa\u00f1ol en\u00a0<a href=\"https:\/\/www.youtube.com\/channel\/UCDxWojGVUi9gWYhrY0pGbIQ\" target=\"_blank\" rel=\"noreferrer noopener\">YouTube<\/a>!<br>\u00a1Sigue a\u00a0Grande Pr\u00eamio en Espa\u00f1ol\u00a0en\u00a0<a href=\"https:\/\/twitter.com\/grandepremioES\" target=\"_blank\" rel=\"noreferrer noopener\">Twitter\u00a0<\/a>y en\u00a0<a href=\"https:\/\/www.instagram.com\/grandepremioes\/\" target=\"_blank\" rel=\"noreferrer noopener\">Instagram<\/a>!<\/strong><\/strong><\/p>\n\n\n\n<figure class=\"wp-block-image size-large\"><img decoding=\"async\" src=\"https:\/\/grandepremio.com\/es\/\/wp-content\/uploads\/2022\/01\/SI202111140521_news-1024x683.jpg\" alt=\"\" class=\"wp-image-49189\"\/><figcaption>Gasly elogi\u00f3 el car\u00e1cter de Marko, aunque manifest\u00f3 que no siempre est\u00e1 de acuerdo con el austr\u00edaco. (Foto: Getty Images\/Red Bull Content Pool)  <\/figcaption><\/figure>\n\n\n\n<p class=\"wp-block-paragraph\">En su regreso a AlphaTauri, tras una frustrante actuaci\u00f3n en el equipo matriz, el franc\u00e9s recuper\u00f3 la confianza y volvi\u00f3 a mostrar su potencial. Gasly consigui\u00f3 su primera victoria en la F\u00f3rmula 1, en el GP de Italia de 2020, y super\u00f3 la barrera de los 100 puntos en 2021.<\/p>\n\n\n\n<p class=\"wp-block-paragraph\">En AlphaTauri, el franc\u00e9s tiene a Franz Tost como jefe de equipo. Gasly tambi\u00e9n habl\u00f3 de su relaci\u00f3n con el austr\u00edaco y cont\u00f3 una an\u00e9cdota personal, para ejemplificar el tipo de din\u00e1mica que tiene con el superior del equipo. &#8220;(La relaci\u00f3n) evolucion\u00f3 mucho desde que empec\u00e9. Recuerdo que en la Navidad de 2017 -tras mis primeras cinco carreras en la F1- tuve una reuni\u00f3n con \u00e9l en la oficina de Faenza. B\u00e1sicamente me dijo que no pod\u00eda disfrutar del descanso de pretemporada, que ten\u00eda que estar pensando en la F\u00f3rmula 1 las 24 horas del d\u00eda&#8221;, revel\u00f3.<\/p>\n\n\n\n<p class=\"wp-block-paragraph\">&#8220;Fue una conversaci\u00f3n muy, muy profunda con \u00e9l y pude ver que es una persona dedicada y comprometida, lo cual me gusta. Despu\u00e9s, descubrimos y aprendimos un poco m\u00e1s el uno del otro: c\u00f3mo trabajo, la libertad que necesito -porque necesito mi espacio, necesito ser yo- y lo que \u00e9l necesita tambi\u00e9n&#8221;, analiz\u00f3 el conductor. &#8220;A fin de cuentas, ambos tenemos el mismo objetivo. Queremos motivar a todos los miembros del equipo desde el principio. Creo que ahora tenemos una buena visi\u00f3n y conexi\u00f3n. Me gusta mucho trabajar con \u00e9l&#8221;, a\u00f1adi\u00f3.<\/p>\n\n\n\n<p class=\"wp-block-paragraph\"><strong>VER TAMBI\u00c9N<\/strong><\/p>\n\n\n\n<p class=\"wp-block-paragraph\"><strong><a href=\"https:\/\/grandepremio.com\/es\/\/f1\/max-verstappen-charles-leclerc-arabia\/\">Verstappen supera a Leclerc en vueltas finales y gana GP de Arabia Saudita<\/a><\/strong><a href=\"https:\/\/grandepremio.com\/es\/\/f1\/mick-schumacher-haas-arabia-123\/\"><br><\/a><strong><a href=\"https:\/\/grandepremio.com\/es\/\/f1\/red-bull-posibilidad-perder-gasly-final-contrato-2023\/\">Red Bull admite posibilidad de perder a Gasly al final del contrato en 2023<\/a><\/strong><\/p>\n\n\n\n<figure class=\"wp-block-image size-large\"><img decoding=\"async\" src=\"https:\/\/grandepremio.com\/es\/\/wp-content\/uploads\/2022\/04\/SI202202200149_news-1024x683.jpg\" alt=\"\" class=\"wp-image-58879\"\/><figcaption>Pierre Gasly tambi\u00e9n se explay\u00f3 sobre su relaci\u00f3n con Franz Tost, jefe de AlphaTauri. (Foto: Red Bull Content Pool) <\/figcaption><\/figure>\n\n\n\n<p class=\"wp-block-paragraph\">Por \u00faltimo, Gasly evit\u00f3 predecir sus futuros pasos en la F\u00f3rmula 1. El joven de 26 a\u00f1os dej\u00f3 claro que el enfoque est\u00e1 completamente en la temporada 2022 de la categor\u00eda y destac\u00f3 la importancia de &#8220;trabajar duro&#8221; en el clima actual del deporte.<\/p>\n\n\n\n<p class=\"wp-block-paragraph\">&#8220;Como piloto, creo que el enfoque y la mentalidad siempre tienen que ser hacer lo mejor con el auto que tenemos. Trabajas toda tu vida con un prop\u00f3sito: ser la mejor versi\u00f3n de ti mismo y el mejor piloto que puedas ser. Tambi\u00e9n es importante tener las herramientas adecuadas para poder demostrarlo. Mi objetivo es ganar carreras, y para ganar carreras, necesitas un auto que pueda hacerlo. De momento, mi cabeza est\u00e1 en sacar el m\u00e1ximo partido al auto que tengo ahora, porque eso es lo que marcar\u00e1 la diferencia en lo que suceda en los pr\u00f3ximos a\u00f1os&#8221;, concluy\u00f3 el franc\u00e9s.<\/p>\n","protected":false},"excerpt":{"rendered":"<p>Pierre Gasly ensalz\u00f3 el car\u00e1cter de Helmut Marko, el siempre exigente asesor de Red Bull, aunque admiti\u00f3 que a veces tienen diferencias. <\/p>\n","protected":false},"author":0,"featured_media":1010058878,"comment_status":"closed","ping_status":"closed","sticky":false,"template":"","format":"standard","meta":{"42wp_featured_image_caption":"","42wp_featured_image_credits":"","42wp_featured_video":"","42wp_featured_image_hidden":false,"42wp_authors_list":[],"footnotes":""},"categories":[5],"tags":[181,1495,179,1439,1425,1358,427,206,368],"42wp_author":[14223],"class_list":["post-23689","post","type-post","status-publish","format-standard","has-post-thumbnail","hentry","category-f1","tag-f1","tag-f1-2022","tag-formula-1","tag-formula-1-2022","tag-franz-tost","tag-helmut-marko","tag-pierre-gasly","tag-red-bull","tag-yuki-tsunoda","42wp_author-esteban-nieto"],"_links":{"self":[{"href":"https:\/\/grandepremio.com\/es\/wp-json\/wp\/v2\/posts\/23689","targetHints":{"allow":["GET"]}}],"collection":[{"href":"https:\/\/grandepremio.com\/es\/wp-json\/wp\/v2\/posts"}],"about":[{"href":"https:\/\/grandepremio.com\/es\/wp-json\/wp\/v2\/types\/post"}],"replies":[{"embeddable":true,"href":"https:\/\/grandepremio.com\/es\/wp-json\/wp\/v2\/comments?post=23689"}],"version-history":[{"count":0,"href":"https:\/\/grandepremio.com\/es\/wp-json\/wp\/v2\/posts\/23689\/revisions"}],"wp:featuredmedia":[{"embeddable":true,"href":"https:\/\/grandepremio.com\/es\/wp-json\/wp\/v2\/media\/1010058878"}],"wp:attachment":[{"href":"https:\/\/grandepremio.com\/es\/wp-json\/wp\/v2\/media?parent=23689"}],"wp:term":[{"taxonomy":"category","embeddable":true,"href":"https:\/\/grandepremio.com\/es\/wp-json\/wp\/v2\/categories?post=23689"},{"taxonomy":"post_tag","embeddable":true,"href":"https:\/\/grandepremio.com\/es\/wp-json\/wp\/v2\/tags?post=23689"},{"taxonomy":"42wp_author","embeddable":true,"href":"https:\/\/grandepremio.com\/es\/wp-json\/wp\/v2\/42wp_author?post=23689"}],"curies":[{"name":"wp","href":"https:\/\/api.w.org\/{rel}","templated":true}]}}