{"id":23696,"date":"2022-04-03T17:19:47","date_gmt":"2022-04-03T20:19:47","guid":{"rendered":"https:\/\/grandepremio.com\/es\/2022\/04\/03\/reis-pazzini-ganan-tcr-sudamericano\/"},"modified":"2022-04-03T17:27:38","modified_gmt":"2022-04-03T20:27:38","slug":"reis-pazzini-ganan-tcr-sudamericano","status":"publish","type":"post","link":"https:\/\/grandepremio.com\/es\/tcr-south-america\/reis-pazzini-ganan-tcr-sudamericano\/","title":{"rendered":"Reis y Pezzini ganan las primeras carreras del TCR Sudamericano en Velocitta"},"content":{"rendered":"\n<p class=\"wp-block-paragraph\">El brasile\u00f1o Raphael Reis gan\u00f3 la primera de las dos carreras del TCR Sudamericano de este domingo en Velocitta, en el estado brasile\u00f1o de S\u00e3o Paulo. Saliendo desde la pole position, el piloto de W2 ProGP no dio ninguna oportunidad a sus rivales para ganar la carrera. Los argentinos Fabricio Pezzini y Juan \u00c1ngel Rosso completaron el podio en la primera carrera, con Antonio Junqueira y Gabriel Luisqui\u00f1os completando los cinco primeros.<\/p>\n\n\n\n<p class=\"wp-block-paragraph\">La segunda carrera del domingo fue m\u00e1s agitada. Con los 10 primeros de la parrilla invertidos desde la primera disputa, el brasile\u00f1o Fabio Casagrande sali\u00f3 desde la pole position, con el argentino Fabio Farina a su lado en la primera fila. Sin embargo, Farina no pudo arrancar por problemas de motor, lo que provoc\u00f3 que los dem\u00e1s pilotos se tocaran y provocara la llamada del coche de seguridad.<\/p>\n\n\n\n<p class=\"wp-block-paragraph\"><strong><strong><strong>\u00a1Conoce el canal de Grande Pr\u00eamio en Espa\u00f1ol en\u00a0<a href=\"https:\/\/www.youtube.com\/channel\/UCDxWojGVUi9gWYhrY0pGbIQ\" target=\"_blank\" rel=\"noreferrer noopener\">YouTube<\/a>!<br>\u00a1Sigue a\u00a0Grande Pr\u00eamio en Espa\u00f1ol\u00a0en\u00a0<a href=\"https:\/\/twitter.com\/grandepremioES\" target=\"_blank\" rel=\"noreferrer noopener\">Twitter\u00a0<\/a>y en\u00a0<a href=\"https:\/\/www.instagram.com\/grandepremioes\/\" target=\"_blank\" rel=\"noreferrer noopener\">Instagram<\/a>!<\/strong><\/strong><\/strong><\/p>\n\n\n\n<figure class=\"wp-block-image size-large\"><img decoding=\"async\" src=\"https:\/\/www.grandepremio.com\/br\/wp-content\/uploads\/2022\/04\/FPbNLrGWYAU7OHQ-1024x766.jpg\" alt=\"\" class=\"wp-image-554898\"\/><figcaption>Fabricio Pezzini gan\u00f3 la segunda carrera del TCR Sudamericano (Foto: PMO Motorsport)<\/figcaption><\/figure>\n\n\n\n<p class=\"wp-block-paragraph\"><strong>VER TAMBI\u00c9N:\u00a0<br><a href=\"https:\/\/grandepremio.com\/es\/\/f1\/sepang-malasia-formula-1\/\">Sepang descarta planes de volver a ser sede del GP de Malasia de F\u00f3rmula 1<br><\/a><a href=\"https:\/\/grandepremio.com\/es\/\/f1\/zak-brown-critica-monaco-f1\/\">Zak Brown critica la presencia de M\u00f3naco en el calendario: &#8220;La F1 es m\u00e1s grande que el GP&#8221;<\/a><\/strong><\/p>\n\n\n\n<p class=\"wp-block-paragraph\">Casagrande iba en cabeza hasta que un toque con Antonio Junqueira puso fin a su carrera. Pablo Otero tom\u00f3 la delantera, pero no pudo contener al d\u00fao de PMO Motorsport, y Fabricio Pezzini y Manuel Sapag hicieron el doblete en la segunda etapa. Otero termin\u00f3 tercero para completar un podio completo de argentinos. Raphael Reis y Pedro Aizza completaron el top-5.<\/p>\n\n\n\n<p class=\"wp-block-paragraph\">La pr\u00f3xima ronda del TCR Sudamericano tendr\u00e1 lugar entre el 30 de abril y el 1 de mayo en el circuito de Interlagos, en la ciudad de S\u00e3o Paulo.<\/p>\n","protected":false},"excerpt":{"rendered":"<p>El brasile\u00f1o Raphael Reis gan\u00f3 la primera carrera de la categor\u00eda de punta a punta, mientras que el argentino Fabrizio Pezzini termin\u00f3 el domingo con un segundo puesto y una victoria en Velocitta.<\/p>\n","protected":false},"author":0,"featured_media":1010058849,"comment_status":"closed","ping_status":"closed","sticky":false,"template":"","format":"standard","meta":{"42wp_featured_image_caption":"","42wp_featured_image_credits":"","42wp_featured_video":"","42wp_featured_image_hidden":false,"42wp_authors_list":[],"footnotes":""},"categories":[6],"tags":[2450,1488,2237,2451,2452,1320,2453],"42wp_author":[14234],"class_list":["post-23696","post","type-post","status-publish","format-standard","has-post-thumbnail","hentry","category-tcr-south-america","tag-fabricio-pezzini","tag-grande-premio","tag-grandepremio","tag-raphael-reis","tag-tcr-2022","tag-tcr-sudamericano","tag-velocitta","42wp_author-douglas-rocha"],"_links":{"self":[{"href":"https:\/\/grandepremio.com\/es\/wp-json\/wp\/v2\/posts\/23696","targetHints":{"allow":["GET"]}}],"collection":[{"href":"https:\/\/grandepremio.com\/es\/wp-json\/wp\/v2\/posts"}],"about":[{"href":"https:\/\/grandepremio.com\/es\/wp-json\/wp\/v2\/types\/post"}],"replies":[{"embeddable":true,"href":"https:\/\/grandepremio.com\/es\/wp-json\/wp\/v2\/comments?post=23696"}],"version-history":[{"count":0,"href":"https:\/\/grandepremio.com\/es\/wp-json\/wp\/v2\/posts\/23696\/revisions"}],"wp:featuredmedia":[{"embeddable":true,"href":"https:\/\/grandepremio.com\/es\/wp-json\/wp\/v2\/media\/1010058849"}],"wp:attachment":[{"href":"https:\/\/grandepremio.com\/es\/wp-json\/wp\/v2\/media?parent=23696"}],"wp:term":[{"taxonomy":"category","embeddable":true,"href":"https:\/\/grandepremio.com\/es\/wp-json\/wp\/v2\/categories?post=23696"},{"taxonomy":"post_tag","embeddable":true,"href":"https:\/\/grandepremio.com\/es\/wp-json\/wp\/v2\/tags?post=23696"},{"taxonomy":"42wp_author","embeddable":true,"href":"https:\/\/grandepremio.com\/es\/wp-json\/wp\/v2\/42wp_author?post=23696"}],"curies":[{"name":"wp","href":"https:\/\/api.w.org\/{rel}","templated":true}]}}