{"id":23716,"date":"2022-04-01T15:46:37","date_gmt":"2022-04-01T18:46:37","guid":{"rendered":"https:\/\/grandepremio.com\/es\/2022\/04\/01\/nakagami-negativo-covid-gp-argentina\/"},"modified":"2022-04-01T15:46:38","modified_gmt":"2022-04-01T18:46:38","slug":"nakagami-negativo-covid-gp-argentina","status":"publish","type":"post","link":"https:\/\/grandepremio.com\/es\/motogp\/nakagami-negativo-covid-gp-argentina\/","title":{"rendered":"Nakagami da negativo en las pruebas de Covid-19 y viaja al GP de Argentina"},"content":{"rendered":"\n<p class=\"wp-block-paragraph\">Los problemas log\u00edsticos a los que se enfrent\u00f3 el MotoGP para celebrar el GP de Argentina permitieron un cambio de rumbo a Takaaki Nakagami. Tras perderse la etapa de Termas de R\u00edo Hondo por un diagn\u00f3stico positivo de Covid-19, el piloto japon\u00e9s dio negativo al virus este viernes. Como consecuencia de la aver\u00eda de dos aviones de carga que transportaban material desde Indonesia, podr\u00e1 participar plenamente en la carrera de Sudam\u00e9rica.<\/p>\n\n\n\n<p class=\"wp-block-paragraph\">&#8220;Nakagami ha devuelto algunas pruebas negativas y llegar\u00e1 al paddock el s\u00e1bado por la ma\u00f1ana a tiempo para el inicio de las actividades en pista&#8221;, dijo LCR Honda en un breve comunicado publicado el viernes.<\/p>\n\n\n\n<p class=\"wp-block-paragraph\"><strong>VER TAMBI\u00c9N<br><a href=\"https:\/\/grandepremio.com\/es\/\/motogp\/alex-cita-mejora-marc-marquez\/\">\u00c1lex cita la mejora de Marc M\u00e1rquez, pero revela: &#8220;Nunca le he visto tan deprimido&#8221;<\/a><\/strong><\/p>\n\n\n\n<figure class=\"wp-block-image size-large\"><img decoding=\"async\" src=\"https:\/\/www.grandepremio.com\/br\/wp-content\/uploads\/2022\/03\/DS_0136-1024x683.jpg\" alt=\"\" class=\"wp-image-549797\"\/><figcaption>Takaaki Nakagami fue otro de los pilotos de la parrilla con Covid-19 (Foto: Divulgaci\u00f3n\/MotoGP)<\/figcaption><\/figure>\n\n\n\n<p class=\"wp-block-paragraph\">El piloto japon\u00e9s ya est\u00e1 de camino a Argentina para participar en la tercera etapa del calendario de MotoGP de 2022. <\/p>\n\n\n\n<p class=\"wp-block-paragraph\">El MotoGP tuvo que cancelar todos los ensayos del viernes porque uno de los cinco aviones de carga que transportaban todo el material del paddock desde Lombok (Indonesia) hasta Tucum\u00e1n (Argentina) se averi\u00f3 durante una escala en Mombasa (Kenia). El Mundial lleg\u00f3 a enviar una aeronave para recoger los contenedores, pero este segundo aparato tambi\u00e9n se averi\u00f3 y la \u00fanica alternativa fue esperar a que lo repararan.<\/p>\n\n\n\n<p class=\"wp-block-paragraph\"><strong><strong><strong>\u00a1Conoce el canal de Grande Pr\u00eamio en Espa\u00f1ol en\u00a0<a href=\"https:\/\/www.youtube.com\/channel\/UCDxWojGVUi9gWYhrY0pGbIQ\" target=\"_blank\" rel=\"noreferrer noopener\">YouTube<\/a>!<br>\u00a1Sigue a\u00a0Grande Pr\u00eamio en Espa\u00f1ol\u00a0en\u00a0<a href=\"https:\/\/twitter.com\/grandepremioES\" target=\"_blank\" rel=\"noreferrer noopener\">Twitter\u00a0<\/a>y en\u00a0<a href=\"https:\/\/www.instagram.com\/grandepremioes\/\" target=\"_blank\" rel=\"noreferrer noopener\">Instagram<\/a>!<\/strong><\/strong><\/strong><\/p>\n\n\n\n<p class=\"wp-block-paragraph\">Con esto, el Campeonato Mundial tuvo que reestructurar su calendario en Termas de R\u00edo Hondo. El s\u00e1bado est\u00e1 previsto que haya muchas sesiones de entrenamientos, tanto para la categor\u00eda principal como para Moto2 y Moto3.<\/p>\n","protected":false},"excerpt":{"rendered":"<p>El piloto japon\u00e9s se recuper\u00f3 del coronavirus a tiempo para participar plenamente en los preparativos de la etapa de MotoGP en Termas de R\u00edo Hondo.<\/p>\n","protected":false},"author":0,"featured_media":1010058208,"comment_status":"closed","ping_status":"closed","sticky":false,"template":"","format":"standard","meta":{"42wp_featured_image_caption":"","42wp_featured_image_credits":"","42wp_featured_video":"","42wp_featured_image_hidden":false,"42wp_authors_list":[],"footnotes":""},"categories":[8],"tags":[2432,1488,2237,2198,1293,1341,2308,1520,1444],"42wp_author":[14234],"class_list":["post-23716","post","type-post","status-publish","format-standard","has-post-thumbnail","hentry","category-motogp","tag-gp-de-argentina-de-motogp","tag-grande-premio","tag-grandepremio","tag-lcr-honda","tag-motogp","tag-motogp-2022","tag-motogp-hoy","tag-takaaki-nakagami","tag-termas-de-rio-hondo","42wp_author-douglas-rocha"],"_links":{"self":[{"href":"https:\/\/grandepremio.com\/es\/wp-json\/wp\/v2\/posts\/23716","targetHints":{"allow":["GET"]}}],"collection":[{"href":"https:\/\/grandepremio.com\/es\/wp-json\/wp\/v2\/posts"}],"about":[{"href":"https:\/\/grandepremio.com\/es\/wp-json\/wp\/v2\/types\/post"}],"replies":[{"embeddable":true,"href":"https:\/\/grandepremio.com\/es\/wp-json\/wp\/v2\/comments?post=23716"}],"version-history":[{"count":0,"href":"https:\/\/grandepremio.com\/es\/wp-json\/wp\/v2\/posts\/23716\/revisions"}],"wp:featuredmedia":[{"embeddable":true,"href":"https:\/\/grandepremio.com\/es\/wp-json\/wp\/v2\/media\/1010058208"}],"wp:attachment":[{"href":"https:\/\/grandepremio.com\/es\/wp-json\/wp\/v2\/media?parent=23716"}],"wp:term":[{"taxonomy":"category","embeddable":true,"href":"https:\/\/grandepremio.com\/es\/wp-json\/wp\/v2\/categories?post=23716"},{"taxonomy":"post_tag","embeddable":true,"href":"https:\/\/grandepremio.com\/es\/wp-json\/wp\/v2\/tags?post=23716"},{"taxonomy":"42wp_author","embeddable":true,"href":"https:\/\/grandepremio.com\/es\/wp-json\/wp\/v2\/42wp_author?post=23716"}],"curies":[{"name":"wp","href":"https:\/\/api.w.org\/{rel}","templated":true}]}}