{"id":23721,"date":"2022-04-01T11:56:48","date_gmt":"2022-04-01T14:56:48","guid":{"rendered":"https:\/\/grandepremio.com\/es\/2022\/04\/01\/alex-cita-mejora-marc-marquez\/"},"modified":"2022-04-01T11:56:50","modified_gmt":"2022-04-01T14:56:50","slug":"alex-cita-mejora-marc-marquez","status":"publish","type":"post","link":"https:\/\/grandepremio.com\/es\/motogp\/alex-cita-mejora-marc-marquez\/","title":{"rendered":"\u00c1lex cita la mejora de Marc M\u00e1rquez, pero revela: &#8220;Nunca le he visto tan deprimido&#8221;"},"content":{"rendered":"\n<p class=\"wp-block-paragraph\">\u00c1lex M\u00e1rquez dijo que nunca hab\u00eda visto a su hermano Marc tan deprimido como en los primeros d\u00edas tras su fuerte ca\u00edda en el warm up del GP de Indonesia de MotoGP. El piloto del LCR Honda dijo que el seis veces campe\u00f3n de la categor\u00eda reina estaba muy disgustado por volver a sufrir diplop\u00eda, un s\u00edntoma que le hace ver todo doblado.<\/p>\n\n\n\n<p class=\"wp-block-paragraph\">El mayor de los M\u00e1rquez sufri\u00f3 una fuerte ca\u00edda en Mandalika el domingo por la ma\u00f1ana. Tras examinarlo, finalmente los m\u00e9dicos los descartaron de la carrera debido a una conmoci\u00f3n cerebral. A su regreso a Espa\u00f1a, <a href=\"https:\/\/grandepremio.com\/es\/\/motogp\/marc-marquez-ausencia-gp-argentina\/\">el oftalm\u00f3logo que acompa\u00f1a habitualmente al #93 confirm\u00f3 la vuelta del s\u00edntoma, que impide a Marc correr en Argentina este fin de semana<\/a>.<\/p>\n\n\n\n<figure class=\"wp-block-image size-large\"><img decoding=\"async\" src=\"https:\/\/www.grandepremio.com\/br\/wp-content\/uploads\/2022\/02\/73-Alex-Marquez-DSC02781-1024x683.jpg\" alt=\"\" class=\"wp-image-541470\"\/><figcaption>\u00c1lex M\u00e1rquez ha informado de una mejora en el estado de \u00e1nimo de Marc M\u00e1rquez (Foto: Divulgaci\u00f3n\/MotoGP)<\/figcaption><\/figure>\n\n\n\n<p class=\"wp-block-paragraph\"><strong><strong><strong>\u00a1Conoce el canal de Grande Pr\u00eamio en Espa\u00f1ol en\u00a0<a href=\"https:\/\/www.youtube.com\/channel\/UCDxWojGVUi9gWYhrY0pGbIQ\" target=\"_blank\" rel=\"noreferrer noopener\">YouTube<\/a>!<br>\u00a1Sigue a\u00a0Grande Pr\u00eamio en Espa\u00f1ol\u00a0en\u00a0<a href=\"https:\/\/twitter.com\/grandepremioES\" target=\"_blank\" rel=\"noreferrer noopener\">Twitter\u00a0<\/a>y en\u00a0<a href=\"https:\/\/www.instagram.com\/grandepremioes\/\" target=\"_blank\" rel=\"noreferrer noopener\">Instagram<\/a>!<\/strong><\/strong><\/strong><\/p>\n\n\n\n<p class=\"wp-block-paragraph\">En declaraciones a la prensa en Termas de R\u00edo Hondo, \u00c1lex dijo que su hermano estaba bastante afectado al principio, pero que estaba recuperando el \u00e1nimo al notar una mejora en su visi\u00f3n. La recuperaci\u00f3n de la diplop\u00eda puede durar de semanas a meses.<\/p>\n\n\n\n<p class=\"wp-block-paragraph\">&#8220;El primer d\u00eda era normal que estuviera tan deca\u00eddo, nunca le hab\u00eda visto tan deprimido, pero afortunadamente la mejor\u00eda se est\u00e1 produciendo&#8221;, dijo el menor de los M\u00e1rquez.<\/p>\n\n\n\n<p class=\"wp-block-paragraph\">\u00c1lex cont\u00f3 que, tras la noticia de <a href=\"https:\/\/grandepremio.com\/es\/\/motogp\/motogp-cancela-viernes-entrenamientos-sabado-problemas\/\">la cancelaci\u00f3n de la sesi\u00f3n de ensayos del viernes en Termas de R\u00edo Hondo por problemas log\u00edsticos<\/a>, lleg\u00f3 a bromear con su hermano sobre si tendr\u00eda un poco m\u00e1s de tiempo para llegar a Argentina.<\/p>\n\n\n\n<p class=\"wp-block-paragraph\"><strong>VER TAMBI\u00c9N<br><a href=\"https:\/\/grandepremio.com\/es\/\/motogp\/ha-llegado-momento-marc-marquez-se-retire\/\">Nuevo accidente y visi\u00f3n doble: \u00bfha llegado el momento de que Marc M\u00e1rquez se retire?<\/a><\/strong><\/p>\n\n\n\n<p class=\"wp-block-paragraph\">&#8220;Se siente muy bien. Esta ma\u00f1ana, cuando vi el nuevo horario, incluso brome\u00e9 con \u00e9l: &#8216;As\u00ed tienes un d\u00eda m\u00e1s para ponerte en forma y venir aqu\u00ed&#8217;. Lo hice como una broma y para tratar de hacerlo m\u00e1s feliz. Y \u00e9l me contest\u00f3: &#8216;Todav\u00eda no'&#8221;, relat\u00f3. &#8220;Ha notado cierta mejor\u00eda y eso es muy bueno para su curaci\u00f3n. Espero verle de vuelta muy pronto. Es mi hermano y quiero verlo en la pista&#8221;, defendi\u00f3.<\/p>\n\n\n\n<p class=\"wp-block-paragraph\">Marc M\u00e1rquez ha tenido una serie de ca\u00eddas en los \u00faltimos a\u00f1os, la m\u00e1s reciente el 20 de marzo. Durante la sesi\u00f3n de calentamiento en Indonesia, fue &#8220;catapultado&#8221; de su moto.<\/p>\n\n\n\n<p class=\"wp-block-paragraph\">&#8220;Para los pilotos de Honda, tambi\u00e9n es bueno tenerlo siempre en la pista, poniendo la moto al l\u00edmite. Por suerte, en los \u00faltimos d\u00edas ha tenido una evoluci\u00f3n muy favorable, como dijo el m\u00e9dico. Eso tambi\u00e9n lo hace m\u00e1s favorable para \u00e9l. A ver si tiene suerte y puede recuperarse bien&#8221;, concluy\u00f3 \u00c1lex.<\/p>\n\n\n\n<figure class=\"wp-block-video\"><video class=\"video-js vjs-big-play-centered\" data-gp-vjs=\"1\" controls src=\"https:\/\/www.grandepremio.com\/br\/wp-content\/uploads\/2022\/03\/MotoGP-2022-Indonesia-Warm-Up-Honda-Marc-Marquez.mp4\"><\/video><figcaption>Marc M\u00e1rquez fue catapultado de la Honda en una fuerte ca\u00edda en el warm up (V\u00eddeo: Reproducci\u00f3n\/MotoGP)<\/figcaption><\/figure>\n","protected":false},"excerpt":{"rendered":"<p>El piloto del LCR Honda cont\u00f3 que el seis veces campe\u00f3n de MotoGP estaba bastante afectado por el regreso de la diplop\u00eda, pero ha recuperado algo de moral al notar una mejora en su estado cl\u00ednico.<\/p>\n","protected":false},"author":0,"featured_media":1010058190,"comment_status":"closed","ping_status":"closed","sticky":false,"template":"","format":"standard","meta":{"42wp_featured_image_caption":"","42wp_featured_image_credits":"","42wp_featured_video":"","42wp_featured_image_hidden":false,"42wp_authors_list":[],"footnotes":""},"categories":[8],"tags":[2431,2432,221,1392,1293,1341,2308,1444],"42wp_author":[14234],"class_list":["post-23721","post","type-post","status-publish","format-standard","has-post-thumbnail","hentry","category-motogp","tag-alex-marquez-2","tag-gp-de-argentina-de-motogp","tag-honda","tag-marc-marquez-2","tag-motogp","tag-motogp-2022","tag-motogp-hoy","tag-termas-de-rio-hondo","42wp_author-douglas-rocha"],"_links":{"self":[{"href":"https:\/\/grandepremio.com\/es\/wp-json\/wp\/v2\/posts\/23721","targetHints":{"allow":["GET"]}}],"collection":[{"href":"https:\/\/grandepremio.com\/es\/wp-json\/wp\/v2\/posts"}],"about":[{"href":"https:\/\/grandepremio.com\/es\/wp-json\/wp\/v2\/types\/post"}],"replies":[{"embeddable":true,"href":"https:\/\/grandepremio.com\/es\/wp-json\/wp\/v2\/comments?post=23721"}],"version-history":[{"count":0,"href":"https:\/\/grandepremio.com\/es\/wp-json\/wp\/v2\/posts\/23721\/revisions"}],"wp:featuredmedia":[{"embeddable":true,"href":"https:\/\/grandepremio.com\/es\/wp-json\/wp\/v2\/media\/1010058190"}],"wp:attachment":[{"href":"https:\/\/grandepremio.com\/es\/wp-json\/wp\/v2\/media?parent=23721"}],"wp:term":[{"taxonomy":"category","embeddable":true,"href":"https:\/\/grandepremio.com\/es\/wp-json\/wp\/v2\/categories?post=23721"},{"taxonomy":"post_tag","embeddable":true,"href":"https:\/\/grandepremio.com\/es\/wp-json\/wp\/v2\/tags?post=23721"},{"taxonomy":"42wp_author","embeddable":true,"href":"https:\/\/grandepremio.com\/es\/wp-json\/wp\/v2\/42wp_author?post=23721"}],"curies":[{"name":"wp","href":"https:\/\/api.w.org\/{rel}","templated":true}]}}