{"id":23728,"date":"2022-03-31T11:25:26","date_gmt":"2022-03-31T14:25:26","guid":{"rendered":"https:\/\/grandepremio.com\/es\/2022\/03\/31\/takaaki-nakagami-argentina-motogp\/"},"modified":"2022-03-31T12:00:38","modified_gmt":"2022-03-31T15:00:38","slug":"takaaki-nakagami-argentina-motogp","status":"publish","type":"post","link":"https:\/\/grandepremio.com\/es\/motogp\/takaaki-nakagami-argentina-motogp\/","title":{"rendered":"Nakagami da positivo en test de Covid-19 y no correr\u00e1 el GP de Argentina"},"content":{"rendered":"\n<p class=\"wp-block-paragraph\">El Covid-19 sigue trastocando los planes de los pilotos en varias categor\u00edas. Ahora, dos a\u00f1os despu\u00e9s del inicio de la pandemia, Takaaki Nakagami fue quien dio positivo en su test de la enfermedad y, por lo tanto, se perder\u00e1 la pr\u00f3xima fecha de MotoGP.<\/p>\n\n\n\n<p class=\"wp-block-paragraph\">En un breve comunicado publicado este jueves, el equipo LCR Honda confirm\u00f3 que el piloto japon\u00e9s dio positivo por Covid-19 antes de viajar a Argentina, sede de la pr\u00f3xima carrera.<\/p>\n\n\n\n<p class=\"wp-block-paragraph\">El equipo tambi\u00e9n declar\u00f3 que Nakagami no ten\u00eda s\u00edntomas y que se hab\u00eda sometido a dos pruebas m\u00e1s para asegurar el resultado. Sin embargo, ambos confirmaron la presencia del virus en el cuerpo del atleta. Con esto, no estar\u00e1 presente en la etapa que se celebrar\u00e1 en el circuito de Termas de R\u00edo Hondo este fin de semana.<\/p>\n\n\n\n<p class=\"wp-block-paragraph\"><strong><strong>\u00a1Conoce el canal de Grande Pr\u00eamio en Espa\u00f1ol en\u00a0<a href=\"https:\/\/www.youtube.com\/channel\/UCDxWojGVUi9gWYhrY0pGbIQ\" target=\"_blank\" rel=\"noreferrer noopener\">YouTube<\/a>!<br>\u00a1Sigue a\u00a0Grande Pr\u00eamio en Espa\u00f1ol\u00a0en\u00a0<a href=\"https:\/\/twitter.com\/grandepremioES\" target=\"_blank\" rel=\"noreferrer noopener\">Twitter\u00a0<\/a>y en\u00a0<a href=\"https:\/\/www.instagram.com\/grandepremioes\/\" target=\"_blank\" rel=\"noreferrer noopener\">Instagram<\/a>!<\/strong><\/strong><\/p>\n\n\n\n<figure class=\"wp-block-video\"><video class=\"video-js vjs-big-play-centered\" data-gp-vjs=\"1\" controls src=\"https:\/\/www.grandepremio.com\/br\/wp-content\/uploads\/2022\/03\/MotoGP-2022-Indonesia-Warm-Up-Honda-Marc-Marquez.mp4\"><\/video><figcaption>Marc M\u00e1rquez sali\u00f3 disparado de su Honda durante una ca\u00edda durante el calentamiento previo para el GP de Indonesia. (V\u00eddeo: Reproducci\u00f3n\/MotoGP)<\/figcaption><\/figure>\n\n\n\n<p class=\"wp-block-paragraph\"><strong>VER TAMBI\u00c9N<br><a href=\"https:\/\/grandepremio.com\/es\/\/motogp\/ha-llegado-momento-marc-marquez-se-retire\/\">Nuevo accidente y visi\u00f3n doble: \u00bfha llegado el momento de que Marc M\u00e1rquez se retire?<\/a><\/strong><\/p>\n\n\n\n<p class=\"wp-block-paragraph\">&#8220;Lamentablemente, no podr\u00e9 correr en Argentina este fin de semana. Di positivo justo antes de viajar. Lo siento por el equipo, los patrocinadores y los aficionados. No tengo ning\u00fan s\u00edntoma y me siento bien, s\u00f3lo estoy triste y decepcionado. Espero volver a la pista en Austin para el GP de las Am\u00e9ricas&#8221;, asegur\u00f3 el piloto japon\u00e9s. Nakagami es el segundo piloto de MotoGP que se ausentar\u00e1 en la competencia de Santiago del Estero. Esta semana, Marc M\u00e1rquez tambi\u00e9n confirm\u00f3 que no correr\u00e1, debido a que contin\u00faa su recuperaci\u00f3n en Espa\u00f1a de un trastorno de visi\u00f3n doble. <\/p>\n\n\n\n<p class=\"wp-block-paragraph\">Por el momento, LCR Honda no confirm\u00f3 si llamar\u00e1 a alguien para sustituir a Nakagami. Sin embargo, debido a la falta de tiempo, es probable que el equipo conf\u00ede \u00fanicamente en \u00c1lex M\u00e1rquez para la tercera prueba del Campeonato del Mundo.<\/p>\n","protected":false},"excerpt":{"rendered":"<p>Tras la baja de Marc M\u00e1rquez, el GP de Argentina de MotoGP tendr\u00e1 otro ausente: Takaaki Nakagami dio positivo en un test de Covid-19.<\/p>\n","protected":false},"author":0,"featured_media":1010053768,"comment_status":"closed","ping_status":"closed","sticky":false,"template":"","format":"standard","meta":{"42wp_featured_image_caption":"","42wp_featured_image_credits":"","42wp_featured_video":"","42wp_featured_image_hidden":false,"42wp_authors_list":[],"footnotes":""},"categories":[8],"tags":[1445,2198,1293,1341,1520],"42wp_author":[14223],"class_list":["post-23728","post","type-post","status-publish","format-standard","has-post-thumbnail","hentry","category-motogp","tag-gp-de-argentina","tag-lcr-honda","tag-motogp","tag-motogp-2022","tag-takaaki-nakagami","42wp_author-esteban-nieto"],"_links":{"self":[{"href":"https:\/\/grandepremio.com\/es\/wp-json\/wp\/v2\/posts\/23728","targetHints":{"allow":["GET"]}}],"collection":[{"href":"https:\/\/grandepremio.com\/es\/wp-json\/wp\/v2\/posts"}],"about":[{"href":"https:\/\/grandepremio.com\/es\/wp-json\/wp\/v2\/types\/post"}],"replies":[{"embeddable":true,"href":"https:\/\/grandepremio.com\/es\/wp-json\/wp\/v2\/comments?post=23728"}],"version-history":[{"count":0,"href":"https:\/\/grandepremio.com\/es\/wp-json\/wp\/v2\/posts\/23728\/revisions"}],"wp:featuredmedia":[{"embeddable":true,"href":"https:\/\/grandepremio.com\/es\/wp-json\/wp\/v2\/media\/1010053768"}],"wp:attachment":[{"href":"https:\/\/grandepremio.com\/es\/wp-json\/wp\/v2\/media?parent=23728"}],"wp:term":[{"taxonomy":"category","embeddable":true,"href":"https:\/\/grandepremio.com\/es\/wp-json\/wp\/v2\/categories?post=23728"},{"taxonomy":"post_tag","embeddable":true,"href":"https:\/\/grandepremio.com\/es\/wp-json\/wp\/v2\/tags?post=23728"},{"taxonomy":"42wp_author","embeddable":true,"href":"https:\/\/grandepremio.com\/es\/wp-json\/wp\/v2\/42wp_author?post=23728"}],"curies":[{"name":"wp","href":"https:\/\/api.w.org\/{rel}","templated":true}]}}