{"id":23795,"date":"2022-03-25T21:39:00","date_gmt":"2022-03-26T00:39:00","guid":{"rendered":"https:\/\/grandepremio.com\/es\/2022\/03\/25\/pilotos-deciden-correr-gp-arabia-saudita\/"},"modified":"2022-03-25T21:42:04","modified_gmt":"2022-03-26T00:42:04","slug":"pilotos-deciden-correr-gp-arabia-saudita","status":"publish","type":"post","link":"https:\/\/grandepremio.com\/es\/f1\/pilotos-deciden-correr-gp-arabia-saudita\/","title":{"rendered":"Tras 4 horas de reuni\u00f3n en Jeddah, los pilotos deciden correr el GP de Arabia Saudita"},"content":{"rendered":"\n<p class=\"wp-block-paragraph\">Una reuni\u00f3n entre los pilotos se produjo en la madrugada de este s\u00e1bado en Arabia Saudita, pero no cambi\u00f3 la decisi\u00f3n <a href=\"https:\/\/grandepremio.com\/es\/\/f1\/f1-confirma-gp-arabia-saudita-ataque\/\">anunciada anteriormente por la direcci\u00f3n de la categor\u00eda<\/a>. Habr\u00e1 un GP de F\u00f3rmula 1 en Jeddah, como siempre. La confirmaci\u00f3n lleg\u00f3 cerca de las 3 de la ma\u00f1ana hora local, empezando por las declaraciones de algunos jefes de equipo, como Zak Brown y Christian Horner. Ambos fueron enf\u00e1ticos al decir que habr\u00eda carrera.<\/p>\n\n\n\n<p class=\"wp-block-paragraph\">Sin embargo, no hubo ning\u00fan anuncio oficial de la categor\u00eda ni ninguna declaraci\u00f3n de los pilotos, que se encerraron en una sala durante horas para debatir. En su cuenta de Twitter, Sergio P\u00e9rez dijo que estaba listo para la clasificaci\u00f3n del s\u00e1bado. Por sua parte, Pierre Gasly dijo a la emisora francesa Canal+ que &#8220;todo el mundo ha podido dar su opini\u00f3n y est\u00e1 alineado para seguir adelante con el programa&#8221;.<\/p>\n\n\n\n<figure class=\"wp-block-embed is-type-rich is-provider-twitter wp-block-embed-twitter\"><div class=\"wp-block-embed__wrapper\">\n<blockquote class=\"twitter-tweet\" data-width=\"500\" data-dnt=\"true\"><p lang=\"es\" dir=\"ltr\">Ready and totally focused for tomorrow\u2019s qualy! \ud83d\udcaa<br><br>Listo y con todo el enfoque en la calificaci\u00f3n de ma\u00f1ana <a href=\"https:\/\/x.com\/hashtag\/SaudiArabianGP?src=hash&amp;ref_src=twsrc%5Etfw\">#SaudiArabianGP<\/a> <a href=\"https:\/\/t.co\/yvx81psEvi\">pic.twitter.com\/yvx81psEvi<\/a><\/p>&mdash; Sergio P\u00e9rez (@SChecoPerez) <a href=\"https:\/\/x.com\/SChecoPerez\/status\/1507509623582085129?ref_src=twsrc%5Etfw\">March 26, 2022<\/a><\/blockquote><script async src=\"https:\/\/platform.x.com\/widgets.js\" charset=\"utf-8\"><\/script>\n<\/div><\/figure>\n\n\n\n<p class=\"wp-block-paragraph\">Todo comenz\u00f3 durante la primera sesi\u00f3n de ensayos libres, cuando una explosi\u00f3n sacudi\u00f3 una propiedad de Aramco, la compa\u00f1\u00eda petrolera de Arabia Saudita y uno de los principales patrocinadores de la F\u00f3rmula 1. <a href=\"https:\/\/grandepremio.com\/es\/\/f1\/misil-refineria-formula-1-jeddah\/\">No fue una explosi\u00f3n cualquiera<\/a>: el fuego y el humo se ve\u00edan a varios kil\u00f3metros del circuito. Pero las actividades continuaron con normalidad. La clasificaci\u00f3n de la F\u00f3rmula 2 y, a continuaci\u00f3n, la segunda sesi\u00f3n de F1, que se retras\u00f3 debido a una reuni\u00f3n entre los directores de equipo, los pilotos y los promotores.<\/p>\n\n\n\n<p class=\"wp-block-paragraph\">Poco despu\u00e9s se descubri\u00f3 que la instalaci\u00f3n era un objetivo de los Houthis, de etnia chiita. El grupo disputa el control pol\u00edtico de Yemen, respaldado por fuerzas de Ir\u00e1n. En el otro lado, una coalici\u00f3n sun\u00ed reforzada por Arabia Saudita -de ah\u00ed el motivo del ataque- y Emiratos \u00c1rabes intenta impedir que los rebeldes avancen. El conflicto se prolonga desde 2014.<\/p>\n\n\n\n<p class=\"wp-block-paragraph\"><strong><strong><strong>\u00a1Conoce el canal de Grande Pr\u00eamio en Espa\u00f1ol en\u00a0<a href=\"https:\/\/www.youtube.com\/channel\/UCDxWojGVUi9gWYhrY0pGbIQ\" target=\"_blank\" rel=\"noreferrer noopener\">YouTube<\/a>!<br>\u00a1Sigue a\u00a0Grande Pr\u00eamio en Espa\u00f1ol\u00a0en\u00a0<a href=\"https:\/\/twitter.com\/grandepremioES\" target=\"_blank\" rel=\"noreferrer noopener\">Twitter\u00a0<\/a>y en\u00a0<a href=\"https:\/\/www.instagram.com\/grandepremioes\/\" target=\"_blank\" rel=\"noreferrer noopener\">Instagram<\/a>!<\/strong><\/strong><\/strong><\/p>\n\n\n\n<figure class=\"wp-block-image size-large\"><img decoding=\"async\" src=\"https:\/\/www.grandepremio.com\/br\/wp-content\/uploads\/2022\/03\/pilotos3.jpg\" alt=\"\" class=\"wp-image-552662\"\/><figcaption>Pilotos reunidos para decidir el destino del GP de Arabia Saudita. No ha cambiado nada (Foto: Reproducci\u00f3n \/ Redes sociales)<\/figcaption><\/figure>\n\n\n\n<p class=\"wp-block-paragraph\">Nada m\u00e1s terminar la acci\u00f3n en pista, la F\u00f3rmula 1 se reuni\u00f3 en el paddock de Jeddah con las autoridades saud\u00edes. El presidente de la FIA (Federaci\u00f3n Internacional del Autom\u00f3vil), Mohammed Ben Sulayem, tambi\u00e9n estuvo presente. A la salida de la reuni\u00f3n, Domenicali confirm\u00f3 que la etapa saud\u00ed se desarrollar\u00eda con normalidad. &#8220;Personalmente, me siento absolutamente seguro&#8221;, asegur\u00f3 el dirigente.<\/p>\n\n\n\n<p class=\"wp-block-paragraph\">&#8220;Si no fuera as\u00ed, no estar\u00eda aqu\u00ed&#8221;, subray\u00f3 el jefe de la F1.<\/p>\n\n\n\n<p class=\"wp-block-paragraph\">&#8220;Somos conscientes del ataque en la estaci\u00f3n de distribuci\u00f3n de Aramco en Jeddah a primera hora de esta tarde y seguimos en contacto directo con las autoridades de seguridad saud\u00edes, as\u00ed como con la F\u00f3rmula 1 y la FIA, para garantizar toda la seguridad necesaria y que se sigan aplicando las medidas de seguridad para garantizar la integridad de todos los visitantes del GP de Arabia Saud\u00ed de F1, as\u00ed como de los pilotos, equipos y accionistas&#8221;, dice el documento subido en Twitter.<\/p>\n\n\n\n<p class=\"wp-block-paragraph\">Sin embargo, poco despu\u00e9s, los pilotos se reunieron para discutir la decisi\u00f3n de la F\u00f3rmula 1. Fueron largas horas de conversaci\u00f3n, casi cuatro, para ser exactos. En un momento dado, los directores Domenicali y Ross Brawn entraron en la discusi\u00f3n, pero un entendimiento parec\u00eda lejano. Finalmente, tambi\u00e9n se llam\u00f3 a los jefes de equipo. Tras un largo debate, se mantuvo el programa y los pilotos abandonaron finalmente el circuito hacia las 3 de la madrugada, hora local.<\/p>\n\n\n\n<figure class=\"wp-block-embed is-type-video is-provider-youtube wp-block-embed-youtube wp-embed-aspect-16-9 wp-has-aspect-ratio\"><div class=\"wp-block-embed__wrapper\">\n<iframe loading=\"lazy\" title=\"\u00bfEL FLOJO COMIENZO EN BAHREIN CONDICIONA LAS CHANCES DE RED BULL EN LA F1 2022? - GP A LAS 10\" width=\"500\" height=\"281\" src=\"https:\/\/www.youtube.com\/embed\/5Fq2acBDh_o?feature=oembed\" frameborder=\"0\" allow=\"accelerometer; autoplay; clipboard-write; encrypted-media; gyroscope; picture-in-picture; web-share\" referrerpolicy=\"strict-origin-when-cross-origin\" allowfullscreen><\/iframe>\n<\/div><figcaption>Esteban Nieto comenta si el flojo arranque en Bahrein condiciona las chances de Red Bull en la F1 2022 | GP A LAS 10<\/figcaption><\/figure>\n","protected":false},"excerpt":{"rendered":"<p>Fueron casi 4 horas de una reuni\u00f3n de pilotos, luego de directores de equipo y oficiales de la categor\u00eda que tuvo lugar en las primeras horas de la ma\u00f1ana, pero al final no cambi\u00f3 la posici\u00f3n del mundo de la F\u00f3rmula 1. As\u00ed pues, el GP de Arabia Saud\u00ed sigue su curso, incluso con los atentados ocurridos el viernes cerca del circuito.<\/p>\n","protected":false},"author":0,"featured_media":1010057447,"comment_status":"closed","ping_status":"closed","sticky":false,"template":"","format":"standard","meta":{"42wp_featured_image_caption":"","42wp_featured_image_credits":"","42wp_featured_video":"","42wp_featured_image_hidden":false,"42wp_authors_list":[],"footnotes":""},"categories":[5],"tags":[1752,2371,2398,181,1495,179,2369,1505,1488,2237,1813,427,294],"42wp_author":[14234],"class_list":["post-23795","post","type-post","status-publish","format-standard","has-post-thumbnail","hentry","category-f1","tag-aramco","tag-clasificacion-de-formula-1","tag-conflicto-arabia-saudita","tag-f1","tag-f1-2022","tag-formula-1","tag-formula-1-hoy","tag-gp-de-arabia-saudita","tag-grande-premio","tag-grandepremio","tag-jeddah","tag-pierre-gasly","tag-sergio-perez","42wp_author-douglas-rocha"],"_links":{"self":[{"href":"https:\/\/grandepremio.com\/es\/wp-json\/wp\/v2\/posts\/23795","targetHints":{"allow":["GET"]}}],"collection":[{"href":"https:\/\/grandepremio.com\/es\/wp-json\/wp\/v2\/posts"}],"about":[{"href":"https:\/\/grandepremio.com\/es\/wp-json\/wp\/v2\/types\/post"}],"replies":[{"embeddable":true,"href":"https:\/\/grandepremio.com\/es\/wp-json\/wp\/v2\/comments?post=23795"}],"version-history":[{"count":0,"href":"https:\/\/grandepremio.com\/es\/wp-json\/wp\/v2\/posts\/23795\/revisions"}],"wp:featuredmedia":[{"embeddable":true,"href":"https:\/\/grandepremio.com\/es\/wp-json\/wp\/v2\/media\/1010057447"}],"wp:attachment":[{"href":"https:\/\/grandepremio.com\/es\/wp-json\/wp\/v2\/media?parent=23795"}],"wp:term":[{"taxonomy":"category","embeddable":true,"href":"https:\/\/grandepremio.com\/es\/wp-json\/wp\/v2\/categories?post=23795"},{"taxonomy":"post_tag","embeddable":true,"href":"https:\/\/grandepremio.com\/es\/wp-json\/wp\/v2\/tags?post=23795"},{"taxonomy":"42wp_author","embeddable":true,"href":"https:\/\/grandepremio.com\/es\/wp-json\/wp\/v2\/42wp_author?post=23795"}],"curies":[{"name":"wp","href":"https:\/\/api.w.org\/{rel}","templated":true}]}}