{"id":23811,"date":"2022-03-24T15:37:57","date_gmt":"2022-03-24T18:37:57","guid":{"rendered":"https:\/\/grandepremio.com\/es\/2022\/03\/24\/spa-francorchamps-resultado-obras-seguridad\/"},"modified":"2022-03-24T15:48:00","modified_gmt":"2022-03-24T18:48:00","slug":"spa-francorchamps-resultado-obras-seguridad","status":"publish","type":"post","link":"https:\/\/grandepremio.com\/es\/otras\/spa-francorchamps-resultado-obras-seguridad\/","title":{"rendered":"Spa-Francorchamps presenta el resultado de las obras de \u20ac25 millones para la seguridad"},"content":{"rendered":"\n<p class=\"wp-block-paragraph\">El circuito belga de Spa-Francorchamps ha publicado fotos de la finalizaci\u00f3n de la primera fase de las obras en el circuito antes del inicio de las carreras en 2022. Se han invertido alrededor de 25 millones de euros en la reforma de la pista que acoger\u00e1 la F\u00f3rmula 1 el 28 de agosto.<\/p>\n\n\n\n<p class=\"wp-block-paragraph\">El objetivo de las obras es aumentar la seguridad de las carreras de autos y motos. Una de las obras, por ejemplo, fue aumentar la zona de escape entre las curvas de Eau Rouge y Raidillon, donde el piloto franc\u00e9s Anthoine Hubert se accident\u00f3 mortalmente en una carrera de F2 en 2019. Tambi\u00e9n se construy\u00f3 una nueva tribuna en la zona de Eau Rouge.<\/p>\n\n\n\n<p class=\"wp-block-paragraph\">&#8220;El trabajo que se realiz\u00f3 entre el invierno (europeo) muestra una pista que sigue siendo id\u00e9ntica, pero con una seguridad reforzada. Nuestra pista ha sufrido varias adaptaciones para recibir la aprobaci\u00f3n de la FIA para las carreras de coches, y la de la FIM para las motos. Por fin se ha construido una tribuna en la cima de una de las curvas m\u00e1s famosas del mundo&#8221;, coment\u00f3 Melchior Wathelet, director del circuito.<\/p>\n\n\n\n<p class=\"wp-block-paragraph\"><strong><strong><strong>\u00a1Conoce el canal de Grande Pr\u00eamio en Espa\u00f1ol en\u00a0<a href=\"https:\/\/www.youtube.com\/channel\/UCDxWojGVUi9gWYhrY0pGbIQ\" target=\"_blank\" rel=\"noreferrer noopener\">YouTube<\/a>!<br>\u00a1Sigue a\u00a0Grande Pr\u00eamio en Espa\u00f1ol\u00a0en\u00a0<a href=\"https:\/\/twitter.com\/grandepremioES\" target=\"_blank\" rel=\"noreferrer noopener\">Twitter\u00a0<\/a>y en\u00a0<a href=\"https:\/\/www.instagram.com\/grandepremioes\/\" target=\"_blank\" rel=\"noreferrer noopener\">Instagram<\/a>!<\/strong><\/strong><\/strong><\/p>\n\n\n\n<figure class=\"wp-block-image size-large\"><img decoding=\"async\" src=\"https:\/\/www.grandepremio.com\/br\/wp-content\/uploads\/2021\/09\/GPdaBelgica-2-1024x683.jpg\" alt=\"GP DA B\u00c9LGICA; ARQUIBANCADAS; SPA-FRANCORCHAMPS; N\u00c3O-CORRIDA;\" class=\"wp-image-505308\"\/><figcaption>Los aficionados presentes en Spa el a\u00f1o pasado vieron c\u00f3mo se cancelaba la carrera debido al mal tiempo (Foto: Alfa Romeo)<\/figcaption><\/figure>\n\n\n\n<p class=\"wp-block-paragraph\"><strong>VER TAMBI\u00c9N<br><\/strong><a href=\"https:\/\/grandepremio.com\/es\/\/f1\/alonso-admite-que-dificultad-en-adelantar-sigue-con-nuevos-coches-no-es-tan-facil\/\"><strong>Alonso admite que dificultad en adelantar sigue con nuevos coches: \u201cNo es tan f\u00e1cil\u201d<br><\/strong><\/a><a href=\"https:\/\/grandepremio.com\/es\/\/f1\/sainz-luchara-titulo-2022\/\"><strong>\u00bfSainz es candidato al t\u00edtulo con Ferrari en la temporada 2022 de F\u00f3rmula 1?<\/strong><\/a><\/p>\n\n\n\n<p class=\"wp-block-paragraph\">El circuito tambi\u00e9n fue reasfaltado en algunos tramos, la curva 12 recibi\u00f3 un trazado alternativo y se instalaron nuevas cajas de grava. El circuito acoger\u00e1 eventos durante 26 fines de semana. Adem\u00e1s de la ronda de F\u00f3rmula 1, carreras como las 24 horas de Spa, la F\u00f3rmula 2, el WEC, las European Le Mans Series y el DTM tambi\u00e9n figuran en el calendario del circuito.<\/p>\n\n\n\n<p class=\"wp-block-paragraph\">En 2021, Spa qued\u00f3 marcada por albergar la carrera m\u00e1s corta de la historia de la F\u00f3rmula 1. El domingo estuvo marcado por una gran tormenta, y las vueltas se completaron s\u00f3lo bajo el r\u00e9gimen de coche de seguridad. Max Verstappen  se llev\u00f3 la victoria en la carrera que tuvo s\u00f3lo 3min27s071 de tiempo en pista.<\/p>\n","protected":false},"excerpt":{"rendered":"<p>Las obras en Spa-Francorchamps cuestan 25 millones de euros y pretenden aumentar la seguridad en el escenario del GP de B\u00e9lgica de F1, que se celebrar\u00e1 en agosto.<\/p>\n","protected":false},"author":0,"featured_media":1010057167,"comment_status":"closed","ping_status":"closed","sticky":false,"template":"","format":"standard","meta":{"42wp_featured_image_caption":"","42wp_featured_image_credits":"","42wp_featured_video":"","42wp_featured_image_hidden":false,"42wp_authors_list":[],"footnotes":""},"categories":[20],"tags":[2395,773,181,1495,179,646,1488,2237,1830],"42wp_author":[14234],"class_list":["post-23811","post","type-post","status-publish","format-standard","has-post-thumbnail","hentry","category-otras","tag-24-horas-de-spa-francorchamps","tag-dtm","tag-f1","tag-f1-2022","tag-formula-1","tag-gp-de-belgica","tag-grande-premio","tag-grandepremio","tag-mundial-de-resistencia","42wp_author-douglas-rocha"],"_links":{"self":[{"href":"https:\/\/grandepremio.com\/es\/wp-json\/wp\/v2\/posts\/23811","targetHints":{"allow":["GET"]}}],"collection":[{"href":"https:\/\/grandepremio.com\/es\/wp-json\/wp\/v2\/posts"}],"about":[{"href":"https:\/\/grandepremio.com\/es\/wp-json\/wp\/v2\/types\/post"}],"replies":[{"embeddable":true,"href":"https:\/\/grandepremio.com\/es\/wp-json\/wp\/v2\/comments?post=23811"}],"version-history":[{"count":0,"href":"https:\/\/grandepremio.com\/es\/wp-json\/wp\/v2\/posts\/23811\/revisions"}],"wp:featuredmedia":[{"embeddable":true,"href":"https:\/\/grandepremio.com\/es\/wp-json\/wp\/v2\/media\/1010057167"}],"wp:attachment":[{"href":"https:\/\/grandepremio.com\/es\/wp-json\/wp\/v2\/media?parent=23811"}],"wp:term":[{"taxonomy":"category","embeddable":true,"href":"https:\/\/grandepremio.com\/es\/wp-json\/wp\/v2\/categories?post=23811"},{"taxonomy":"post_tag","embeddable":true,"href":"https:\/\/grandepremio.com\/es\/wp-json\/wp\/v2\/tags?post=23811"},{"taxonomy":"42wp_author","embeddable":true,"href":"https:\/\/grandepremio.com\/es\/wp-json\/wp\/v2\/42wp_author?post=23811"}],"curies":[{"name":"wp","href":"https:\/\/api.w.org\/{rel}","templated":true}]}}