{"id":23819,"date":"2022-03-23T17:56:51","date_gmt":"2022-03-23T20:56:51","guid":{"rendered":"https:\/\/grandepremio.com\/es\/2022\/03\/23\/ralf-schumacher-stroll-formula-1\/"},"modified":"2022-03-23T18:22:21","modified_gmt":"2022-03-23T21:22:21","slug":"ralf-schumacher-stroll-formula-1","status":"publish","type":"post","link":"https:\/\/grandepremio.com\/es\/f1\/ralf-schumacher-stroll-formula-1\/","title":{"rendered":"Ralf Schumacher critica a Aston Martin y a Lance Stroll: \u201cQue busque otro hobby\u201d"},"content":{"rendered":"\n<p class=\"wp-block-paragraph\">Al margen de Covid-19 y con la incertidumbre de su asistencia al GP de Arabia Saudita, Sebastian Vettel no tiene ning\u00fan est\u00edmulo para volver a la butaca del AMR22 en la pr\u00f3xima cita de la F\u00f3rmula 1. Al menos eso es lo que afirma Ralf Schumacher, compatriota del tetracampe\u00f3n del mundo, se\u00f1alando el bajo rendimiento de la escuder\u00eda brit\u00e1nica en Bahrein para justificar esa afirmaci\u00f3n.<\/p>\n\n\n\n<p class=\"wp-block-paragraph\">&#8220;El equipo perdi\u00f3 la mano. No se puede juntar un mont\u00f3n de gente, un mont\u00f3n de dinero, meterlos en una olla, removerlos y esperar que salga algo bueno en la F\u00f3rmula 1&#8221;, coment\u00f3 Ralf.<\/p>\n\n\n\n<p class=\"wp-block-paragraph\"><strong><strong>\u00a1Conoce el canal de Grande Pr\u00eamio en Espa\u00f1ol en\u00a0<a href=\"https:\/\/www.youtube.com\/channel\/UCDxWojGVUi9gWYhrY0pGbIQ\" target=\"_blank\" rel=\"noreferrer noopener\">YouTube<\/a>!<br>\u00a1Sigue a\u00a0Grande Pr\u00eamio en Espa\u00f1ol\u00a0en\u00a0<a href=\"https:\/\/twitter.com\/grandepremioES\" target=\"_blank\" rel=\"noreferrer noopener\">Twitter\u00a0<\/a>y en\u00a0<a href=\"https:\/\/www.instagram.com\/grandepremioes\/\" target=\"_blank\" rel=\"noreferrer noopener\">Instagram<\/a>!<\/strong><\/strong><\/p>\n\n\n\n<figure class=\"wp-block-video\"><video class=\"video-js vjs-big-play-centered\" data-gp-vjs=\"1\" controls src=\"https:\/\/www.grandepremio.com\/br\/wp-content\/uploads\/2022\/03\/Verstappen-Leclerc.mp4\"><\/video><figcaption>Durante tres vueltas, la lucha entre Charles Leclerc y Max Verstappen deslumbr\u00f3 al p\u00fablico del GP de Bahrein. Lo mejor se lo llev\u00f3 el monegasco de Ferrari. (Video\/F1)<\/figcaption><\/figure>\n\n\n\n<p class=\"wp-block-paragraph\">El t\u00edo de Mick y el hermano de Michael tambi\u00e9n dirigieron sus cr\u00edticas a la familia Stroll. Respecto a Lawrence, padre de Lance y jefe de Aston Martin, Schumacher revel\u00f3 que escuch\u00f3 a miembros del equipo referirse al coche construido para la temporada de F1 como &#8220;un desastre&#8221;. Adem\u00e1s, consider\u00f3 que el modelo de microgesti\u00f3n adoptado por el canadiense dificulta los procesos internos.<\/p>\n\n\n\n<p class=\"wp-block-paragraph\">&#8220;El equipo quer\u00eda utilizar un &#8216;m\u00e9todo de urgencia&#8217; y eso tampoco funcion\u00f3 en Toyota. O\u00ed que el jefe del equipo (Lawrence Stroll) est\u00e1 en todas las reuniones y dice c\u00f3mo tienen que ser las cosas. Si ese es el caso, la cosa se pone muy, muy dif\u00edcil&#8221;, analiz\u00f3.<\/p>\n\n\n\n<p class=\"wp-block-paragraph\">En cuanto al piloto de Aston Martin, Ralf Schumacher record\u00f3 que en Bahrein, Stroll qued\u00f3 por detr\u00e1s de Nico Hulkenberg en la clasificaci\u00f3n, algo &#8220;vergonzoso&#8221;, seg\u00fan el ex piloto. &#8220;Tiene que preguntarse si no deber\u00eda buscar otra pasatiempo&#8221;, a\u00f1adi\u00f3.<\/p>\n\n\n\n<figure class=\"wp-block-image size-full\"><img decoding=\"async\" src=\"https:\/\/grandepremio.com\/es\/\/wp-content\/uploads\/2022\/03\/ralf-schumacher-1.jpg\" alt=\"\" class=\"wp-image-57131\"\/><figcaption>Ralf Schumacher, durante su etapa como piloto de F\u00f3rmula 1 . (Foto: Reproducci\u00f3n)<\/figcaption><\/figure>\n\n\n\n<p class=\"wp-block-paragraph\"><strong>VER TAMBI\u00c9N<\/strong><\/p>\n\n\n\n<p class=\"wp-block-paragraph\"><strong><a href=\"https:\/\/grandepremio.com\/es\/\/f1\/quien-es-zhou-debutante-formula-1-2022\/\"><strong>\u00bfQui\u00e9n&nbsp;<\/strong>es Zhou, el \u00fanico piloto debutante en la temporada 2022 de F1?<\/a><\/strong><a href=\"https:\/\/grandepremio.com\/es\/\/f1\/quien-es-zhou-debutante-formula-1-2022\/\"><\/a><br>&nbsp;<strong><a href=\"https:\/\/grandepremio.com\/es\/\/f1\/guia-formula-1-equipos-pilotos-2022\/\">Gu\u00eda F1: Los equipos, los pilotos y los monoplazas de la temporada 2022<\/a><\/strong><br><strong><a href=\"https:\/\/grandepremio.com\/es\/\/f1\/que-es-porpoising-autos-formula-1-2022\/\">\u00bfQu\u00e9 es &#8220;porpoising&#8221; y por qu\u00e9 se produce en los autos de la F1 2022?<\/a><\/strong><\/p>\n\n\n\n<p class=\"wp-block-paragraph\">Aston Martin intentar\u00e1 recuperarse de su mala actuaci\u00f3n en Bahrein ya este fin de semana, cuando la F\u00f3rmula 1 vuelva a la acci\u00f3n con el GP de Arabia Saudita. Para la carrera, Lance Stroll a\u00fan no sabe si formar\u00e1 equipo con Nico H\u00fclkenberg o con Sebastian Vettel, ya que el tetracampe\u00f3n del mundo sigue mostrando s\u00edntomas de Covid-19, seg\u00fan revel\u00f3 el jefe de equipo Mike Krack.<\/p>\n\n\n\n<p class=\"wp-block-paragraph\">&#8220;Sinceramente, no estoy seguro al cien por cien de las normas de participaci\u00f3n en Arabia Saudita, pero esperaremos&#8221;, coment\u00f3 Krack. En cualquier caso, H\u00fclkenberg est\u00e1 a la espera. &#8220;Definitivamente estar\u00e9 en Jeddah. No sabr\u00e9 hasta el jueves o el viernes qui\u00e9n conducir\u00e1&#8221;, revel\u00f3 el piloto alem\u00e1n.<\/p>\n","protected":false},"excerpt":{"rendered":"<p>Ralf Schumacher, expiloto de F1, critic\u00f3 el modelo de gesti\u00f3n de Aston Martin y cree que la labor en pista de Lance Stroll es &#8220;vergonzosa&#8221;. <\/p>\n","protected":false},"author":0,"featured_media":1010057129,"comment_status":"closed","ping_status":"closed","sticky":false,"template":"","format":"standard","meta":{"42wp_featured_image_caption":"","42wp_featured_image_credits":"","42wp_featured_video":"","42wp_featured_image_hidden":false,"42wp_authors_list":[],"footnotes":""},"categories":[5],"tags":[209,181,1495,179,1439,359,1645,208],"42wp_author":[14223],"class_list":["post-23819","post","type-post","status-publish","format-standard","has-post-thumbnail","hentry","category-f1","tag-aston-martin","tag-f1","tag-f1-2022","tag-formula-1","tag-formula-1-2022","tag-lance-stroll","tag-ralf-schumacher","tag-sebastian-vettel","42wp_author-esteban-nieto"],"_links":{"self":[{"href":"https:\/\/grandepremio.com\/es\/wp-json\/wp\/v2\/posts\/23819","targetHints":{"allow":["GET"]}}],"collection":[{"href":"https:\/\/grandepremio.com\/es\/wp-json\/wp\/v2\/posts"}],"about":[{"href":"https:\/\/grandepremio.com\/es\/wp-json\/wp\/v2\/types\/post"}],"replies":[{"embeddable":true,"href":"https:\/\/grandepremio.com\/es\/wp-json\/wp\/v2\/comments?post=23819"}],"version-history":[{"count":0,"href":"https:\/\/grandepremio.com\/es\/wp-json\/wp\/v2\/posts\/23819\/revisions"}],"wp:featuredmedia":[{"embeddable":true,"href":"https:\/\/grandepremio.com\/es\/wp-json\/wp\/v2\/media\/1010057129"}],"wp:attachment":[{"href":"https:\/\/grandepremio.com\/es\/wp-json\/wp\/v2\/media?parent=23819"}],"wp:term":[{"taxonomy":"category","embeddable":true,"href":"https:\/\/grandepremio.com\/es\/wp-json\/wp\/v2\/categories?post=23819"},{"taxonomy":"post_tag","embeddable":true,"href":"https:\/\/grandepremio.com\/es\/wp-json\/wp\/v2\/tags?post=23819"},{"taxonomy":"42wp_author","embeddable":true,"href":"https:\/\/grandepremio.com\/es\/wp-json\/wp\/v2\/42wp_author?post=23819"}],"curies":[{"name":"wp","href":"https:\/\/api.w.org\/{rel}","templated":true}]}}