{"id":23868,"date":"2022-03-19T16:00:55","date_gmt":"2022-03-19T19:00:55","guid":{"rendered":"https:\/\/grandepremio.com\/es\/2022\/03\/19\/alonso-sorpresa-q3-alpine-clasificacion-bahrein\/"},"modified":"2022-03-19T16:00:56","modified_gmt":"2022-03-19T19:00:56","slug":"alonso-sorpresa-q3-alpine-clasificacion-bahrein","status":"publish","type":"post","link":"https:\/\/grandepremio.com\/es\/f1\/alonso-sorpresa-q3-alpine-clasificacion-bahrein\/","title":{"rendered":"Alonso exalta \u201csorpresa por estar en Q3\u201d con Alpine en la clasificaci\u00f3n de Bahrein"},"content":{"rendered":"\n<p class=\"wp-block-paragraph\">Fernando Alonso se mostr\u00f3 sorprendido por la actuaci\u00f3n de Alpine en el tramo final de la sesi\u00f3n de clasificaci\u00f3n y celebr\u00f3 la vuelta que le situ\u00f3 en la octava posici\u00f3n de la parrilla de salida del <a href=\"https:\/\/grandepremio.com\/es\/\/categoria\/f1\/\" target=\"_blank\" rel=\"noreferrer noopener\">GP de Bahrein<\/a>. Incluso con el alto desgaste de los neum\u00e1ticos provocado por la alta temperatura en la pista de Bahrein, que lo hizo sentir inc\u00f3modo dentro del coche durante la mayor parte de la sesi\u00f3n, el dos veces campe\u00f3n del mundo logr\u00f3 ubicar su coche entre los mejores.<\/p>\n\n\n\n<p class=\"wp-block-paragraph\">En las dos primeras partes de la sesi\u00f3n, Alonso siempre estuvo cerca de George Russell, de Mercedes, Valtteri Bottas, de Alfa Romeo, Pierre Gasly, de AlphaTauri, y tambi\u00e9n de su compa\u00f1ero Esteban Ocon, en busca de un sitio en el grupo de los diez m\u00e1s r\u00e1pidos de la clasificaci\u00f3n.<\/p>\n\n\n\n<p class=\"wp-block-paragraph\">Al superar el desgaste de los neum\u00e1ticos en la Q2, el experimentado piloto avanz\u00f3 a la parte final de la sesi\u00f3n de clasificaci\u00f3n. El asturiano tuvo un rendimiento superior al de Ocon, que se qued\u00f3 a las puertas de superar a la parte final, quedando en el 11\u00ba puesto final. En la Q3, Alonso mostr\u00f3 un ritmo similar y registr\u00f3 un tiempo de 1min32s195 para situar a su Alpine en la octava posici\u00f3n de la parrilla de salida de la carrera de ma\u00f1ana en Bahrein.<\/p>\n\n\n\n<p class=\"wp-block-paragraph\"><strong><strong>\u00a1Conoce el canal de Grande Pr\u00eamio en Espa\u00f1ol en\u00a0<a href=\"https:\/\/www.youtube.com\/channel\/UCDxWojGVUi9gWYhrY0pGbIQ\" target=\"_blank\" rel=\"noreferrer noopener\">YouTube<\/a>!<br>\u00a1Sigue a\u00a0Grande Pr\u00eamio en Espa\u00f1ol\u00a0en\u00a0<a href=\"https:\/\/twitter.com\/grandepremioES\" target=\"_blank\" rel=\"noreferrer noopener\">Twitter\u00a0<\/a>y en\u00a0<a href=\"https:\/\/www.instagram.com\/grandepremioes\/\" target=\"_blank\" rel=\"noreferrer noopener\">Instagram<\/a>!<\/strong><\/strong><\/p>\n\n\n\n<figure class=\"wp-block-image size-full\"><img decoding=\"async\" src=\"https:\/\/grandepremio.com\/es\/\/wp-content\/uploads\/2022\/03\/Alonso-Treino-Bahrein-2-1024x682-1.jpg\" alt=\"\" class=\"wp-image-56204\"\/><figcaption>Fernando Alonso logr\u00f3 meter el Alpine en la primera Q3 de la temporada (Foto: Alpine)<\/figcaption><\/figure>\n\n\n\n<p class=\"wp-block-paragraph\">El resultado supuso un alivio para el espa\u00f1ol de 40 a\u00f1os, que consider\u00f3 incierto el camino hacia el resultado de la clasificaci\u00f3n en Bahrein. &#8220;Estoy feliz. No sab\u00eda muy bien d\u00f3nde est\u00e1bamos. Despu\u00e9s de las vacaciones, puedes tener sorpresas positivas y negativas, y estar en la tercera ronda fue una sorpresa positiva\u201d, afirm\u00f3 en una entrevista con la cadena DAZN F1 Espa\u00f1a. <\/p>\n\n\n\n<p class=\"wp-block-paragraph\">Inc\u00f3modo a bordo del A522 por el desgaste de los neum\u00e1ticos, Alonso consider\u00f3 que la elecci\u00f3n de neum\u00e1ticos, ahora permitida a los pilotos que avanzan a la Q3, ser\u00e1 decisiva para lograr un buen resultado en la carrera de este domingo. \u201cLa degradaci\u00f3n de los neum\u00e1ticos es la clave de la carrera. Tendremos un poco de incertidumbre sobre la elecci\u00f3n de los neum\u00e1ticos\u201d, a\u00f1adi\u00f3.<\/p>\n\n\n\n<p class=\"wp-block-paragraph\"><strong><a href=\"https:\/\/grandepremio.com\/es\/\/f1\/quien-es-zhou-debutante-formula-1-2022\/\"><strong>\u00bfQui\u00e9n\u00a0<\/strong>es Zhou, el \u00fanico piloto debutante en la temporada 2022 de F1?<\/a><\/strong><a href=\"https:\/\/grandepremio.com\/es\/\/f1\/quien-es-zhou-debutante-formula-1-2022\/\"><\/a><br>\u00a0<strong><a href=\"https:\/\/grandepremio.com\/es\/\/f1\/guia-formula-1-equipos-pilotos-2022\/\">Gu\u00eda F1: Los equipos, los pilotos y los monoplazas de la temporada 2022<\/a><\/strong><br><strong><a href=\"https:\/\/grandepremio.com\/es\/\/f1\/que-es-porpoising-autos-formula-1-2022\/\">\u00bfQu\u00e9 es &#8220;porpoising&#8221; y por qu\u00e9 se produce en los autos de la F1 2022?<\/a><\/strong><\/p>\n\n\n\n<p class=\"wp-block-paragraph\">Adem\u00e1s de la acertada elecci\u00f3n, el piloto tambi\u00e9n destac\u00f3 que el resultado en los entrenamientos es solo un comienzo y ya exigi\u00f3 una evoluci\u00f3n de Alpine en busca de un mejor rendimiento en esta temporada. \u201cAhora tenemos que apretar el bot\u00f3n de mejoras e intentar cerrar la brecha porque estamos a m\u00e1s de 1 segundo de la pole\u201d, concuy\u00f3. <\/p>\n","protected":false},"excerpt":{"rendered":"<p>Alonso destac\u00f3 la actuaci\u00f3n del coche en el tramo final de la clasificaci\u00f3n, tras sufrir el desgaste de los neum\u00e1ticos en Sakhir.<\/p>\n","protected":false},"author":0,"featured_media":1010056271,"comment_status":"closed","ping_status":"closed","sticky":false,"template":"","format":"standard","meta":{"42wp_featured_image_caption":"","42wp_featured_image_credits":"","42wp_featured_video":"","42wp_featured_image_hidden":false,"42wp_authors_list":[],"footnotes":""},"categories":[5],"tags":[678,1092,355,181,1495,184,179,2315,553,1095],"42wp_author":[14233],"class_list":["post-23868","post","type-post","status-publish","format-standard","has-post-thumbnail","hentry","category-f1","tag-alpine","tag-bahrein","tag-clasificacion","tag-f1","tag-f1-2022","tag-fernando-alonso","tag-formula-1","tag-gp-de-bahrein-2","tag-q3","tag-sakhir","42wp_author-eric-calduch"],"_links":{"self":[{"href":"https:\/\/grandepremio.com\/es\/wp-json\/wp\/v2\/posts\/23868","targetHints":{"allow":["GET"]}}],"collection":[{"href":"https:\/\/grandepremio.com\/es\/wp-json\/wp\/v2\/posts"}],"about":[{"href":"https:\/\/grandepremio.com\/es\/wp-json\/wp\/v2\/types\/post"}],"replies":[{"embeddable":true,"href":"https:\/\/grandepremio.com\/es\/wp-json\/wp\/v2\/comments?post=23868"}],"version-history":[{"count":0,"href":"https:\/\/grandepremio.com\/es\/wp-json\/wp\/v2\/posts\/23868\/revisions"}],"wp:featuredmedia":[{"embeddable":true,"href":"https:\/\/grandepremio.com\/es\/wp-json\/wp\/v2\/media\/1010056271"}],"wp:attachment":[{"href":"https:\/\/grandepremio.com\/es\/wp-json\/wp\/v2\/media?parent=23868"}],"wp:term":[{"taxonomy":"category","embeddable":true,"href":"https:\/\/grandepremio.com\/es\/wp-json\/wp\/v2\/categories?post=23868"},{"taxonomy":"post_tag","embeddable":true,"href":"https:\/\/grandepremio.com\/es\/wp-json\/wp\/v2\/tags?post=23868"},{"taxonomy":"42wp_author","embeddable":true,"href":"https:\/\/grandepremio.com\/es\/wp-json\/wp\/v2\/42wp_author?post=23868"}],"curies":[{"name":"wp","href":"https:\/\/api.w.org\/{rel}","templated":true}]}}