{"id":23902,"date":"2022-03-17T17:27:00","date_gmt":"2022-03-17T20:27:00","guid":{"rendered":"https:\/\/grandepremio.com\/es\/2022\/03\/17\/sergio-perez-f1-covid\/"},"modified":"2022-03-17T17:27:01","modified_gmt":"2022-03-17T20:27:01","slug":"sergio-perez-f1-covid","status":"publish","type":"post","link":"https:\/\/grandepremio.com\/es\/f1\/sergio-perez-f1-covid\/","title":{"rendered":"P\u00e9rez pide que la F1 permita participar a los pilotos que den positivo por Covid-19"},"content":{"rendered":"\n<p class=\"wp-block-paragraph\">La F\u00f3rmula 1 ha visto c\u00f3mo dos de sus pilotos han contratado a Covid-19 recientemente. Daniel Ricciardo, de McLaren, se perdi\u00f3 los entrenamientos de pretemporada, mientras que <a href=\"https:\/\/grandepremio.com\/es\/\/f1\/vettel-da-positivo-en-covid-19-y-hulkenberg-se-subira-al-aston-martin-en-bahrein\/\">Sebastian Vettel, de Aston Martin, se perder\u00e1 la carrera inaugural del campeonato en Bahrein<\/a>. Las dificultades de la pandemia siguen estando presentes, y el piloto de Red Bull Sergio P\u00e9rez ha hecho una sugerencia inusual para evitar que los que se contagien se queden fuera.<\/p>\n\n\n\n<p class=\"wp-block-paragraph\">P\u00e9rez pidi\u00f3 que la F1 considere la posibilidad de que los pilotos puedan competir con coronavirus si los s\u00edntomas son leves. &#8220;Creo que a partir de aqu\u00ed es algo que debemos discutir, si vamos a permitir que los pilotos corran con Covid-19 si son s\u00edntomas leves. Hay d\u00edas en los que te sentir\u00e1s mal, pero los pilotos obviamente pueden juzgar si est\u00e1n en forma. Creo que tiene sentido tener un debate&#8221;, se\u00f1al\u00f3.<\/p>\n\n\n\n<p class=\"wp-block-paragraph\">Curiosamente, el mexicano fue el primer piloto de F\u00f3rmula 1 que se perdi\u00f3 carreras por estar infectado. El mexicano se ausent\u00f3 del GP de Gran Breta\u00f1a y de los 70 A\u00f1os en 2020, d\u00edas despu\u00e9s de ser visto en un restaurante sin llevar mascarilla. Posteriormente, Lance Stroll, Lewis Hamilton y Kimi R\u00e4ikk\u00f6nen tambi\u00e9n se vieron obligados a ausentarse de las carreras por los positivos.<\/p>\n\n\n\n<p class=\"wp-block-paragraph\">&#8220;Hemos aprendido muchas cosas sobre Covid, y hay un l\u00edmite para lo que se puede hacer. Si quieres cuidarte por completo, tienes que quedarte en casa 24 horas y cocinar y hacerlo todo t\u00fa mismo. Pero creo que hay un l\u00edmite a lo que se puede hacer, as\u00ed que creo que depende mucho de la suerte. Es dif\u00edcil no hacer nada. Lo siento por Seb [Vettel] y Daniel [Ricciardo], pero le puede pasar a cualquiera&#8221;, lament\u00f3.<\/p>\n\n\n\n<p class=\"wp-block-paragraph\"><strong>\u25b6\ufe0f <strong><strong>\u00a1Conoce el canal de Grande Pr\u00eamio en Espa\u00f1ol en\u00a0<a href=\"https:\/\/www.youtube.com\/channel\/UCDxWojGVUi9gWYhrY0pGbIQ\" target=\"_blank\" rel=\"noreferrer noopener\">YouTube<\/a>!<br>\u00a1Sigue a\u00a0Grande Pr\u00eamio en Espa\u00f1ol\u00a0en\u00a0<a href=\"https:\/\/twitter.com\/grandepremioES\" target=\"_blank\" rel=\"noreferrer noopener\">Twitter\u00a0<\/a>y en\u00a0<a href=\"https:\/\/www.instagram.com\/grandepremioes\/\" target=\"_blank\" rel=\"noreferrer noopener\">Instagram<\/a>!<\/strong><\/strong><\/strong><\/p>\n\n\n\n<figure class=\"wp-block-image size-large\"><img decoding=\"async\" src=\"https:\/\/www.grandepremio.com\/br\/wp-content\/uploads\/2020\/05\/000_323U4Q7-1024x683.jpg\" alt=\"\" class=\"wp-image-544075\"\/><figcaption>Sebastian Vettel se queda fuera del GP de Bahrein por Covid-19 (Foto: AFP)<\/figcaption><\/figure>\n\n\n\n<p class=\"wp-block-paragraph\">Aunque quiso hablar de las flexibilidades, Checo tambi\u00e9n revel\u00f3 que sigue prob\u00e1ndose con normalidad. &#8220;Al mismo tiempo, tienes que preocuparte por la gente que te rodea y asegurarte de que no est\u00e1s afectando a nadie&#8221;, reflexion\u00f3 el mexicano.<\/p>\n\n\n\n<p class=\"wp-block-paragraph\">Siguiendo la opini\u00f3n de P\u00e9rez en la F1 est\u00e1 el espa\u00f1ol Carlos Sainz. El piloto de Ferrari tambi\u00e9n sigue prob\u00e1ndose con regularidad, pero revel\u00f3 que le cuesta mantener la disciplina.<\/p>\n\n\n\n<p class=\"wp-block-paragraph\">&#8220;No voy a mentir, es cansado hacer las mismas cosas durante dos a\u00f1os. Hay cosas a las que me he acostumbrado, otras con las que sigo luchando, como llevar la mascarilla todo el tiempo. S\u00f3lo espero que podamos volver a la normalidad lo antes posible, porque, y esto puede ser un poco pol\u00e9mico, creo que tenemos que seguir adelante con nuestras vidas. Lo siento por los dem\u00e1s pilotos y puede que sea algo m\u00edo, pero es muy dif\u00edcil mantener la disciplina como lo estamos haciendo&#8221;, se quej\u00f3 Sainz.<\/p>\n\n\n\n<p class=\"wp-block-paragraph\"><strong><strong>LEE TAMBI\u00c9N<br>#\u00a0<\/strong><a href=\"https:\/\/grandepremio.com\/es\/\/f1\/guia-formula-1-equipos-pilotos-2022\/\">Gu\u00eda F1: Los equipos, los pilotos y los monoplazas de la temporada 2022<\/a><\/strong><\/p>\n\n\n\n<p class=\"wp-block-paragraph\">&#8220;Obviamente, si tengo la oportunidad de luchar por cosas importantes este a\u00f1o, tendr\u00e9 que ser [disciplinado], pero tengo la mente dividida. Al mismo tiempo, quiero que todo el mundo siga adelante y deje de pensar en Covid. Pero estoy dividido, 50-50&#8221;, revel\u00f3 el espa\u00f1ol.<\/p>\n\n\n\n<p class=\"wp-block-paragraph\">La categor\u00eda m\u00e1xima del automovilismo sigue con los protocolos de pruebas y el uso de m\u00e1scaras en medio de la pandemia de Covid-19. P\u00e9rez y Sainz vuelven a las pistas de la F1 para el estreno de la categor\u00eda, que tiene lugar este fin de semana con el GP de Bahrein. GRANDE PR\u00caMIO sigue todas las actividades.<\/p>\n","protected":false},"excerpt":{"rendered":"<p>Sergio P\u00e9rez quiere que la categor\u00eda discuta la posibilidad de que los pilotos asistan a los GPs incluso con Covid-19, y se ha ganado el apoyo de Carlos Sainz.<\/p>\n","protected":false},"author":0,"featured_media":1010055871,"comment_status":"closed","ping_status":"closed","sticky":false,"template":"","format":"standard","meta":{"42wp_featured_image_caption":"","42wp_featured_image_credits":"","42wp_featured_video":"","42wp_featured_image_hidden":false,"42wp_authors_list":[],"footnotes":""},"categories":[5],"tags":[487,365,181,1495,179,2237,2349,208,294],"42wp_author":[14234],"class_list":["post-23902","post","type-post","status-publish","format-standard","has-post-thumbnail","hentry","category-f1","tag-covid-19","tag-daniel-ricciardo","tag-f1","tag-f1-2022","tag-formula-1","tag-grandepremio","tag-pandemia-de-covid","tag-sebastian-vettel","tag-sergio-perez","42wp_author-douglas-rocha"],"_links":{"self":[{"href":"https:\/\/grandepremio.com\/es\/wp-json\/wp\/v2\/posts\/23902","targetHints":{"allow":["GET"]}}],"collection":[{"href":"https:\/\/grandepremio.com\/es\/wp-json\/wp\/v2\/posts"}],"about":[{"href":"https:\/\/grandepremio.com\/es\/wp-json\/wp\/v2\/types\/post"}],"replies":[{"embeddable":true,"href":"https:\/\/grandepremio.com\/es\/wp-json\/wp\/v2\/comments?post=23902"}],"version-history":[{"count":0,"href":"https:\/\/grandepremio.com\/es\/wp-json\/wp\/v2\/posts\/23902\/revisions"}],"wp:featuredmedia":[{"embeddable":true,"href":"https:\/\/grandepremio.com\/es\/wp-json\/wp\/v2\/media\/1010055871"}],"wp:attachment":[{"href":"https:\/\/grandepremio.com\/es\/wp-json\/wp\/v2\/media?parent=23902"}],"wp:term":[{"taxonomy":"category","embeddable":true,"href":"https:\/\/grandepremio.com\/es\/wp-json\/wp\/v2\/categories?post=23902"},{"taxonomy":"post_tag","embeddable":true,"href":"https:\/\/grandepremio.com\/es\/wp-json\/wp\/v2\/tags?post=23902"},{"taxonomy":"42wp_author","embeddable":true,"href":"https:\/\/grandepremio.com\/es\/wp-json\/wp\/v2\/42wp_author?post=23902"}],"curies":[{"name":"wp","href":"https:\/\/api.w.org\/{rel}","templated":true}]}}