{"id":23935,"date":"2022-03-14T10:18:24","date_gmt":"2022-03-14T13:18:24","guid":{"rendered":"https:\/\/grandepremio.com\/es\/2022\/03\/14\/alonso-evolucion-alpine-bahrein\/"},"modified":"2022-03-14T10:18:25","modified_gmt":"2022-03-14T13:18:25","slug":"alonso-evolucion-alpine-bahrein","status":"publish","type":"post","link":"https:\/\/grandepremio.com\/es\/f1\/alonso-evolucion-alpine-bahrein\/","title":{"rendered":"Alonso ensalza la evoluci\u00f3n de Alpine en los tests en Bahrein: &#8220;Fue bueno para nosotros&#8221;"},"content":{"rendered":"\n<p class=\"wp-block-paragraph\">Alpine tuvo altibajos en los tests de pretemporada en Bahrein, con los coches mostrando velocidad en algunos momentos, pero en otros, dudas sobre la fiabilidad. A pesar de ello, el balance fue positivo respecto a Barcelona, especialmente para Fernando Alonso, que registr\u00f3 el cuarto mejor tiempo de la sesi\u00f3n y aprob\u00f3 la evoluci\u00f3n del coche.<\/p>\n\n\n\n<p class=\"wp-block-paragraph\">Tras el problema hidr\u00e1ulico en el coche del bicampe\u00f3n del mundo durante las pruebas en el Circuito de Montmel\u00f3 y la acumulaci\u00f3n de s\u00f3lo 266 vueltas en los tres d\u00edas, por delante s\u00f3lo de Alfa Romeo y Haas, el equipo franc\u00e9s aterriz\u00f3 en Sakhir bajo presi\u00f3n y desconfianza.<\/p>\n\n\n\n<p class=\"wp-block-paragraph\"><strong>LEE TAMBI\u00c9N<\/strong><br><strong>+<\/strong>\u00a0<strong><a href=\"https:\/\/grandepremio.com\/es\/\/f1\/mclaren-tests-bahrein-formula-1\/\">McLaren acepta que los tests en Bahrein \u201cno salieron seg\u00fan lo planeado\u201d<\/a><\/strong><br><strong>+<\/strong>\u00a0<strong><a href=\"https:\/\/grandepremio.com\/es\/\/f1\/ferrari-detras-red-bull-mercedes\/\">Ferrari valora la pretemporada, pero se ve por detr\u00e1s de los &#8220;favoritos&#8221; Red Bull y Mercedes<\/a><\/strong><\/p>\n\n\n\n<figure class=\"wp-block-image size-large\"><img decoding=\"async\" src=\"https:\/\/www.grandepremio.com\/br\/wp-content\/uploads\/2022\/03\/alpine-afp-fernandoalonso-04-1024x683.jpg\" alt=\"\" class=\"wp-image-547987\"\/><figcaption>Fernando Alonso marca el cuarto mejor tiempo en los tests de Bahrein (Foto: AFP)<\/figcaption><\/figure>\n\n\n\n<p class=\"wp-block-paragraph\">En el primer d\u00eda en Sakhir, el rendimiento del coche fue similar a la configuraci\u00f3n anterior en Barcelona. El equipo solo dio 66 vueltas con Alonso y Esteban Ocon. Sin embargo, al d\u00eda siguiente, el coche adopt\u00f3 predominantemente el color rosa y, casualmente, el rendimiento mejor\u00f3 en el desierto.<\/p>\n\n\n\n<p class=\"wp-block-paragraph\">A primera hora de la ma\u00f1ana, Ocon sorprendi\u00f3 a los pilotos y marc\u00f3 el mejor tiempo del periodo, acumulando 59 vueltas. El tercer d\u00eda se mantuvo el buen nivel, pero esta vez con Alonso, que termin\u00f3 su participaci\u00f3n en los ensayos con otras 122 vueltas completadas y cruz\u00f3 la meta con el cuarto mejor tiempo de la sesi\u00f3n 3.<\/p>\n\n\n\n<p class=\"wp-block-paragraph\"><strong><strong>\u25b6\ufe0f\u00a0<strong>\u00a1Conoce el canal de Grande Pr\u00eamio en Espa\u00f1ol en\u00a0<a href=\"https:\/\/www.youtube.com\/channel\/UCDxWojGVUi9gWYhrY0pGbIQ\" target=\"_blank\" rel=\"noreferrer noopener\">YouTube<\/a>!<br>\u00a1Sigue a\u00a0Grande Pr\u00eamio en Espa\u00f1ol\u00a0en\u00a0<a href=\"https:\/\/twitter.com\/grandepremioES\" target=\"_blank\" rel=\"noreferrer noopener\">Twitter\u00a0<\/a>y en\u00a0<a href=\"https:\/\/www.instagram.com\/grandepremioes\/\" target=\"_blank\" rel=\"noreferrer noopener\">Instagram<\/a>!<\/strong><\/strong><\/strong><\/p>\n\n\n\n<p class=\"wp-block-paragraph\">Al final de las pruebas, el espa\u00f1ol aprob\u00f3 la mejora del A522. &#8220;Ha sido un buen d\u00eda de tests para nosotros, aprovechando tambi\u00e9n el fuerte trabajo de Esteban&#8221;, comenz\u00f3 el piloto de 40 a\u00f1os en la rueda de prensa. &#8220;Hemos aprendido mucho con el coche y hemos completado muchas vueltas. Estoy muy contento&#8221;, a\u00f1adi\u00f3.<\/p>\n\n\n\n<p class=\"wp-block-paragraph\">La fiabilidad mostrada en el segundo y tercer d\u00eda de actividades hizo que los Alpine dieran un salto en el n\u00famero de vueltas y terminaran la pretemporada con 299, 30 m\u00e1s que en Barcelona. El kilometraje hizo que la escuder\u00eda francesa se impusiera a Williams, Haas y McLaren, con la \u00fanica participaci\u00f3n de Lando Norris.<\/p>\n\n\n\n<p class=\"wp-block-paragraph\">&#8220;Los dos \u00faltimos d\u00edas han sido igual de buenos para Esteban y Fernando, con varias vueltas para ambos, lo que nos ha permitido finalizar bien nuestra preparaci\u00f3n&#8221;, coment\u00f3 el jefe de equipo Otmar Szafnauer. &#8220;Esto tambi\u00e9n significa que pudimos compensar la p\u00e9rdida de tiempo en pista del \u00faltimo d\u00eda en Barcelona&#8221;, agreg\u00f3.<\/p>\n\n\n\n<figure class=\"wp-block-image size-large\"><img decoding=\"async\" src=\"https:\/\/www.grandepremio.com\/br\/wp-content\/uploads\/2022\/03\/000_324U7VH-1024x682.jpg\" alt=\"\" class=\"wp-image-547271\"\/><figcaption>Esteban Ocon fue el m\u00e1s r\u00e1pido en la ma\u00f1ana del segundo d\u00eda de actividades en Sakhir (Foto: AFP)<\/figcaption><\/figure>\n\n\n\n<p class=\"wp-block-paragraph\">A pesar de la mejora, Alonso destac\u00f3 que el aprendizaje sigue siendo la consigna en Alpine. &#8220;Todav\u00eda estamos aprendiendo sobre los nuevos coches y los ajustes. Probamos varias cosas con algunos resultados claros, y eso es lo que uno quiere de las pruebas. Fue muy productivo&#8221;, evalu\u00f3 el espa\u00f1ol, que tambi\u00e9n est\u00e1 deseando conocer el verdadero orden de poder de la F1.<\/p>\n\n\n\n<p class=\"wp-block-paragraph\">&#8220;No sabemos qu\u00e9 est\u00e1n haciendo los dem\u00e1s, qu\u00e9 programa est\u00e1n siguiendo y cu\u00e1nto combustible tienen, y tenemos que esperar hasta el pr\u00f3ximo s\u00e1bado para saberlo. Nos centraremos en nosotros mismos y nuestro plan es llegar a la pr\u00f3xima semana con un esfuerzo del 100%&#8221;, concluy\u00f3 el bicampe\u00f3n.<\/p>\n\n\n\n<p class=\"wp-block-paragraph\">La anticipaci\u00f3n tambi\u00e9n est\u00e1 presente en el personal t\u00e9cnico de Alpine, que ha programado algunas actualizaciones de los coches en la primera ronda de la temporada de F1. &#8220;Esperamos seguir mejorando en los pr\u00f3ximos d\u00edas para continuar nuestra preparaci\u00f3n de la mejor manera posible&#8221;, dijo Szafnauer.<\/p>\n","protected":false},"excerpt":{"rendered":"<p>El equipo franc\u00e9s super\u00f3 los problemas presentados en Barcelona con un rendimiento m\u00e1s consistente y el cuarto mejor tiempo del bicampe\u00f3n en la sesi\u00f3n.<\/p>\n","protected":false},"author":0,"featured_media":1010054992,"comment_status":"closed","ping_status":"closed","sticky":false,"template":"","format":"standard","meta":{"42wp_featured_image_caption":"","42wp_featured_image_credits":"","42wp_featured_video":"","42wp_featured_image_hidden":false,"42wp_authors_list":[],"footnotes":""},"categories":[5],"tags":[678,362,181,1495,184,179,1488,2237,2284,2068],"42wp_author":[14234],"class_list":["post-23935","post","type-post","status-publish","format-standard","has-post-thumbnail","hentry","category-f1","tag-alpine","tag-esteban-ocon","tag-f1","tag-f1-2022","tag-fernando-alonso","tag-formula-1","tag-grande-premio","tag-grandepremio","tag-tests-de-bahrein","tag-tests-de-pretemporada","42wp_author-douglas-rocha"],"_links":{"self":[{"href":"https:\/\/grandepremio.com\/es\/wp-json\/wp\/v2\/posts\/23935","targetHints":{"allow":["GET"]}}],"collection":[{"href":"https:\/\/grandepremio.com\/es\/wp-json\/wp\/v2\/posts"}],"about":[{"href":"https:\/\/grandepremio.com\/es\/wp-json\/wp\/v2\/types\/post"}],"replies":[{"embeddable":true,"href":"https:\/\/grandepremio.com\/es\/wp-json\/wp\/v2\/comments?post=23935"}],"version-history":[{"count":0,"href":"https:\/\/grandepremio.com\/es\/wp-json\/wp\/v2\/posts\/23935\/revisions"}],"wp:featuredmedia":[{"embeddable":true,"href":"https:\/\/grandepremio.com\/es\/wp-json\/wp\/v2\/media\/1010054992"}],"wp:attachment":[{"href":"https:\/\/grandepremio.com\/es\/wp-json\/wp\/v2\/media?parent=23935"}],"wp:term":[{"taxonomy":"category","embeddable":true,"href":"https:\/\/grandepremio.com\/es\/wp-json\/wp\/v2\/categories?post=23935"},{"taxonomy":"post_tag","embeddable":true,"href":"https:\/\/grandepremio.com\/es\/wp-json\/wp\/v2\/tags?post=23935"},{"taxonomy":"42wp_author","embeddable":true,"href":"https:\/\/grandepremio.com\/es\/wp-json\/wp\/v2\/42wp_author?post=23935"}],"curies":[{"name":"wp","href":"https:\/\/api.w.org\/{rel}","templated":true}]}}