{"id":23941,"date":"2022-03-13T11:22:05","date_gmt":"2022-03-13T14:22:05","guid":{"rendered":"https:\/\/grandepremio.com\/es\/2022\/03\/13\/lewis-hamilton-formula-1-contrato-max-verstappen\/"},"modified":"2022-03-13T11:51:15","modified_gmt":"2022-03-13T14:51:15","slug":"lewis-hamilton-formula-1-contrato-max-verstappen","status":"publish","type":"post","link":"https:\/\/grandepremio.com\/es\/f1\/lewis-hamilton-formula-1-contrato-max-verstappen\/","title":{"rendered":"Hamilton descarta quedarse en F1 hasta el fin del contrato de Verstappen"},"content":{"rendered":"\n<p class=\"wp-block-paragraph\"><a href=\"https:\/\/grandepremio.com\/es\/\/f1\/red-bull-renueva-contrato-y-ata-a-verstappen-hasta-la-temporada-2028-de-formula-1\/\">Max Verstappen renov\u00f3 su contrato con Red Bull y permanecer\u00e1 en la escuder\u00eda hasta 2028,<\/a> cuando cumplir\u00e1 31 a\u00f1os. La prolongaci\u00f3n del v\u00ednculo gener\u00f3 expectativas de que la rivalidad entre el actual campe\u00f3n del mundo y Lewis Hamilton continuar\u00e1 por m\u00e1s tiempo en la F\u00f3rmula 1. Sin embargo, el siete veces campe\u00f3n de Mercedes asegur\u00f3 que piensa hacer otras actividades m\u00e1s &#8220;divertidas&#8221; en el futuro y no seguir\u00e1 muchas temporadas m\u00e1s en la categor\u00eda.<\/p>\n\n\n\n<p class=\"wp-block-paragraph\">Desde el GP de Espa\u00f1a de 2016, Verstappen es el piloto titular del equipo austr\u00edaco. Por lo tanto, con la ampliaci\u00f3n del v\u00ednculo por otros seis a\u00f1os, la asociaci\u00f3n entre el holand\u00e9s y Red Bull puede alcanzar la impresionante marca de 13 temporadas.<\/p>\n\n\n\n<p class=\"wp-block-paragraph\"><strong><strong>\u00a1Conoce el canal de Grande Pr\u00eamio en Espa\u00f1ol en\u00a0<a href=\"https:\/\/www.youtube.com\/channel\/UCDxWojGVUi9gWYhrY0pGbIQ\">YouTube<\/a>!<br>\u00a1Sigue a\u00a0Grande Pr\u00eamio en Espa\u00f1ol\u00a0en\u00a0<a href=\"https:\/\/twitter.com\/grandepremioES\" target=\"_blank\" rel=\"noreferrer noopener\">Twitter\u00a0<\/a>y en\u00a0<a href=\"https:\/\/www.instagram.com\/grandepremioes\/\" target=\"_blank\" rel=\"noreferrer noopener\">Instagram<\/a>!<\/strong><\/strong><\/p>\n\n\n\n<figure class=\"wp-block-video\"><video class=\"video-js vjs-big-play-centered\" data-gp-vjs=\"1\" controls src=\"https:\/\/www.grandepremio.com\/br\/wp-content\/uploads\/2022\/03\/f1.mp4\"><\/video><figcaption>Mercedes impresiona al mundo de la F\u00f3rmula 1 con un auto casi sin pontones (V\u00ecdeo: DAZN Espa\u00f1a\/F1)<\/figcaption><\/figure>\n\n\n\n<p class=\"wp-block-paragraph\">Si el contrato se mantiene hasta el final, la asociaci\u00f3n piloto-equipo se convertir\u00e1 en la m\u00e1s larga de la historia de la F1. Y as\u00ed,  superar\u00e1 las marcas establecidas por Michael Schumacher en Ferrari entre 1996 y 2006 y por Hamilton en Mercedes desde 2013 hasta 2023. Esto \u00faltimo, ser\u00eda si el ingl\u00e9s no extiende su actual contrato con el equipo alem\u00e1n.<\/p>\n\n\n\n<p class=\"wp-block-paragraph\">Y si depende del siete veces campe\u00f3n del mundo, Verstappen ser\u00e1 el due\u00f1o de este r\u00e9cord, ya que planea no seguir mucho tiempo en el deporte, a diferencia del Fernando Alonso, que tiene 40 a\u00f1os, y de Kimi R\u00e4ikk\u00f6nen, que se retir\u00f3 a los 42 en 2021.<\/p>\n\n\n\n<p class=\"wp-block-paragraph\">&#8220;No pens\u00e9 en ese n\u00famero porque tengo 37 a\u00f1os. Todav\u00eda me queda un poco&#8221;, manifest\u00f3 Hamilton en una entrevista con el sitio web RaceFans. En el pen\u00faltimo a\u00f1o de su contrato con Mercedes, el experimentado piloto revel\u00f3 que tiene otros objetivos m\u00e1s diversos para el futuro.<\/p>\n\n\n\n<figure class=\"wp-block-image size-large\"><img decoding=\"async\" src=\"https:\/\/grandepremio.com\/es\/\/wp-content\/uploads\/2022\/03\/M304027-1024x683.jpg\" alt=\"\" class=\"wp-image-55403\"\/><figcaption>Lewis Hamilton, durante los tests de la F\u00f3rmula 1 en Bahrein. (Foto: Mercedes\/LAT)<\/figcaption><\/figure>\n\n\n\n<p class=\"wp-block-paragraph\">&#8220;Sinceramente, no he pensado en ello. Y no pienso estar aqu\u00ed cerca de esa edad, espero tener otras cosas divertidas que hacer&#8221;, declar\u00f3 el piloto que cumplir\u00e1 43 a\u00f1os en 2028.<\/p>\n\n\n\n<p class=\"wp-block-paragraph\">En v\u00edsperas de su decimosexta temporada en la F1, la und\u00e9cima en una butaca de Mercedes, Hamilton se enfrenta al reto de recuperar la corona de la categor\u00eda,<a href=\"https:\/\/grandepremio.com\/es\/\/f1\/verstappen-logra-titulo-de-f1-en-definicion-dramatica-de-abu-dhabi\/\"> actualmente en manos de Verstappen<\/a>. Para ello, el ingl\u00e9s particip\u00f3 en los test de pretemporada en Bahr\u00e9in en busca del mejor desarrollo del W13. Durante la sesi\u00f3n de tres d\u00edas, el siete veces campe\u00f3n del mundo complet\u00f3 187 vueltas en el circuito de Sakhir.<\/p>\n\n\n\n<p class=\"wp-block-paragraph\">La temporada de F1 de 2022 comenzar\u00e1 oficialmente el d\u00eda 20, con la primera ronda tambi\u00e9n celebrada en el desierto de Bahrein.<\/p>\n","protected":false},"excerpt":{"rendered":"<p>Luego de la revelaci\u00f3n de que Max Verstappen seguir\u00e1 en F1 hasta 2028 con Red Bull, Lewis Hamilton asegur\u00f3 que se retirar\u00e1 antes de ese a\u00f1o.<\/p>\n","protected":false},"author":0,"featured_media":1010055417,"comment_status":"closed","ping_status":"closed","sticky":false,"template":"","format":"standard","meta":{"42wp_featured_image_caption":"","42wp_featured_image_credits":"","42wp_featured_video":"","42wp_featured_image_hidden":false,"42wp_authors_list":[],"footnotes":""},"categories":[5],"tags":[181,1495,2127,179,1439,2330,199,249,197,206],"42wp_author":[14223],"class_list":["post-23941","post","type-post","status-publish","format-standard","has-post-thumbnail","hentry","category-f1","tag-f1","tag-f1-2022","tag-f1-2028","tag-formula-1","tag-formula-1-2022","tag-formula-1-2028","tag-lewis-hamilton","tag-max-verstappen","tag-mercedes","tag-red-bull","42wp_author-esteban-nieto"],"_links":{"self":[{"href":"https:\/\/grandepremio.com\/es\/wp-json\/wp\/v2\/posts\/23941","targetHints":{"allow":["GET"]}}],"collection":[{"href":"https:\/\/grandepremio.com\/es\/wp-json\/wp\/v2\/posts"}],"about":[{"href":"https:\/\/grandepremio.com\/es\/wp-json\/wp\/v2\/types\/post"}],"replies":[{"embeddable":true,"href":"https:\/\/grandepremio.com\/es\/wp-json\/wp\/v2\/comments?post=23941"}],"version-history":[{"count":0,"href":"https:\/\/grandepremio.com\/es\/wp-json\/wp\/v2\/posts\/23941\/revisions"}],"wp:featuredmedia":[{"embeddable":true,"href":"https:\/\/grandepremio.com\/es\/wp-json\/wp\/v2\/media\/1010055417"}],"wp:attachment":[{"href":"https:\/\/grandepremio.com\/es\/wp-json\/wp\/v2\/media?parent=23941"}],"wp:term":[{"taxonomy":"category","embeddable":true,"href":"https:\/\/grandepremio.com\/es\/wp-json\/wp\/v2\/categories?post=23941"},{"taxonomy":"post_tag","embeddable":true,"href":"https:\/\/grandepremio.com\/es\/wp-json\/wp\/v2\/tags?post=23941"},{"taxonomy":"42wp_author","embeddable":true,"href":"https:\/\/grandepremio.com\/es\/wp-json\/wp\/v2\/42wp_author?post=23941"}],"curies":[{"name":"wp","href":"https:\/\/api.w.org\/{rel}","templated":true}]}}