{"id":23957,"date":"2022-03-12T06:28:37","date_gmt":"2022-03-12T09:28:37","guid":{"rendered":"https:\/\/grandepremio.com\/es\/2022\/03\/12\/mclaren-fallos-frenos-actualizaciones-relampago\/"},"modified":"2022-03-12T06:30:35","modified_gmt":"2022-03-12T09:30:35","slug":"mclaren-fallos-frenos-actualizaciones-relampago","status":"publish","type":"post","link":"https:\/\/grandepremio.com\/es\/f1\/mclaren-fallos-frenos-actualizaciones-relampago\/","title":{"rendered":"McLaren identifica fallos en frenos y prepara &#8216;actualizaciones rel\u00e1mpago&#8217; en Bahrein"},"content":{"rendered":"\n<p class=\"wp-block-paragraph\">Al igual que Williams, que vio explotar los discos de freno del coche de Nicholas Latifi, McLaren enfrent\u00f3 problemas con los componentes en el eje delantero derecho, durante las pruebas de pretemporada de F\u00f3rmula 1 en Bahrein. En el descanso entre las actividades de la ma\u00f1ana y la tarde, el jefe del equipo, Andreas Seidl, afirm\u00f3 que el equipo tendr\u00e1 que correr contra el tiempo para traer actualizaciones de la f\u00e1brica de Inglaterra.<\/p>\n\n\n\n<p class=\"wp-block-paragraph\">Con solo Lando Norris participando en los test de Bahrein, <a href=\"https:\/\/grandepremio.com\/es\/\/f1\/ricciardo-mclaren-covid-19-afuera-tests-bahrein\/\" target=\"_blank\" rel=\"noreferrer noopener\">debido al positivo en Covid-19 de Daniel Ricciardo<\/a>, McLaren complet\u00f3 apenas 78 vueltas en un d\u00eda y medio de preparaci\u00f3n para la temporada. El bajo kilometraje se debi\u00f3 a un problema inesperado con el conjunto del freno de la rueda delantera derecha.<\/p>\n\n\n\n<p class=\"wp-block-paragraph\">\u201cTenemos un problema inesperado con el freno del eje derecho y tenemos que solucionarlo. Despu\u00e9s de las buenas pruebas que tuvimos en Barcelona, \u200b\u200bdefinitivamente el primer d\u00eda y medio aqu\u00ed no sali\u00f3 como estaba planeado\u201d, admiti\u00f3 Seidl.<\/p>\n\n\n\n<p class=\"wp-block-paragraph\"><strong><strong>\u00a1Conoce el canal de Grande Pr\u00eamio en Espa\u00f1ol en\u00a0<a href=\"https:\/\/www.youtube.com\/channel\/UCDxWojGVUi9gWYhrY0pGbIQ\" target=\"_blank\" rel=\"noreferrer noopener\">YouTube<\/a>!<br>\u00a1Sigue a\u00a0Grande Pr\u00eamio en Espa\u00f1ol\u00a0en\u00a0<a href=\"https:\/\/twitter.com\/grandepremioES\" target=\"_blank\" rel=\"noreferrer noopener\">Twitter\u00a0<\/a>y en\u00a0<a href=\"https:\/\/www.instagram.com\/grandepremioes\/\" target=\"_blank\" rel=\"noreferrer noopener\">Instagram<\/a>!<\/strong><\/strong><\/p>\n\n\n\n<figure class=\"wp-block-image size-large\"><img decoding=\"async\" src=\"https:\/\/www.grandepremio.com\/br\/wp-content\/uploads\/2022\/03\/000_324V62Q-1024x682.jpg\" alt=\"\" class=\"wp-image-547257\"\/><figcaption>Lando Norris lidia con problemas en el freno delantero de su McLaren (Foto: AFP)<\/figcaption><\/figure>\n\n\n\n<p class=\"wp-block-paragraph\">Para no perder preciosas vueltas en busca del desarrollo del coche antes del inicio de la temporada 2022, el jefe de McLaren dijo que la escuder\u00eda ya solicit\u00f3 a los empleados de la f\u00e1brica de Woking la entrega de los nuevos componentes, con el objetivo de corregir los problemas de frenos. &#8220;Es una carrera contra el tiempo en este momento obtener piezas actualizadas aqu\u00ed&#8221;, dijo el alem\u00e1n, quien continu\u00f3. \u201cTambi\u00e9n vamos a poner algunas peque\u00f1as actualizaciones en el coche para extraer m\u00e1s rendimiento del paquete\u201d.<\/p>\n\n\n\n<p class=\"wp-block-paragraph\">Incluso con la dificultad de que las piezas lleguen y se instalen r\u00e1pidamente, Seidl se mantuvo optimista y cree que los coches estar\u00e1n listos para la primera prueba de la temporada, que tambi\u00e9n se lleva a cabo en Bahrein, el d\u00eda 20 de este mes.<\/p>\n\n\n\n<p class=\"wp-block-paragraph\">\u201cSigo siendo optimista de que a pesar del tiempo de actividad que hemos perdido y las vueltas limitadas, podemos hacer esto. Al final, saldremos de la pista bien preparados para el primer fin de semana de carreras\u201d, concluy\u00f3. <\/p>\n","protected":false},"excerpt":{"rendered":"<p>Andreas Seidl, director de McLaren, admiti\u00f3 que los fallos en los frenos limitaron la cantidad de vueltas previstas en el coche en Sakhir.<\/p>\n","protected":false},"author":0,"featured_media":1010055192,"comment_status":"closed","ping_status":"closed","sticky":false,"template":"","format":"standard","meta":{"42wp_featured_image_caption":"","42wp_featured_image_credits":"","42wp_featured_video":"","42wp_featured_image_hidden":false,"42wp_authors_list":[],"footnotes":""},"categories":[5],"tags":[1544,1092,181,1495,179,268,269,2086,1095,2284,2068],"42wp_author":[14233],"class_list":["post-23957","post","type-post","status-publish","format-standard","has-post-thumbnail","hentry","category-f1","tag-andreas-seidl","tag-bahrein","tag-f1","tag-f1-2022","tag-formula-1","tag-lando-norris","tag-mclaren","tag-pretemporada-f1","tag-sakhir","tag-tests-de-bahrein","tag-tests-de-pretemporada","42wp_author-eric-calduch"],"_links":{"self":[{"href":"https:\/\/grandepremio.com\/es\/wp-json\/wp\/v2\/posts\/23957","targetHints":{"allow":["GET"]}}],"collection":[{"href":"https:\/\/grandepremio.com\/es\/wp-json\/wp\/v2\/posts"}],"about":[{"href":"https:\/\/grandepremio.com\/es\/wp-json\/wp\/v2\/types\/post"}],"replies":[{"embeddable":true,"href":"https:\/\/grandepremio.com\/es\/wp-json\/wp\/v2\/comments?post=23957"}],"version-history":[{"count":0,"href":"https:\/\/grandepremio.com\/es\/wp-json\/wp\/v2\/posts\/23957\/revisions"}],"wp:featuredmedia":[{"embeddable":true,"href":"https:\/\/grandepremio.com\/es\/wp-json\/wp\/v2\/media\/1010055192"}],"wp:attachment":[{"href":"https:\/\/grandepremio.com\/es\/wp-json\/wp\/v2\/media?parent=23957"}],"wp:term":[{"taxonomy":"category","embeddable":true,"href":"https:\/\/grandepremio.com\/es\/wp-json\/wp\/v2\/categories?post=23957"},{"taxonomy":"post_tag","embeddable":true,"href":"https:\/\/grandepremio.com\/es\/wp-json\/wp\/v2\/tags?post=23957"},{"taxonomy":"42wp_author","embeddable":true,"href":"https:\/\/grandepremio.com\/es\/wp-json\/wp\/v2\/42wp_author?post=23957"}],"curies":[{"name":"wp","href":"https:\/\/api.w.org\/{rel}","templated":true}]}}