{"id":23963,"date":"2022-03-11T15:15:43","date_gmt":"2022-03-11T18:15:43","guid":{"rendered":"https:\/\/grandepremio.com\/es\/2022\/03\/11\/magnussen-ayuda-haas-bahrein-formula-1\/"},"modified":"2022-03-11T15:49:34","modified_gmt":"2022-03-11T18:49:34","slug":"magnussen-ayuda-haas-bahrein-formula-1","status":"publish","type":"post","link":"https:\/\/grandepremio.com\/es\/f1\/magnussen-ayuda-haas-bahrein-formula-1\/","title":{"rendered":"Magnussen aprovecha \u2018ayuda\u2019 para Haas y se torna el m\u00e1s r\u00e1pido en Bahrein"},"content":{"rendered":"\n<p class=\"wp-block-paragraph\">La F\u00f3rmula 1 le dio a Haas una hora extra el viernes y Kevin Magnussen la aprovech\u00f3. Con la pista despejada tras el final del segundo d\u00eda de pruebas en Bahrein, el dan\u00e9s marc\u00f3 1min33s207 con neum\u00e1ticos C4, el mejor tiempo de la sesi\u00f3n, si es que se puede llamar as\u00ed.<\/p>\n\n\n\n<p class=\"wp-block-paragraph\">Con una temperatura m\u00e1s suave, sin que nadie compartiera la pista y con condiciones m\u00e1s favorables, el equipo estadounidense aprovech\u00f3 el tiempo extra y puso neum\u00e1ticos m\u00e1s blandos para Magnussen, que volvi\u00f3 a la F1 a lo grande. El dan\u00e9s incluso fue m\u00e1s r\u00e1pido que Carlos Sainz, <a href=\"https:\/\/grandepremio.com\/es\/\/f1\/carlos-sainz-ferrari-lidera-tests-bahrein\/\">que marc\u00f3 1min33s532 y fue el l\u00edder de las 8 horas de pruebas.<\/a><\/p>\n\n\n\n<p class=\"wp-block-paragraph\"><strong><strong>\u00a1Conoce el canal de Grande Pr\u00eamio en Espa\u00f1ol en\u00a0<a href=\"https:\/\/www.youtube.com\/channel\/UCDxWojGVUi9gWYhrY0pGbIQ\" target=\"_blank\" rel=\"noreferrer noopener\">YouTube<\/a>!<br>\u00a1Sigue a\u00a0Grande Pr\u00eamio en Espa\u00f1ol\u00a0en\u00a0<a href=\"https:\/\/twitter.com\/grandepremioES\" target=\"_blank\" rel=\"noreferrer noopener\">Twitter\u00a0<\/a>y en\u00a0<a href=\"https:\/\/www.instagram.com\/grandepremioes\/\" target=\"_blank\" rel=\"noreferrer noopener\">Instagram<\/a>!<\/strong><\/strong><\/p>\n\n\n\n<figure class=\"wp-block-video\"><video class=\"video-js vjs-big-play-centered\" data-gp-vjs=\"1\" controls src=\"https:\/\/www.grandepremio.com\/br\/wp-content\/uploads\/2022\/03\/nicholas-latifi-fogo-teste.mp4\"><\/video><figcaption>El incidente de Nicholas Latifi que oblig\u00f3 a la interrupci\u00f3n de los tests matutinos de la F1 en Bahrein (V\u00eddeo: Reproducci\u00f3n\/DAZN)<\/figcaption><\/figure>\n\n\n\n<p class=\"wp-block-paragraph\">\u00bfY qu\u00e9 hac\u00eda Haas todav\u00eda en la pista en la noche barein\u00ed? Se trata de una especie de compensaci\u00f3n de la F1 para el equipo que est\u00e1 pasando por un momento terrible. Dentro de esta crisis, tambi\u00e9n se perdi\u00f3 la tanda de entrenamientos del jueves por la ma\u00f1ana, por problemas de log\u00edstica camino hacia Bahrein.<\/p>\n\n\n\n<p class=\"wp-block-paragraph\">Para tener una idea de lo r\u00e1pido que fue Magnussen seg\u00fan los est\u00e1ndares de Haas, el tiempo del dan\u00e9s fue incluso m\u00e1s r\u00e1pido que el de Nikita Mazepin en la clasificaci\u00f3n del GP de Bahrein 2021, que fue de 1min33s273.<\/p>\n\n\n\n<p class=\"wp-block-paragraph\">Tras la crisis, Haas busca restablecerse y tendr\u00e1 m\u00e1s horas extras antes y despu\u00e9s de los entrenamientos del s\u00e1bado en Bahr\u00e9in. El equipo estuvo presente con el piloto reserva Pietro Fittipaldi, que estaba en disputa por el asiento que dej\u00f3 vacante Mazepin la semana pasada. Adem\u00e1s del contrato de Nikita, los estadounidenses tambi\u00e9n rompieron su v\u00ednculo con Uralkali. Esta empresa rusa es propiedad del padre de Mazepin, que b\u00e1sicamente era el sost\u00e9n financiero en Haas.<\/p>\n\n\n\n<h3 class=\"wp-block-heading\"><strong>F\u00f3rmula 1 2022, Pretemporada, Bahrein, D\u00eda 2:<\/strong><\/h3>\n\n\n\n<figure class=\"wp-block-table\"><table><tbody><tr><td><\/td><td>PILOTO<\/td><td>EQUIPO<\/td><td>TIEMPO<\/td><td>DIFERENCIA<\/td><td>VUELTAS<\/td><td>COMPUESTO<\/td><\/tr><tr><td>1<\/td><td>K MAGNUSSEN*<\/td><td>Haas<\/td><td>1:33,207<\/td><td><\/td><td>60<\/td><td>C4<\/td><\/tr><tr><td>2<\/td><td>C SAINZ JR<\/td><td>Ferrari<\/td><td>1:33.532<\/td><td>+0,325<\/td><td>60<\/td><td>C4<\/td><\/tr><tr><td>3<\/td><td>M VERSTAPPEN<\/td><td>Red Bull RBPT<\/td><td>1:34.011<\/td><td>+0.804<\/td><td>86<\/td><td>C4<\/td><\/tr><tr><td>4<\/td><td>L STROLL<\/td><td>Aston Martin Mercedes<\/td><td>1:34.064<\/td><td>+0.857<\/td><td>70<\/td><td>C4<\/td><\/tr><tr><td>5<\/td><td>L HAMILTON<\/td><td>Mercedes<\/td><td>1:34.141<\/td><td>+0.934<\/td><td>47<\/td><td>C5<\/td><\/tr><tr><td>6<\/td><td>E OCON<\/td><td>Alpine Renault<\/td><td>1:34.276<\/td><td>+1.069<\/td><td>111<\/td><td>C4<\/td><\/tr><tr><td>7<\/td><td>C LECLERC<\/td><td>Ferrari<\/td><td>1:34.366<\/td><td>+1.159<\/td><td>54<\/td><td>C3<\/td><\/tr><tr><td>8<\/td><td>L NORRIS<\/td><td>McLaren Mercedes<\/td><td>1:34.609<\/td><td>+1.402<\/td><td>60<\/td><td>C3<\/td><\/tr><tr><td>9<\/td><td>S VETTEL<\/td><td>Aston Martin Mercedes<\/td><td>1:36.020<\/td><td>+2.813<\/td><td>46<\/td><td>C3<\/td><\/tr><tr><td>10<\/td><td>Y TSUNODA<\/td><td>AlphaTauri RBPT<\/td><td>1:36.802<\/td><td>+3.595<\/td><td>120<\/td><td>C3<\/td><\/tr><tr><td>11<\/td><td>V BOTTAS<\/td><td>Alfa Romeo Ferrari<\/td><td>1:36.987<\/td><td>+3.780<\/td><td>25<\/td><td>C2<\/td><\/tr><tr><td>12<\/td><td>M SCHUMACHER<\/td><td>Haas Ferrari<\/td><td>1:37.846<\/td><td>+4.639<\/td><td>23<\/td><td>C2<\/td><\/tr><tr><td>13<\/td><td>G RUSSELL<\/td><td>Mercedes<\/td><td>1:38.585<\/td><td>+5.378<\/td><td>67<\/td><td>PROTOTIPO<\/td><\/tr><tr><td>14<\/td><td>N LATIFI<\/td><td>Williams Mercedes<\/td><td>1:39.845<\/td><td>+6.638<\/td><td>12<\/td><td>PROTOTIPO<\/td><\/tr><tr><td>15<\/td><td>G ZHOU<\/td><td>Alfa Romeo Ferrari<\/td><td>1:39.984<\/td><td>+6.777<\/td><td>48<\/td><td>PROTOTIPO<\/td><\/tr><\/tbody><\/table><\/figure>\n\n\n\n<p class=\"wp-block-paragraph\"><strong><em><strong><em>Nota (*):  Tiempo obtenido en horario extra de la actividad oficial concedido \u00fanicamente a Haas<\/em><\/strong> <\/em><\/strong><\/p>\n","protected":false},"excerpt":{"rendered":"<p>En su vuelta a la F1, Kevin Magnussen aprovech\u00f3 el tiempo extra de ensayos otorgado a Haas y se torn\u00f3 el m\u00e1s r\u00e1pido en los tests en Bahrein.<\/p>\n","protected":false},"author":0,"featured_media":1010055146,"comment_status":"closed","ping_status":"closed","sticky":false,"template":"","format":"standard","meta":{"42wp_featured_image_caption":"","42wp_featured_image_credits":"","42wp_featured_video":"","42wp_featured_image_hidden":false,"42wp_authors_list":[],"footnotes":""},"categories":[5],"tags":[302,181,1495,179,1439,414,430,2284],"42wp_author":[14223],"class_list":["post-23963","post","type-post","status-publish","format-standard","has-post-thumbnail","hentry","category-f1","tag-carlos-sainz","tag-f1","tag-f1-2022","tag-formula-1","tag-formula-1-2022","tag-haas","tag-kevin-magnussen","tag-tests-de-bahrein","42wp_author-esteban-nieto"],"_links":{"self":[{"href":"https:\/\/grandepremio.com\/es\/wp-json\/wp\/v2\/posts\/23963","targetHints":{"allow":["GET"]}}],"collection":[{"href":"https:\/\/grandepremio.com\/es\/wp-json\/wp\/v2\/posts"}],"about":[{"href":"https:\/\/grandepremio.com\/es\/wp-json\/wp\/v2\/types\/post"}],"replies":[{"embeddable":true,"href":"https:\/\/grandepremio.com\/es\/wp-json\/wp\/v2\/comments?post=23963"}],"version-history":[{"count":0,"href":"https:\/\/grandepremio.com\/es\/wp-json\/wp\/v2\/posts\/23963\/revisions"}],"wp:featuredmedia":[{"embeddable":true,"href":"https:\/\/grandepremio.com\/es\/wp-json\/wp\/v2\/media\/1010055146"}],"wp:attachment":[{"href":"https:\/\/grandepremio.com\/es\/wp-json\/wp\/v2\/media?parent=23963"}],"wp:term":[{"taxonomy":"category","embeddable":true,"href":"https:\/\/grandepremio.com\/es\/wp-json\/wp\/v2\/categories?post=23963"},{"taxonomy":"post_tag","embeddable":true,"href":"https:\/\/grandepremio.com\/es\/wp-json\/wp\/v2\/tags?post=23963"},{"taxonomy":"42wp_author","embeddable":true,"href":"https:\/\/grandepremio.com\/es\/wp-json\/wp\/v2\/42wp_author?post=23963"}],"curies":[{"name":"wp","href":"https:\/\/api.w.org\/{rel}","templated":true}]}}