{"id":23991,"date":"2022-03-09T15:45:11","date_gmt":"2022-03-09T18:45:11","guid":{"rendered":"https:\/\/grandepremio.com\/es\/2022\/03\/09\/kevin-magnussen-elegido-haas-f1\/"},"modified":"2022-03-09T15:53:31","modified_gmt":"2022-03-09T18:53:31","slug":"kevin-magnussen-elegido-haas-f1","status":"publish","type":"post","link":"https:\/\/grandepremio.com\/es\/f1\/kevin-magnussen-elegido-haas-f1\/","title":{"rendered":"Magnussen es el elegido por Haas para sustituir a Mazepin y vuelve a la F\u00f3rmula 1"},"content":{"rendered":"\n<p class=\"wp-block-paragraph\">Haas no ha tardado en definir qui\u00e9n ser\u00e1 el sustituto de Nikita Mazepin para la temporada 2022 de F\u00f3rmula 1. Aunque sorprendente, la escuder\u00eda de Gene Haas opt\u00f3 por una soluci\u00f3n conocida y firm\u00f3 un nuevo contrato a Kevin Magnussen. El dan\u00e9s defendi\u00f3 al equipo americano entre 2017 y 2020.<\/p>\n\n\n\n<p class=\"wp-block-paragraph\">Magnussen acab\u00f3 perdiendo su puesto en la escuder\u00eda para 2021 por la llegada enderezada de Mazepin, que deposit\u00f3 una jugosa aportaci\u00f3n econ\u00f3mica en las cuentas de Haas. Resulta que el conflicto entre Rusia y Ucrania cambi\u00f3 todo ese escenario. <a href=\"https:\/\/grandepremio.com\/es\/\/f1\/haas-encierra-patrocinio-ruso-y-despide-a-mazepin-pero-sin-nombrar-un-substituto\/\">El equipo de Carolina del Norte necesitaba deshacerse del patrocinio de Mazepin y, en consecuencia, despedirlo<\/a>.<\/p>\n\n\n\n<p class=\"wp-block-paragraph\">Se esperaba que el nombre elegido por Haas fuera el del brasile\u00f1o Pietro Fittipaldi, piloto reserva de la escuder\u00eda americana desde 2019. En una entrevista, Guenther Steiner lleg\u00f3 a afirmar que el piloto era &#8220;el primero en la fila&#8221; para un posible puesto en el asiento de Mazepin.<\/p>\n\n\n\n<p class=\"wp-block-paragraph\">&#8220;Estoy encantado de tener a Kevin Magnussen de vuelta en Haas&#8221;, coment\u00f3 Guenther Steiner. &#8220;A la hora de buscar un piloto que pudiera aportar valor al equipo, adem\u00e1s de una gran experiencia en la F\u00f3rmula 1, Kevin fue una decisi\u00f3n sencilla para nosotros. La disponibilidad inmediata de Kevin significa que podemos aprovecharlo como recurso de tests de pretemporada junto a Mick Schumacher y Pietro Fittipaldi&#8221;, agreg\u00f3.<\/p>\n\n\n\n<p class=\"wp-block-paragraph\"><strong><strong>\u00a1Conoce el canal de Grande Pr\u00eamio en Espa\u00f1ol en\u00a0<a href=\"https:\/\/www.youtube.com\/channel\/UCDxWojGVUi9gWYhrY0pGbIQ\" target=\"_blank\" rel=\"noreferrer noopener\">YouTube<\/a>!<br>\u00a1Sigue a\u00a0Grande Pr\u00eamio en Espa\u00f1ol\u00a0en\u00a0<a href=\"https:\/\/twitter.com\/grandepremioES\" target=\"_blank\" rel=\"noreferrer noopener\">Twitter\u00a0<\/a>y en\u00a0<a href=\"https:\/\/www.instagram.com\/grandepremioes\/\" target=\"_blank\" rel=\"noreferrer noopener\">Instagram<\/a>!<\/strong><\/strong><\/p>\n\n\n\n<p class=\"wp-block-paragraph\">Steiner confirm\u00f3 que Fittipaldi abrir\u00e1 la semana conduciendo el coche de Haas el jueves por la tarde. &#8220;Es una gran oportunidad para \u00e9l, con Mick y Kevin haciendo el resto antes del GP de Bahrein&#8221;, se\u00f1al\u00f3 Steiner.<\/p>\n\n\n\n<p class=\"wp-block-paragraph\">Magnussen admiti\u00f3 que estaba &#8220;muy sorprendido, pero igualmente muy emocionado&#8221; al recibir la llamada de Haas. &#8220;Estaba mirando en otra direcci\u00f3n con respecto a mis compromisos para 2022, pero la oportunidad de competir de nuevo en la F\u00f3rmula 1, y con un equipo que conozco extremadamente bien, era simplemente muy atractiva&#8221;, afirm\u00f3 el dan\u00e9s.<\/p>\n\n\n\n<p class=\"wp-block-paragraph\">Kevin dio las gracias a Peugeot y a Chip Ganassi Racing por liberarle de sus compromisos en el campeonato de resistencia. &#8220;Y, por supuesto, tambi\u00e9n quiero dar las gracias a Gene Haas y a Guenther Steiner por la oportunidad de reanudar mi carrera en la F\u00f3rmula 1; s\u00e9 lo competitivos que son y las ganas que tienen de volver a competir semana tras semana&#8221;, declar\u00f3. &#8220;Me han informado todo lo posible sobre el desarrollo del VF-22 y el potencial del paquete. Hay trabajo por hacer, pero me entusiasma formar parte de \u00e9l. Estoy deseando volver a ponerme al volante de un coche de F\u00f3rmula 1 en Bahr\u00e9in&#8221;, a\u00f1adi\u00f3.<\/p>\n\n\n\n<figure class=\"wp-block-image size-large\"><img decoding=\"async\" src=\"https:\/\/www.grandepremio.com\/br\/wp-content\/uploads\/2021\/08\/Kevin-Magnussen-2-1024x684.jpg\" alt=\"\" class=\"wp-image-501730\"\/><figcaption>Kevin Magnussen vuelve a la F\u00f3rmula 1. De nuevo, con Haas (Foto: Indycar)<\/figcaption><\/figure>\n\n\n\n<p class=\"wp-block-paragraph\">Mazepin deja la F\u00f3rmula 1 antes incluso de comenzar su segunda temporada en la categor\u00eda. El ruso debut\u00f3 en 2021, de la mano de Haas, rodeado de dudas y pol\u00e9mica por el dinero invertido en el equipo a\u00fan sin grandes resultados en las categor\u00edas inferiores. Adem\u00e1s, incluso antes de debutar, fue filmado en un caso de acoso sexual.<\/p>\n\n\n\n<p class=\"wp-block-paragraph\">En la pista, tampoco se ech\u00f3 de menos al piloto, con accidentes, errores y quejas de sus compa\u00f1eros de parrilla. Con un coche d\u00e9bil en sus manos, termin\u00f3 el campeonato en la \u00faltima posici\u00f3n, sin sumar puntos. Aunque s\u00f3lo tuvo cuatro abandonos, su mejor resultado fue el 14\u00ba puesto en el GP de Azerbaiy\u00e1n.<\/p>\n\n\n\n<p class=\"wp-block-paragraph\">El movimiento se debe a la delicada situaci\u00f3n de Mazepin tras las diversas sanciones aplicadas a los deportistas rusos y, por supuesto, a la ruptura con el principal patrocinador del equipo. A pesar de que la Federaci\u00f3n Internacional del Autom\u00f3vil [FIA] ha decidido que los pilotos y equipos de Rusia podr\u00e1n continuar en el deporte del motor bajo una bandera neutral, Motorsport UK, el organismo que rige el deporte en el Reino Unido, adopt\u00f3 una postura diferente.<\/p>\n\n\n\n<figure class=\"wp-block-image size-large\"><img decoding=\"async\" src=\"https:\/\/www.grandepremio.com\/br\/wp-content\/uploads\/2020\/05\/Mazepin-1024x683.jpg\" alt=\"NIKITA MAZEPIN; HAAS; F1; F\u00d3RMULA 1; GP DE ABU DHABI;\" class=\"wp-image-531648\"\/><figcaption>El futuro del piloto ruso en la F1 pende de un hilo (Foto: FIA Pool\/LAT Images\/Haas)<\/figcaption><\/figure>\n\n\n\n<p class=\"wp-block-paragraph\">Europa del Este vive d\u00edas de gran tensi\u00f3n. Desde el 24 de febrero, las tropas rusas han invadido el territorio ucraniano, avanzando hacia la capital, Kiev, que est\u00e1 siendo bombardeada a diario. La invasi\u00f3n a gran escala del territorio ucraniano se est\u00e1 produciendo por tierra, mar y aire y, seg\u00fan la ONU, ya hay cientos de v\u00edctimas civiles en varias ciudades. M\u00e1s de 2 millones ucranianos han abandonado ya el pa\u00eds huyendo de la guerra.<\/p>\n\n\n\n<p class=\"wp-block-paragraph\">La situaci\u00f3n ha afectado a Haas, que tiene como principal patrocinador a un gigante ruso de los fertilizantes. El dinero ruso, por cierto, es tambi\u00e9n lo que ha sostenido el puesto del piloto ruso en el equipo. Uralkali, la empresa de Dmitry Mazepin, tiene estrechos v\u00ednculos con el gobierno del presidente Vladimir Putin.<\/p>\n\n\n\n<p class=\"wp-block-paragraph\">En el \u00faltimo d\u00eda de tests en Barcelona, el equipo americano apareci\u00f3 sin la marca Uralkali en los coches y tambi\u00e9n sin los colores de la bandera rusa. Ante la prensa, Steiner asegur\u00f3 que el equipo no se ver\u00eda afectado por la situaci\u00f3n, pero no garantiz\u00f3 el puesto de Mazepin. &#8220;No todo depende de nosotros&#8221;, dijo en aquel momento.<\/p>\n\n\n\n<h3 class=\"wp-block-heading\"><strong>El conflicto entre Rusia y Ucrania:<\/strong><\/h3>\n\n\n\n<p class=\"wp-block-paragraph\">El d\u00eda 21, el presidente ruso Vladimir Putin reconoci\u00f3, mediante un decreto, la independencia de las provincias separatistas ucranianas de Donetsk y Luhansk. La medida gener\u00f3 sanciones de la Uni\u00f3n Europea y Estados Unidos al gobierno y las empresas rusas, aumentando tambi\u00e9n el temor a un enfrentamiento en la regi\u00f3n.<\/p>\n\n\n\n<p class=\"wp-block-paragraph\">La tensi\u00f3n se intensific\u00f3 definitivamente en el este de Europa el pasado d\u00eda 24, cuando Rusia atac\u00f3 a Ucrania en una acci\u00f3n calificada por Kiev de &#8220;invasi\u00f3n total&#8221;. A las 5:45 horas [23:45 horas del mi\u00e9rcoles, hora de Brasilia], Putin anunci\u00f3 en un comunicado una &#8220;operaci\u00f3n militar especial&#8221; para &#8220;proteger a la poblaci\u00f3n del Donbass&#8221;, una zona de mayor\u00eda \u00e9tnica rusa en el este de Ucrania, donde se encuentran Donetsk y Luhansk.<\/p>\n\n\n\n<p class=\"wp-block-paragraph\"><strong>LEE TAMBI\u00c9N<\/strong><br>#\u00a0<strong><a href=\"https:\/\/grandepremio.com\/es\/\/f1\/mazepin-sorprendido-despido-haas\/\">Mazepin se muestra sorprendido por el despido de Haas, pero descarta los tribunales<\/a><\/strong><\/p>\n\n\n\n<p class=\"wp-block-paragraph\">El mando militar ruso afirma que &#8220;las armas de precisi\u00f3n est\u00e1n degradando la infraestructura militar, las bases a\u00e9reas y la aviaci\u00f3n de las Fuerzas Armadas de Ucrania&#8221;. Putin dijo que Rusia no planeaba una ocupaci\u00f3n de Ucrania, pero amenaz\u00f3 con una respuesta &#8220;inmediata&#8221; a cualquiera que intentara interrumpir la operaci\u00f3n. El gobernante ruso recomend\u00f3 a los soldados ucranianos que se rindieran y volvieran a casa. &#8220;De lo contrario, se culpar\u00eda a la propia Ucrania del derramamiento de sangre&#8221;, advirti\u00f3.<\/p>\n\n\n\n<p class=\"wp-block-paragraph\">El presidente ucraniano Volodymyr Zelensky ha decretado la ley marcial en todo el pa\u00eds. De esa manera, instituy\u00f3 un r\u00e9gimen de guerra y retirando a un gran n\u00famero de reservistas de las fuerzas armadas. Adem\u00e1s, impidi\u00f3 que los hombres de entre 18 y 60 a\u00f1os salgan del pa\u00eds durante los pr\u00f3ximos d\u00edas.<\/p>\n\n\n\n<p class=\"wp-block-paragraph\">La crisis militar es una de las mayores desde la Segunda Guerra Mundial y la m\u00e1s grave en Europa que afecta a una potencia nuclear.<\/p>\n","protected":false},"excerpt":{"rendered":"<p>Haas ha dado un golpe de tim\u00f3n sobre qui\u00e9n ser\u00e1 el compa\u00f1ero de equipo de Mick Schumacher para 2022. Kevin Magnussen ha sido elegido por el equipo estadounidense<\/p>\n","protected":false},"author":0,"featured_media":1010054660,"comment_status":"closed","ping_status":"closed","sticky":false,"template":"","format":"standard","meta":{"42wp_featured_image_caption":"","42wp_featured_image_credits":"","42wp_featured_video":"","42wp_featured_image_hidden":false,"42wp_authors_list":[],"footnotes":""},"categories":[5],"tags":[392,181,1495,179,1488,2237,1469,414,430,371,486,1136,2284,2234,2068],"42wp_author":[14234],"class_list":["post-23991","post","type-post","status-publish","format-standard","has-post-thumbnail","hentry","category-f1","tag-antonio-giovinazzi","tag-f1","tag-f1-2022","tag-formula-1","tag-grande-premio","tag-grandepremio","tag-guenther-steiner","tag-haas","tag-kevin-magnussen","tag-mick-schumacher","tag-nico-hulkenberg","tag-pietro-fittipaldi","tag-tests-de-bahrein","tag-tests-de-barcelona","tag-tests-de-pretemporada","42wp_author-douglas-rocha"],"_links":{"self":[{"href":"https:\/\/grandepremio.com\/es\/wp-json\/wp\/v2\/posts\/23991","targetHints":{"allow":["GET"]}}],"collection":[{"href":"https:\/\/grandepremio.com\/es\/wp-json\/wp\/v2\/posts"}],"about":[{"href":"https:\/\/grandepremio.com\/es\/wp-json\/wp\/v2\/types\/post"}],"replies":[{"embeddable":true,"href":"https:\/\/grandepremio.com\/es\/wp-json\/wp\/v2\/comments?post=23991"}],"version-history":[{"count":0,"href":"https:\/\/grandepremio.com\/es\/wp-json\/wp\/v2\/posts\/23991\/revisions"}],"wp:featuredmedia":[{"embeddable":true,"href":"https:\/\/grandepremio.com\/es\/wp-json\/wp\/v2\/media\/1010054660"}],"wp:attachment":[{"href":"https:\/\/grandepremio.com\/es\/wp-json\/wp\/v2\/media?parent=23991"}],"wp:term":[{"taxonomy":"category","embeddable":true,"href":"https:\/\/grandepremio.com\/es\/wp-json\/wp\/v2\/categories?post=23991"},{"taxonomy":"post_tag","embeddable":true,"href":"https:\/\/grandepremio.com\/es\/wp-json\/wp\/v2\/tags?post=23991"},{"taxonomy":"42wp_author","embeddable":true,"href":"https:\/\/grandepremio.com\/es\/wp-json\/wp\/v2\/42wp_author?post=23991"}],"curies":[{"name":"wp","href":"https:\/\/api.w.org\/{rel}","templated":true}]}}