{"id":24008,"date":"2022-03-07T19:09:22","date_gmt":"2022-03-07T22:09:22","guid":{"rendered":"https:\/\/grandepremio.com\/es\/2022\/03\/07\/verstappen-revela-respuesta-de-masi-a-mensaje-y-mas-motivacion-para-2022\/"},"modified":"2022-03-07T19:09:23","modified_gmt":"2022-03-07T22:09:23","slug":"verstappen-revela-respuesta-de-masi-a-mensaje-y-mas-motivacion-para-2022","status":"publish","type":"post","link":"https:\/\/grandepremio.com\/es\/f1\/verstappen-revela-respuesta-de-masi-a-mensaje-y-mas-motivacion-para-2022\/","title":{"rendered":"Verstappen revela respuesta de Masi a mensaje y m\u00e1s motivaci\u00f3n para 2022"},"content":{"rendered":"\n<p class=\"wp-block-paragraph\">Despu\u00e9s de decir que envi\u00f3 un mensaje privado a Michael Masi tras la marcha del ahora ex director de carrera de <a href=\"https:\/\/grandepremio.com\/es\/\/categoria\/f1\/\" target=\"_blank\" rel=\"noreferrer noopener\">F\u00f3rmula 1<\/a>, Max Verstappen revel\u00f3 la respuesta del australiano. El holand\u00e9s de Red Bull fue uno de los m\u00e1s cr\u00edticos con la decisi\u00f3n de la FIA, que culmin\u00f3 con el adi\u00f3s del cargo de Masi.<\/p>\n\n\n\n<p class=\"wp-block-paragraph\">Tras la investigaci\u00f3n sobre la decisi\u00f3n por el campeonato 2021, la entidad determin\u00f3 que Niels Wittich y Eduardo Freitas se alternar\u00e1n en el puesto de direcci\u00f3n de carrera, con la asistencia del veterano Herbie Blash.<\/p>\n\n\n\n<p class=\"wp-block-paragraph\"><strong>\u00a1Conoce el canal de Grande Pr\u00eamio en Espa\u00f1ol en\u00a0<a href=\"https:\/\/www.youtube.com\/channel\/UCDxWojGVUi9gWYhrY0pGbIQ\">YouTube<\/a>!<br>\u00a1Sigue a\u00a0Grande Pr\u00eamio en Espa\u00f1ol\u00a0en\u00a0<a href=\"https:\/\/twitter.com\/grandepremioES\" target=\"_blank\" rel=\"noreferrer noopener\">Twitter\u00a0<\/a>y en\u00a0<a href=\"https:\/\/www.instagram.com\/grandepremioes\/\" target=\"_blank\" rel=\"noreferrer noopener\">Instagram<\/a>!<\/strong><\/p>\n\n\n\n<figure class=\"wp-block-image size-large\"><img decoding=\"async\" src=\"https:\/\/www.grandepremio.com\/br\/wp-content\/uploads\/2021\/12\/redbull-maxverstappen-10-1-1024x683.jpg\" alt=\"\" class=\"wp-image-532124\"\/><figcaption>Verstappen fue campe\u00f3n mundial en la carrera que determin\u00f3 la salida de Masi (Foto: Red Bull Content Pool)<\/figcaption><\/figure>\n\n\n\n<p class=\"wp-block-paragraph\">Verstappen, vale recordar, se consagr\u00f3 campe\u00f3n precisamente en la carrera que influy\u00f3 en la destituci\u00f3n de Masi del rol. El australiano adopt\u00f3 una postura controvertida durante el per\u00edodo del coche de seguridad en las \u00faltimas vueltas del GP de Abu Dabi, dejando pasar solo a los doblados que estaban entre los aspirantes al t\u00edtulo. Tom\u00f3 esa decisi\u00f3n en lugar de liberarlos a todos o a ninguno como exigen las normas.<\/p>\n\n\n\n<p class=\"wp-block-paragraph\">&#8220;\u00c9l (Masi) apreci\u00f3 mi mensaje. Tambi\u00e9n recibi\u00f3 algunos otros. Fue reconfortante para \u00e9l. Tuve mis momentos con los comisarios, pero al final del d\u00eda, deben respetarse mutuamente. No siempre tenemos que estar de acuerdo. El objetivo es hacer que las carreras sean mejores y m\u00e1s emocionantes, pero tambi\u00e9n justas\u201d, dijo el actual campe\u00f3n mundial al Daily Mail.<\/p>\n\n\n\n<p class=\"wp-block-paragraph\">El holand\u00e9s de Red Bull tambi\u00e9n revel\u00f3 que sinti\u00f3 menos presi\u00f3n para la temporada 2022 de F\u00f3rmula 1 debido a que gan\u00f3 el t\u00edtulo. Sin embargo, seg\u00fan el joven de 24 a\u00f1os, esto no significa una menor motivaci\u00f3n, sino todo lo contrario.<\/p>\n\n\n\n<figure class=\"wp-block-image size-large\"><img decoding=\"async\" src=\"https:\/\/www.grandepremio.com\/br\/wp-content\/uploads\/2022\/02\/Max-Verstappen-2-1024x576.jpg\" alt=\"\" class=\"wp-image-539540\"\/><figcaption>Holand\u00eas admitiu que sente menos press\u00e3o para a temporada de 2022 (Foto: Red Bull Content Pool)<\/figcaption><\/figure>\n\n\n\n<p class=\"wp-block-paragraph\">&#8220;Siempre querr\u00e9 ganar. Pero la mentalidad desesperada de &#8216;necesidad de ganar&#8217; se ha ido. No significa que est\u00e9 menos motivado, tengo el mismo nivel de motivaci\u00f3n, tal vez incluso mayor, para volver a ganar&#8221;, dijo Verstappen.<\/p>\n\n\n\n<p class=\"wp-block-paragraph\">&#8220;Es una sensaci\u00f3n buena y relajante. Ya no hay tanta desesperaci\u00f3n. Ya estaba en mi s\u00e9ptima temporada, nunca antes hab\u00eda tenido una oportunidad real por el t\u00edtulo. Tuve mi primera oportunidad y, por supuesto, quer\u00eda desesperadamente ganar. Ganar un campeonato es una de esas cosas que no pasan a menudo. Puede que nunca vuelva a pasar, \u00bfqui\u00e9n sabe?\u201d, describi\u00f3.<\/p>\n\n\n\n<p class=\"wp-block-paragraph\">Tras las sesiones en Barcelona, \u200b\u200bMax Verstappen vuelve a acelerar su RB18 entre este viernes y este s\u00e1bado, as\u00ed como el resto de la parrilla, para la segunda ronda de pruebas de pretemporada de F\u00f3rmula 1 en Bar\u00e9in. La temporada de F1 comienza oficialmente el d\u00eda 20, tambi\u00e9n en el desierto de Bahrein.<\/p>\n","protected":false},"excerpt":{"rendered":"<p>Max Verstappen dijo que Michael Masi, el exdirector de carrera de F1 le agradeci\u00f3 la demostraci\u00f3n p\u00fablica de apoyo a su despido. <\/p>\n","protected":false},"author":0,"featured_media":1010054578,"comment_status":"closed","ping_status":"closed","sticky":false,"template":"","format":"standard","meta":{"42wp_featured_image_caption":"","42wp_featured_image_credits":"","42wp_featured_video":"","42wp_featured_image_hidden":false,"42wp_authors_list":[],"footnotes":""},"categories":[5],"tags":[1567,181,1233,1495,263,179,249,449,2086,206],"42wp_author":[14233],"class_list":["post-24008","post","type-post","status-publish","format-standard","has-post-thumbnail","hentry","category-f1","tag-director-de-carrera","tag-f1","tag-f1-2021","tag-f1-2022","tag-fia","tag-formula-1","tag-max-verstappen","tag-michael-masi","tag-pretemporada-f1","tag-red-bull","42wp_author-eric-calduch"],"_links":{"self":[{"href":"https:\/\/grandepremio.com\/es\/wp-json\/wp\/v2\/posts\/24008","targetHints":{"allow":["GET"]}}],"collection":[{"href":"https:\/\/grandepremio.com\/es\/wp-json\/wp\/v2\/posts"}],"about":[{"href":"https:\/\/grandepremio.com\/es\/wp-json\/wp\/v2\/types\/post"}],"replies":[{"embeddable":true,"href":"https:\/\/grandepremio.com\/es\/wp-json\/wp\/v2\/comments?post=24008"}],"version-history":[{"count":0,"href":"https:\/\/grandepremio.com\/es\/wp-json\/wp\/v2\/posts\/24008\/revisions"}],"wp:featuredmedia":[{"embeddable":true,"href":"https:\/\/grandepremio.com\/es\/wp-json\/wp\/v2\/media\/1010054578"}],"wp:attachment":[{"href":"https:\/\/grandepremio.com\/es\/wp-json\/wp\/v2\/media?parent=24008"}],"wp:term":[{"taxonomy":"category","embeddable":true,"href":"https:\/\/grandepremio.com\/es\/wp-json\/wp\/v2\/categories?post=24008"},{"taxonomy":"post_tag","embeddable":true,"href":"https:\/\/grandepremio.com\/es\/wp-json\/wp\/v2\/tags?post=24008"},{"taxonomy":"42wp_author","embeddable":true,"href":"https:\/\/grandepremio.com\/es\/wp-json\/wp\/v2\/42wp_author?post=24008"}],"curies":[{"name":"wp","href":"https:\/\/api.w.org\/{rel}","templated":true}]}}