{"id":2401,"date":"2026-03-04T08:00:00","date_gmt":"2026-03-04T11:00:00","guid":{"rendered":"https:\/\/grandepremio.com\/es\/2026\/03\/04\/mattia-colnaghi-mp-motorsport-nicolas-varrone-var-franco-colapinto-alpine-f1-2026\/"},"modified":"2026-03-05T03:21:48","modified_gmt":"2026-03-05T06:21:48","slug":"mattia-colnaghi-mp-motorsport-nicolas-varrone-var-franco-colapinto-alpine-f1-2026","status":"publish","type":"post","link":"https:\/\/grandepremio.com\/es\/f3\/mattia-colnaghi-mp-motorsport-nicolas-varrone-var-franco-colapinto-alpine-f1-2026\/","title":{"rendered":"Colnaghi destaca influencia de Colapinto y Varrone: &#8220;Puedo aprender mucho de ellos&#8221;"},"content":{"rendered":"\n<p class=\"wp-block-paragraph\"><strong>Mattia Colnaghi<\/strong> destac\u00f3 la importancia de tener tres pilotos argentinos compartiendo los fines de semana de <strong>F1<\/strong>. El piloto de <strong>MP Motorsport<\/strong>, que debuta en la <strong>F\u00f3rmula 3 <\/strong>este fin de semana, destac\u00f3 el apoyo de los aficionados argentinos durante su etapa en las categor\u00edas formativas y explic\u00f3 los motivos que motivaron su decisi\u00f3n de representar al pa\u00eds sudamericano en su nueva etapa en el automovilismo. <\/p>\n\n\n\n<p class=\"wp-block-paragraph\">\ud83d\udfe5&nbsp;<strong><em>\u00a1Todas las novedades te esperan en el canal de&nbsp;<\/em><\/strong><a href=\"https:\/\/www.youtube.com\/@GrandePremioES\"><em>YouTube<\/em><\/a><strong><em>&nbsp;de Grande Pr\u00eamio en Espa\u00f1ol!<\/em><\/strong>&nbsp;\ud83d\udfe8<\/p>\n\n\n\n<p class=\"wp-block-paragraph\">Hijo de madre argentina y padre italiano, <strong>Colnaghi <\/strong>recibi\u00f3 en diciembre la licencia deportiva argentina y podr\u00e1 representar al pa\u00eds en la <strong>F3 <\/strong>a partir de 2026. En una rueda de prensa en la que particip\u00f3 GRANDE PREMIO en ESPA\u00d1OL, explic\u00f3 su relaci\u00f3n con el pa\u00eds y destac\u00f3 el apoyo de los aficionados durante su etapa en la <strong>Eurocup-3<\/strong>. <\/p>\n\n\n\n<p class=\"wp-block-paragraph\">&#8220;Fue una decisi\u00f3n que tom\u00e9 en 2025, mientras corr\u00eda en la <strong>Eurocup<\/strong>. Recib\u00ed mucho apoyo<br>de <strong>Argentina<\/strong>, incluso corriendo con la bandera italiana, y pens\u00e9 en representarlos&#8221;, declar\u00f3 <strong>Mattia<\/strong>.<\/p>\n\n\n\n<p class=\"wp-block-paragraph\">&#8220;Mi madre es argentina, chubutense, pero ahora vive en <strong>Italia <\/strong>y all\u00ed conoci\u00f3 a mi padre. Tengo dos hermanos, todos radicados en <strong>Italia<\/strong>. Cada a\u00f1o viajo a <strong>Argentina <\/strong>y paso dos o tres semanas para compartir con mi familia, esa es mi relaci\u00f3n con el pa\u00eds&#8221;, a\u00f1adi\u00f3. <\/p>\n\n\n\n<p class=\"wp-block-paragraph\">&#8220;Creo que es muy bueno para los argentinos tener a tres pilotos compitiendo en las<br>categor\u00edas m\u00e1s importantes del mundo. Ser\u00e1 la primera vez que competir\u00e9 junto a la <strong>F1<\/strong>, es una emoci\u00f3n \u00fanica compartir pista con mis \u00eddolos y estar junto a ellos en el <strong>paddock<\/strong>&#8220;, destac\u00f3.<\/p>\n\n\n\n<p class=\"wp-block-paragraph\">\u23e9&nbsp;<strong><em>\u00a1Seguinos en redes por&nbsp;<\/em><\/strong><a href=\"https:\/\/twitter.com\/grandepremioES\"><em>Twitter&nbsp;<\/em><\/a><strong><em>e&nbsp;<\/em><\/strong><a href=\"https:\/\/www.instagram.com\/grandepremioes\/\"><em>Instagram!<\/em><\/a><br>\u23e9&nbsp;<strong><em>Adem\u00e1s, tenemos nuestro&nbsp;<\/em><\/strong><a href=\"https:\/\/whatsapp.com\/channel\/0029VaDZ5zb0gcfDxuwxBM05\"><em>canal de Whatsapp<\/em><\/a><strong><em>&nbsp;con toda la informaci\u00f3n al instante<\/em><\/strong>&nbsp;\ud83c\udfc1<\/p>\n\n\n\n<figure class=\"wp-block-image size-full\"><img decoding=\"async\" src=\"https:\/\/grandepremio.com\/es\/wp-content\/uploads\/2026\/03\/\ud83c\udde6\ud83c\uddf7NICO-VARRONE-Y-MATTIA-COLNAGHI-LISTOS-PARA-EL-FIN-DE-SEMANA-EN-\ud83c\udde6\ud83c\uddfaMELBOURNEmattia-f3-f2-.jpg\" alt=\"\" class=\"wp-image-394284\"\/><figcaption class=\"wp-element-caption\">Mattia Colnaghi junto a Nicol\u00e1s Varrone en la previa de la primera fecha de la temporada 2026 de F3 (Foto: Coraz\u00f3n de F1)<\/figcaption><\/figure>\n\n\n\n<p class=\"wp-block-paragraph\">Por otra parte, ante la consulta de este medio, el joven de 17 a\u00f1os mencion\u00f3 la importancia de contar con tres pilotos argentinos en la \u00f3rbita de la <strong>F1<\/strong>. Adem\u00e1s de <strong>Franco Colapinto<\/strong>, que competir\u00e1 con <strong>Alpine <\/strong>en 2026, en la <strong>F\u00f3rmula 2<\/strong> estar\u00e1 <strong>Nicol\u00e1s Varrone<\/strong>, que debutar\u00e1 con <strong>Van Amersfoort Racing<\/strong>, y el propio <strong>Colnaghi <\/strong>en <strong>F3<\/strong>. En ese sentido, <strong>Mattia <\/strong>record\u00f3 su encuentro con <strong>Varrone <\/strong>a mediados de diciembre y mencion\u00f3 que le gustar\u00eda conocer a <strong>Colapinto<\/strong> en un fin de semana de carreras.<\/p>\n\n\n\n<p class=\"wp-block-paragraph\">&#8220;No conozco personalmente a <strong>Franco <\/strong>[<strong>Colapinto<\/strong>] todav\u00eda, espero hacerlo en alg\u00fan fin de semana de <strong>F1<\/strong>. A <strong>Nico <\/strong>[<strong>Varrone<\/strong>] lo conoc\u00ed mientras hac\u00edamos la licencia m\u00e9dica en el <strong>ACA <\/strong>en diciembre, es un gran chico, muy bueno y siento que podemos tener una buena relaci\u00f3n&#8221;, destac\u00f3. <\/p>\n\n\n\n<p class=\"wp-block-paragraph\">&#8220;Ellos tienen mucha m\u00e1s experiencia y un estilo de conducci\u00f3n m\u00e1s afinado, puedo observarlos y aprender. Ser\u00e1 muy valioso compartir un fin de semana con ellos&#8221;, concluy\u00f3. <\/p>\n\n\n\n<p class=\"wp-block-paragraph\">La temporada 2026 de&nbsp;<strong>F\u00f3rmula 3<\/strong>&nbsp;comenzar\u00e1 el 7 y 8 de marzo en el circuito de&nbsp;<strong>Albert Park<\/strong>&nbsp;en&nbsp;<strong>Melbourne, Australia<\/strong>.<\/p>\n\n\n\n<figure class=\"wp-block-embed is-type-video is-provider-youtube wp-block-embed-youtube wp-embed-aspect-16-9 wp-has-aspect-ratio\"><div class=\"wp-block-embed__wrapper\">\n<iframe loading=\"lazy\" title=\"EL SEM\u00c1FORO DE LA TEMPORADA: DESTACADOS Y DECEPCIONES DE F1 2025\" width=\"500\" height=\"281\" src=\"https:\/\/www.youtube.com\/embed\/ASM4PJM4YXg?feature=oembed\" frameborder=\"0\" allow=\"accelerometer; autoplay; clipboard-write; encrypted-media; gyroscope; picture-in-picture; web-share\" referrerpolicy=\"strict-origin-when-cross-origin\" allowfullscreen><\/iframe>\n<\/div><\/figure>\n","protected":false},"excerpt":{"rendered":"<p>Mattia Colnaghi explic\u00f3 los motivos que lo impulsaron a representar a Argentina en su primera temporada en F\u00f3rmula 3, y destac\u00f3 la influencia de Nicol\u00e1s Varrone y Franco Colapinto en su carrera deportiva<\/p>\n","protected":false},"author":0,"featured_media":1010394282,"comment_status":"closed","ping_status":"closed","sticky":false,"template":"","format":"standard","meta":{"42wp_featured_image_caption":"","42wp_featured_image_credits":"","42wp_featured_video":"","42wp_featured_image_hidden":false,"42wp_authors_list":[],"footnotes":""},"categories":[4],"tags":[678,181,257,277,12745,179,211,11261,814,1488,11070,387,5382,12879,2089,2090],"42wp_author":[14223,14239],"class_list":["post-2401","post","type-post","status-publish","format-standard","has-post-thumbnail","hentry","category-f3","tag-alpine","tag-f1","tag-f2","tag-f3","tag-f3-2026","tag-formula-1","tag-formula-2","tag-formula-3-2026","tag-franco-colapinto","tag-grande-premio","tag-mattia-colnaghi","tag-mp-motorsport","tag-nicolas-varrone","tag-temporada-2026-f3","tag-van-amersfoort-racing","tag-var","42wp_author-esteban-nieto","42wp_author-jp-otrosky"],"_links":{"self":[{"href":"https:\/\/grandepremio.com\/es\/wp-json\/wp\/v2\/posts\/2401","targetHints":{"allow":["GET"]}}],"collection":[{"href":"https:\/\/grandepremio.com\/es\/wp-json\/wp\/v2\/posts"}],"about":[{"href":"https:\/\/grandepremio.com\/es\/wp-json\/wp\/v2\/types\/post"}],"replies":[{"embeddable":true,"href":"https:\/\/grandepremio.com\/es\/wp-json\/wp\/v2\/comments?post=2401"}],"version-history":[{"count":0,"href":"https:\/\/grandepremio.com\/es\/wp-json\/wp\/v2\/posts\/2401\/revisions"}],"wp:featuredmedia":[{"embeddable":true,"href":"https:\/\/grandepremio.com\/es\/wp-json\/wp\/v2\/media\/1010394282"}],"wp:attachment":[{"href":"https:\/\/grandepremio.com\/es\/wp-json\/wp\/v2\/media?parent=2401"}],"wp:term":[{"taxonomy":"category","embeddable":true,"href":"https:\/\/grandepremio.com\/es\/wp-json\/wp\/v2\/categories?post=2401"},{"taxonomy":"post_tag","embeddable":true,"href":"https:\/\/grandepremio.com\/es\/wp-json\/wp\/v2\/tags?post=2401"},{"taxonomy":"42wp_author","embeddable":true,"href":"https:\/\/grandepremio.com\/es\/wp-json\/wp\/v2\/42wp_author?post=2401"}],"curies":[{"name":"wp","href":"https:\/\/api.w.org\/{rel}","templated":true}]}}