{"id":24024,"date":"2022-03-06T12:34:38","date_gmt":"2022-03-06T15:34:38","guid":{"rendered":"https:\/\/grandepremio.com\/es\/2022\/03\/06\/steiner-define-perdida-de-patrocinador-y-mazepin-como-piedra-en-el-camino\/"},"modified":"2022-03-06T12:34:39","modified_gmt":"2022-03-06T15:34:39","slug":"steiner-define-perdida-de-patrocinador-y-mazepin-como-piedra-en-el-camino","status":"publish","type":"post","link":"https:\/\/grandepremio.com\/es\/f1\/steiner-define-perdida-de-patrocinador-y-mazepin-como-piedra-en-el-camino\/","title":{"rendered":"Steiner define p\u00e9rdida de patrocinador y Mazepin como &#8220;piedra en el camino&#8221;"},"content":{"rendered":"\n<p class=\"wp-block-paragraph\">El conflicto entre Rusia y Ucrania ha tenido graves consecuencias para <a href=\"https:\/\/grandepremio.com\/es\/\/categoria\/f1\/\" target=\"_blank\" rel=\"noreferrer noopener\">Haas<\/a>. Pero el equipo norteamericano no dud\u00f3 y r\u00e1pidamente rescindi\u00f3 el contrato con Uralkali, la empresa rusa de fertilizantes que era el patrocinador principal. Sin el apoyo financiero de la empresa de su padre, Nikita Mazepin tambi\u00e9n perdi\u00f3 su lugar en el equipo de Gene Hass, quien a\u00fan no ha anunciado un reemplazo.<\/p>\n\n\n\n<p class=\"wp-block-paragraph\">Gunther Steiner, jefe del equipo de Carolina del Norte, se mostr\u00f3 tranquilo al afrontar la situaci\u00f3n. Haas ya ha pasado por otras situaciones complicadas con los patrocinadores, con \u00e9nfasis en la conflictiva relaci\u00f3n con la marca de bebidas energ\u00e9ticas, Rich Energy, y para el italiano ser\u00e1 un obst\u00e1culo m\u00e1s a superar.<\/p>\n\n\n\n<p class=\"wp-block-paragraph\">\u201cNo estoy tan preocupado. Ya he pasado por cosas dif\u00edciles\u201d, record\u00f3 el t\u00e9cnico poco despu\u00e9s del anuncio de la marcha de Uralkali en Barcelona. &#8220;Fue un trabajo duro, pero ten\u00eda un grupo de personas ayud\u00e1ndome. No puedes hacerlo solo, pero el equipo en la pista no se ve afectado por eso. Habl\u00e9 con ellos y les dije que no hay nada de qu\u00e9 preocuparse. Est\u00e1 todo bien. Esto es un tropiezo que no esper\u00e1bamos y nadie espera tener\u201d, explic\u00f3.<\/p>\n\n\n\n<p class=\"wp-block-paragraph\"><strong>\u00a1Conoce el canal de Grande Pr\u00eamio en Espa\u00f1ol en\u00a0<a href=\"https:\/\/www.youtube.com\/channel\/UCDxWojGVUi9gWYhrY0pGbIQ\">YouTube<\/a>!<br>\u00a1Sigue a\u00a0Grande Pr\u00eamio en Espa\u00f1ol\u00a0en\u00a0<a href=\"https:\/\/twitter.com\/grandepremioES\" target=\"_blank\" rel=\"noreferrer noopener\">Twitter\u00a0<\/a>y en\u00a0<a href=\"https:\/\/www.instagram.com\/grandepremioes\/\" target=\"_blank\" rel=\"noreferrer noopener\">Instagram<\/a>!<\/strong><\/p>\n\n\n\n<figure class=\"wp-block-image size-large\"><img decoding=\"async\" src=\"https:\/\/www.grandepremio.com\/br\/wp-content\/uploads\/2022\/02\/guenther-steiner-00-1024x683.jpg\" alt=\"\" class=\"wp-image-544198\"\/><figcaption>Guenther Steiner no est\u00e1 preocupado con la salida de Uralkali (Foto: Eric Calduch\/GRANDE PR\u00caMIO)<\/figcaption><\/figure>\n\n\n\n<p class=\"wp-block-paragraph\">Steiner revel\u00f3 que todo se discuti\u00f3 debidamente con el propietario, de ah\u00ed la r\u00e1pida decisi\u00f3n de deshacer el acuerdo de patrocinio. &#8220;Fui directamente a hablar con Gene [Haas] al respecto. Luego nos pusimos en contacto con nuestros socios y tomamos nuestra decisi\u00f3n. Como pueden ver, reaccionamos muy r\u00e1pido. As\u00ed que pueden imaginar que fue una conversaci\u00f3n muy directa&#8221;, dijo el ingeniero italiano. <\/p>\n\n\n\n<p class=\"wp-block-paragraph\">De hecho, Haas no perdi\u00f3 el tiempo. Poco despu\u00e9s del inicio del conflicto, el equipo retir\u00f3 los colores de la bandera rusa y el logo de Uralkali del coche y se dirigi\u00f3 a la pista de Barcelona para el \u00faltimo d\u00eda de pruebas de pretemporada con un modelo completamente blanco.<\/p>\n\n\n\n<p class=\"wp-block-paragraph\">\u201cActuamos r\u00e1pido. Somos un equipo peque\u00f1o, lo que a veces es bueno porque tenemos l\u00edneas directas de comunicaci\u00f3n y las usamos. Creo que como equipo tomamos la decisi\u00f3n correcta en este momento para enviar un mensaje a todos\u201d, dijo Steiner.<\/p>\n\n\n\n<p class=\"wp-block-paragraph\">Queda por ver c\u00f3mo la marcha del patrocinador afectar\u00e1 financieramente al equipo norteamericano. Todav\u00eda sin un segundo piloto para competir junto a Mick Schumacher, Haas regresa a la pista entre el 10 y el 12 de marzo para la segunda ronda de pruebas de pretemporada de F\u00f3rmula 1 en Bar\u00e9in.<\/p>\n","protected":false},"excerpt":{"rendered":"<p>Gunther Steiner se mostr\u00f3 tranquilo, afirmando que ha pasado por situaciones dif\u00edciles y destacando la r\u00e1pida respuesta de Haas.<\/p>\n","protected":false},"author":0,"featured_media":1010054381,"comment_status":"closed","ping_status":"closed","sticky":false,"template":"","format":"standard","meta":{"42wp_featured_image_caption":"","42wp_featured_image_credits":"","42wp_featured_video":"","42wp_featured_image_hidden":false,"42wp_authors_list":[],"footnotes":""},"categories":[5],"tags":[2264,181,1495,179,1469,414,504,2086,2002],"42wp_author":[14233],"class_list":["post-24024","post","type-post","status-publish","format-standard","has-post-thumbnail","hentry","category-f1","tag-conflicto-rusia-ucrania","tag-f1","tag-f1-2022","tag-formula-1","tag-guenther-steiner","tag-haas","tag-nikita-mazepin","tag-pretemporada-f1","tag-steiner","42wp_author-eric-calduch"],"_links":{"self":[{"href":"https:\/\/grandepremio.com\/es\/wp-json\/wp\/v2\/posts\/24024","targetHints":{"allow":["GET"]}}],"collection":[{"href":"https:\/\/grandepremio.com\/es\/wp-json\/wp\/v2\/posts"}],"about":[{"href":"https:\/\/grandepremio.com\/es\/wp-json\/wp\/v2\/types\/post"}],"replies":[{"embeddable":true,"href":"https:\/\/grandepremio.com\/es\/wp-json\/wp\/v2\/comments?post=24024"}],"version-history":[{"count":0,"href":"https:\/\/grandepremio.com\/es\/wp-json\/wp\/v2\/posts\/24024\/revisions"}],"wp:featuredmedia":[{"embeddable":true,"href":"https:\/\/grandepremio.com\/es\/wp-json\/wp\/v2\/media\/1010054381"}],"wp:attachment":[{"href":"https:\/\/grandepremio.com\/es\/wp-json\/wp\/v2\/media?parent=24024"}],"wp:term":[{"taxonomy":"category","embeddable":true,"href":"https:\/\/grandepremio.com\/es\/wp-json\/wp\/v2\/categories?post=24024"},{"taxonomy":"post_tag","embeddable":true,"href":"https:\/\/grandepremio.com\/es\/wp-json\/wp\/v2\/tags?post=24024"},{"taxonomy":"42wp_author","embeddable":true,"href":"https:\/\/grandepremio.com\/es\/wp-json\/wp\/v2\/42wp_author?post=24024"}],"curies":[{"name":"wp","href":"https:\/\/api.w.org\/{rel}","templated":true}]}}