{"id":24041,"date":"2022-03-04T13:58:44","date_gmt":"2022-03-04T16:58:44","guid":{"rendered":"https:\/\/grandepremio.com\/es\/2022\/03\/04\/hadjar-lidera-el-ultimo-dia-de-tests-de-formula-3-en-barein-vidales-es-6o\/"},"modified":"2022-03-04T13:58:45","modified_gmt":"2022-03-04T16:58:45","slug":"hadjar-lidera-el-ultimo-dia-de-tests-de-formula-3-en-barein-vidales-es-6o","status":"publish","type":"post","link":"https:\/\/grandepremio.com\/es\/f3\/hadjar-lidera-el-ultimo-dia-de-tests-de-formula-3-en-barein-vidales-es-6o\/","title":{"rendered":"Hadjar lidera el \u00faltimo d\u00eda de tests de F\u00f3rmula 3 en Bar\u00e9in; Vidales es 6\u00ba"},"content":{"rendered":"\n<p class=\"wp-block-paragraph\">El franco-argelino Isack Hadjar lider\u00f3 el \u00faltimo d\u00eda de pruebas de <a href=\"https:\/\/grandepremio.com\/es\/\/categoria\/f3\/\" target=\"_blank\" rel=\"noreferrer noopener\">F\u00f3rmula 3<\/a> en Bar\u00e9in. Este viernes, el piloto de Hitech anot\u00f3 un 1min47s247 y comand\u00f3 las tablas una vez m\u00e1s, repitiendo la haza\u00f1a del jueves. La sesi\u00f3n de la tarde se vio interrumpida por una tormenta de arena y los mejores registros se anotaron por la ma\u00f1ana.<\/p>\n\n\n\n<p class=\"wp-block-paragraph\">El segundo puesto fue para el estadounidense Jak Crawford, de Prema, con un tiempo a 0s381. Luego vino el suizo Gr\u00e9goire Saucy, de ART Grand Prix, 0s472 detr\u00e1s.<\/p>\n\n\n\n<p class=\"wp-block-paragraph\">El brasile\u00f1o Caio Collet registr\u00f3 la actuaci\u00f3n m\u00e1s expresiva de los tres d\u00edas de pretemporada, cerrando en cuarto lugar, con un tiempo de un 1min47s782, 0s535 m\u00e1s lento que Hadjar. Fueron 58 vueltas para el piloto de MP Motorsport.<\/p>\n\n\n\n<p class=\"wp-block-paragraph\"><strong>\u00a1Conoce el canal de Grande Pr\u00eamio en Espa\u00f1ol en&nbsp;<a href=\"https:\/\/www.youtube.com\/channel\/UCDxWojGVUi9gWYhrY0pGbIQ\">YouTube<\/a>!<br>\u00a1Sigue a&nbsp;Grande Pr\u00eamio en Espa\u00f1ol&nbsp;en&nbsp;<a href=\"https:\/\/twitter.com\/grandepremioES\" target=\"_blank\" rel=\"noreferrer noopener\">Twitter&nbsp;<\/a>y en&nbsp;<a href=\"https:\/\/www.instagram.com\/grandepremioes\/\" target=\"_blank\" rel=\"noreferrer noopener\">Instagram<\/a>!<\/strong><\/p>\n\n\n\n<figure class=\"wp-block-image size-large\"><img decoding=\"async\" src=\"https:\/\/www.grandepremio.com\/br\/wp-content\/uploads\/2022\/03\/Isack-Hadjar.jpg\" alt=\"\" class=\"wp-image-545872\"\/><figcaption>Hadjar lider\u00f3 la \u00faltimo sesi\u00f3n de tests (Foto: F\u00f3rmula 3)<\/figcaption><\/figure>\n\n\n\n<p class=\"wp-block-paragraph\">El Top 10 lo completaron Alexander Smolyar, David Vidales, Victor Martins, Kaylen Frederick, Zak O&#8217;Sullivan y Roman Stan\u00e9k.<\/p>\n\n\n\n<p class=\"wp-block-paragraph\">La temporada 2022 de F\u00f3rmula 3 tambi\u00e9n arranca en Bar\u00e9in, con una doble ronda los d\u00edas 19 y 20 de marzo. El calendario tendr\u00e1 nueve pruebas y se espera que finalice en septiembre, en Italia.<\/p>\n\n\n\n<p class=\"wp-block-paragraph\"><strong>F3 2022, Pretemporada, D\u00eda 3, Bar\u00e9in<\/strong>:<\/p>\n\n\n\n<figure class=\"wp-block-table\"><table><tbody><tr><td>1<\/td><td>I HADJAR<\/td><td>HITECH<\/td><td>1:47.247<\/td><td>&nbsp;<\/td><\/tr><tr><td>2<\/td><td>J CRAWFORD<\/td><td>PREMA<\/td><td>1:47.628<\/td><td>+0.381<\/td><\/tr><tr><td>3<\/td><td>G SAUCY<\/td><td>ART GRAND PRIX<\/td><td>1:47.719<\/td><td>+0.472<\/td><\/tr><tr><td>4<\/td><td>C COLLET<\/td><td>MP MOTORSPORT<\/td><td>1:47.782<\/td><td>+0.535<\/td><\/tr><tr><td>5<\/td><td>A SMOLYAR<\/td><td>MP MOTORSPORT<\/td><td>1:47.909<\/td><td>+0.662<\/td><\/tr><tr><td>6<\/td><td>D VIDALES<\/td><td>CAMPOS<\/td><td>1:47.971<\/td><td>+0.724<\/td><\/tr><tr><td>7<\/td><td>V MARTINS<\/td><td>ART GRAND PRIX<\/td><td>1:47.994<\/td><td>+0.747<\/td><\/tr><tr><td>8<\/td><td>K FREDERICK<\/td><td>HITECH<\/td><td>1:48.005<\/td><td>+0.758<\/td><\/tr><tr><td>9<\/td><td>Z O&#8217;SULLIVAN<\/td><td>CARLIN<\/td><td>1:48.007<\/td><td>+0.760<\/td><\/tr><tr><td>10<\/td><td>R STANEK<\/td><td>TRIDENT<\/td><td>1:48.040<\/td><td>+0.793<\/td><\/tr><tr><td>11<\/td><td>A LECLERC<\/td><td>PREMA<\/td><td>1:48.068<\/td><td>+0.821<\/td><\/tr><tr><td>12<\/td><td>W ALATALO<\/td><td>JENZER<\/td><td>1:48.089<\/td><td>+0.842<\/td><\/tr><tr><td>13<\/td><td>J MART\u00cd<\/td><td>CAMPOS<\/td><td>1:48.105<\/td><td>+0.858<\/td><\/tr><tr><td>14<\/td><td>Z MALONEY<\/td><td>TRIDENT<\/td><td>1:48.129<\/td><td>+0.882<\/td><\/tr><tr><td>15<\/td><td>J CORREA<\/td><td>ART GRAND PRIX<\/td><td>1:48.155<\/td><td>+0.908<\/td><\/tr><tr><td>16<\/td><td>K MAINI<\/td><td>MP MOTORSPORT<\/td><td>1:48.184<\/td><td>+0.937<\/td><\/tr><tr><td>17<\/td><td>I COHEN<\/td><td>JENZER&nbsp;<\/td><td>1:48.210<\/td><td>+0.963<\/td><\/tr><tr><td>18<\/td><td>F COLAPINOT<\/td><td>VAN AMERSFOORT<\/td><td>1:48.326<\/td><td>+1.079<\/td><\/tr><tr><td>19<\/td><td>R USHIJIMA<\/td><td>VAN AMERSFOORT<\/td><td>1:48.341<\/td><td>+1.094<\/td><\/tr><tr><td>20<\/td><td>F PIZZI<\/td><td>CHAROUZ<\/td><td>1:48.397<\/td><td>+1.150<\/td><\/tr><tr><td>21<\/td><td>P PASMA<\/td><td>JENZER<\/td><td>1:48.415<\/td><td>+1.168<\/td><\/tr><tr><td>22<\/td><td>J EDGAR<\/td><td>TRIDENT<\/td><td>1:48.451<\/td><td>+1.204<\/td><\/tr><tr><td>23<\/td><td>O BEARMAN<\/td><td>PREMA<\/td><td>1:48.460<\/td><td>+1.213<\/td><\/tr><tr><td>24<\/td><td>R VILLAG\u00d3MEZ<\/td><td>VAN AMERSFOORT<\/td><td>1:48.495<\/td><td>+1.248<\/td><\/tr><tr><td>25<\/td><td>N AZMAN<\/td><td>HITECH<\/td><td>1:48.546<\/td><td>+1.299<\/td><\/tr><tr><td>26<\/td><td>H YEANY<\/td><td>CAMPOS<\/td><td>1:48.651<\/td><td>+1.404<\/td><\/tr><tr><td>27<\/td><td>E TRULLI<\/td><td>CARLIN<\/td><td>1:48.664<\/td><td>+1.417<\/td><\/tr><tr><td>28<\/td><td>A SIMMONS<\/td><td>CHAROUZ<\/td><td>1:48.739<\/td><td>+1.492<\/td><\/tr><tr><td>29<\/td><td>B BENAVIDES<\/td><td>CARLIN<\/td><td>1:49.324<\/td><td>+2.077<\/td><\/tr><tr><td>30<\/td><td>L T\u00d3TH<\/td><td>CHAROUZ<\/td><td>1:49,447<\/td><td>+2.200<\/td><\/tr><\/tbody><\/table><\/figure>\n","protected":false},"excerpt":{"rendered":"<p>Por segundo d\u00eda consecutivo, Isack Hadjar lider\u00f3 las pruebas de pretemporada de la F\u00f3rmula 3 en Bar\u00e9in. David Vidales termin\u00f3 en el Top 6.<\/p>\n","protected":false},"author":0,"featured_media":1010053785,"comment_status":"closed","ping_status":"closed","sticky":false,"template":"","format":"standard","meta":{"42wp_featured_image_caption":"","42wp_featured_image_credits":"","42wp_featured_video":"","42wp_featured_image_hidden":false,"42wp_authors_list":[],"footnotes":""},"categories":[4],"tags":[1091,1653,2303,276,1128,284,2300,656,1095,2291,2068],"42wp_author":[14233],"class_list":["post-24041","post","type-post","status-publish","format-standard","has-post-thumbnail","hentry","category-f3","tag-barein","tag-f3-2022","tag-fia-f3","tag-fia-formula-3","tag-formula-3","tag-hitech","tag-isack-hadjar","tag-pretemporada","tag-sakhir","tag-tests-de-barein","tag-tests-de-pretemporada","42wp_author-eric-calduch"],"_links":{"self":[{"href":"https:\/\/grandepremio.com\/es\/wp-json\/wp\/v2\/posts\/24041","targetHints":{"allow":["GET"]}}],"collection":[{"href":"https:\/\/grandepremio.com\/es\/wp-json\/wp\/v2\/posts"}],"about":[{"href":"https:\/\/grandepremio.com\/es\/wp-json\/wp\/v2\/types\/post"}],"replies":[{"embeddable":true,"href":"https:\/\/grandepremio.com\/es\/wp-json\/wp\/v2\/comments?post=24041"}],"version-history":[{"count":0,"href":"https:\/\/grandepremio.com\/es\/wp-json\/wp\/v2\/posts\/24041\/revisions"}],"wp:featuredmedia":[{"embeddable":true,"href":"https:\/\/grandepremio.com\/es\/wp-json\/wp\/v2\/media\/1010053785"}],"wp:attachment":[{"href":"https:\/\/grandepremio.com\/es\/wp-json\/wp\/v2\/media?parent=24041"}],"wp:term":[{"taxonomy":"category","embeddable":true,"href":"https:\/\/grandepremio.com\/es\/wp-json\/wp\/v2\/categories?post=24041"},{"taxonomy":"post_tag","embeddable":true,"href":"https:\/\/grandepremio.com\/es\/wp-json\/wp\/v2\/tags?post=24041"},{"taxonomy":"42wp_author","embeddable":true,"href":"https:\/\/grandepremio.com\/es\/wp-json\/wp\/v2\/42wp_author?post=24041"}],"curies":[{"name":"wp","href":"https:\/\/api.w.org\/{rel}","templated":true}]}}