{"id":24063,"date":"2022-03-02T11:55:21","date_gmt":"2022-03-02T14:55:21","guid":{"rendered":"https:\/\/grandepremio.com\/es\/2022\/03\/02\/verstappen-revela-cambios-en-el-rb18-para-test-en-bahrein-sera-distinto\/"},"modified":"2022-03-02T11:55:23","modified_gmt":"2022-03-02T14:55:23","slug":"verstappen-revela-cambios-en-el-rb18-para-test-en-bahrein-sera-distinto","status":"publish","type":"post","link":"https:\/\/grandepremio.com\/es\/f1\/verstappen-revela-cambios-en-el-rb18-para-test-en-bahrein-sera-distinto\/","title":{"rendered":"Verstappen espera cambios de Red Bull en Bahrein: \u201cSer\u00e1 completamente diferente\u201d"},"content":{"rendered":"\n<p class=\"wp-block-paragraph\"><a href=\"https:\/\/grandepremio.com\/es\/\/f1\/verstappen-logra-titulo-de-f1-en-definicion-dramatica-de-abu-dhabi\/\">Despu\u00e9s de ganar el Campeonato del Mundo de Pilotos en 2021<\/a>, los ojos del mundo est\u00e1n a\u00fan m\u00e1s sobre Max Verstappen y Red Bull. Y en Barcelona, la primera impresi\u00f3n que dio el t\u00e1ndem durante los tests de pretemporada de la F\u00f3rmula 1 fue positiva. El RB18 fue el cuarto auto que m\u00e1s vueltas complet\u00f3, con 358 giros, y el vigente campe\u00f3n fue quinto en la clasificaci\u00f3n de kilometraje durante los tres d\u00edas de preparaci\u00f3n. Sin embargo, el holand\u00e9s asegur\u00f3 que la escuder\u00eda sigue buscando el mejor desarrollo y que el coche ser\u00e1 completamente diferente en Bahr\u00e9in.<\/p>\n\n\n\n<p class=\"wp-block-paragraph\">El primer d\u00eda, el nuevo auto de Red Bull, dise\u00f1ado sobre la base del revolucionario reglamento de la categor\u00eda, ya mostr\u00f3 un alto nivel de fiabilidad. Verstappen acumul\u00f3 147 vueltas y, junto a Pierre Gasly, que registr\u00f3 la misma marca en la segunda jornada, fue el piloto que m\u00e1s vueltas sum\u00f3 en un solo d\u00eda. &#8220;Me centr\u00e9 en dar muchas vueltas y trat\u00e9 de mejorar todos los aspectos del coche&#8221;, revel\u00f3 el holand\u00e9s en una entrevista concedida a la web oficial de la F1.<\/p>\n\n\n\n<p class=\"wp-block-paragraph\">Tras esta actuaci\u00f3n, Max volvi\u00f3 a la pista espa\u00f1ola en el tercer y \u00faltimo d\u00eda de pruebas en Barcelona. Sin embargo, debido a una gran cantidad de banderas rojas provocadas por diferentes motivos, el programa se vio afectado y s\u00f3lo pudo completar 59 vueltas.<\/p>\n\n\n\n<p class=\"wp-block-paragraph\"><strong>\u00a1Conoce el canal de Grande Pr\u00eamio en Espa\u00f1ol en\u00a0<a href=\"https:\/\/www.youtube.com\/channel\/UCDxWojGVUi9gWYhrY0pGbIQ\">YouTube<\/a>!<br>\u00a1Sigue a\u00a0<strong>Grande Pr\u00eamio en Espa\u00f1ol<\/strong>\u00a0en\u00a0<a href=\"https:\/\/twitter.com\/grandepremioES\" target=\"_blank\" rel=\"noreferrer noopener\">Twitter\u00a0<\/a>y en\u00a0<a href=\"https:\/\/www.instagram.com\/grandepremioes\/\" target=\"_blank\" rel=\"noreferrer noopener\">Instagram<\/a>!<\/strong><\/p>\n\n\n\n<figure class=\"wp-block-image size-large\"><img decoding=\"async\" src=\"https:\/\/grandepremio.com\/es\/\/wp-content\/uploads\/2022\/03\/SI202202250456_news-1024x683.jpg\" alt=\"\" class=\"wp-image-53637\"\/><figcaption>El nuevo RB18 dio 206 vueltas en los tests de Barcelona. (Foto: Getty Images\/Red Bull Content Pool) <\/figcaption><\/figure>\n\n\n\n<p class=\"wp-block-paragraph\">Con 206 giros en total y el sexto mejor tiempo en la general, el joven de 24 a\u00f1os coment\u00f3 que el nuevo auto mostr\u00f3 un buen desempe\u00f1o. &#8220;Es dif\u00edcil de evaluar. Lo positivo es que el auto iba bien, qued\u00e9 contento con el equilibrio&#8221;, continu\u00f3.<\/p>\n\n\n\n<p class=\"wp-block-paragraph\">&#8220;Tuvimos algunas banderas rojas, por lo que no pudimos completar todo el programa. Pero todo funcionaba bien. Seguimos con el plan del primer d\u00eda, [que era] el objetivo m\u00e1s importante para nosotros&#8221;, a\u00f1adi\u00f3.<\/p>\n\n\n\n<p class=\"wp-block-paragraph\">Sin embargo, al igual que el asesor deportivo de Red Bull, Helmut Marko, Verstappen tambi\u00e9n destac\u00f3 la estructura m\u00e1s pesada del auto, que es 43 kg m\u00e1s grande en comparaci\u00f3n con los b\u00f3lidos del a\u00f1o pasado. &#8220;En general, el peso es un poco alto, pero realmente disfruto conduci\u00e9ndolo. Tiene un buen equilibrio y creo que tambi\u00e9n se ve bien, siempre es agradable manejarlo&#8221;.<\/p>\n\n\n\n<figure class=\"wp-block-image size-large\"><img decoding=\"async\" src=\"https:\/\/grandepremio.com\/es\/\/wp-content\/uploads\/2022\/03\/SI202202250451_news-1024x683.jpg\" alt=\"\" class=\"wp-image-53639\"\/><figcaption>La temporada 2022 de F\u00f3rmula 1 comenzar\u00e1 el 20 de marzo, en Bahrein. (Foto: Getty Images\/Red Bull Content Pool) <\/figcaption><\/figure>\n\n\n\n<p class=\"wp-block-paragraph\">Del 10 al 12 de marzo, Red Bull volver\u00e1 a la pista para los ensayos de pretemporada en Bahr\u00e9in. Y para dicha cita, el campe\u00f3n del mundo revel\u00f3 que el RB18 no ser\u00e1 el mismo que se prepar\u00f3 en Barcelona. &#8220;En Bahr\u00e9in ser\u00e1 completamente diferente. Y de cara a la primera carrera, el auto tambi\u00e9n ser\u00e1 absolutamente distinto&#8221;, revel\u00f3.<\/p>\n\n\n\n<p class=\"wp-block-paragraph\">Verstappen anticip\u00f3 que los dos primeros d\u00edas se centrar\u00e1n en la fiabilidad, ya que s\u00f3lo el tercer y \u00faltimo d\u00eda se pondr\u00e1 a prueba la velocidad del nuevo auto. &#8220;Todav\u00eda no he prestado mucha atenci\u00f3n a los tiempos por vuelta. Lo analizaremos en el tercer entrenamiento en Bahr\u00e9in&#8221;, concluy\u00f3.<\/p>\n\n\n\n<p class=\"wp-block-paragraph\">El holand\u00e9s comenzar\u00e1 su defensa del t\u00edtulo mundial el 20 de marzo, en el mismo circuito bahrein\u00ed de Sahkir.<\/p>\n","protected":false},"excerpt":{"rendered":"<p>Max Verstappen revel\u00f3 que el RB18 que Red Bull presentar\u00e1 en las pruebas de Bahrein ser\u00e1 completamente distinto al de los tests en Barcelona. <\/p>\n","protected":false},"author":0,"featured_media":1010053636,"comment_status":"closed","ping_status":"closed","sticky":false,"template":"","format":"standard","meta":{"42wp_featured_image_caption":"","42wp_featured_image_credits":"","42wp_featured_video":"","42wp_featured_image_hidden":false,"42wp_authors_list":[],"footnotes":""},"categories":[5],"tags":[181,1233,1495,179,249,206,2284,2234,2068],"42wp_author":[14223],"class_list":["post-24063","post","type-post","status-publish","format-standard","has-post-thumbnail","hentry","category-f1","tag-f1","tag-f1-2021","tag-f1-2022","tag-formula-1","tag-max-verstappen","tag-red-bull","tag-tests-de-bahrein","tag-tests-de-barcelona","tag-tests-de-pretemporada","42wp_author-esteban-nieto"],"_links":{"self":[{"href":"https:\/\/grandepremio.com\/es\/wp-json\/wp\/v2\/posts\/24063","targetHints":{"allow":["GET"]}}],"collection":[{"href":"https:\/\/grandepremio.com\/es\/wp-json\/wp\/v2\/posts"}],"about":[{"href":"https:\/\/grandepremio.com\/es\/wp-json\/wp\/v2\/types\/post"}],"replies":[{"embeddable":true,"href":"https:\/\/grandepremio.com\/es\/wp-json\/wp\/v2\/comments?post=24063"}],"version-history":[{"count":0,"href":"https:\/\/grandepremio.com\/es\/wp-json\/wp\/v2\/posts\/24063\/revisions"}],"wp:featuredmedia":[{"embeddable":true,"href":"https:\/\/grandepremio.com\/es\/wp-json\/wp\/v2\/media\/1010053636"}],"wp:attachment":[{"href":"https:\/\/grandepremio.com\/es\/wp-json\/wp\/v2\/media?parent=24063"}],"wp:term":[{"taxonomy":"category","embeddable":true,"href":"https:\/\/grandepremio.com\/es\/wp-json\/wp\/v2\/categories?post=24063"},{"taxonomy":"post_tag","embeddable":true,"href":"https:\/\/grandepremio.com\/es\/wp-json\/wp\/v2\/tags?post=24063"},{"taxonomy":"42wp_author","embeddable":true,"href":"https:\/\/grandepremio.com\/es\/wp-json\/wp\/v2\/42wp_author?post=24063"}],"curies":[{"name":"wp","href":"https:\/\/api.w.org\/{rel}","templated":true}]}}