{"id":24139,"date":"2022-02-22T16:40:44","date_gmt":"2022-02-22T19:40:44","guid":{"rendered":"https:\/\/grandepremio.com\/es\/2022\/02\/22\/mercedes-abre-con-russell-su-primer-dia-de-ensayos-en-barcelona\/"},"modified":"2022-02-22T16:42:37","modified_gmt":"2022-02-22T19:42:37","slug":"mercedes-abre-con-russell-su-primer-dia-de-ensayos-en-barcelona","status":"publish","type":"post","link":"https:\/\/grandepremio.com\/es\/f1\/mercedes-abre-con-russell-su-primer-dia-de-ensayos-en-barcelona\/","title":{"rendered":"Mercedes abre con Russell su primer d\u00eda de ensayos de pretemporada en Barcelona"},"content":{"rendered":"\n<p class=\"wp-block-paragraph\">Mercedes anunci\u00f3 este martes, en v\u00edsperas del inicio de los ensayos de pretemporada de F\u00f3rmula 1 en Barcelona, la alineaci\u00f3n de pilotos para el primer d\u00eda. Y as\u00ed, confirm\u00f3 que George Russell y Lewis Hamilton compartir\u00e1n la conducci\u00f3n <a href=\"https:\/\/grandepremio.com\/es\/\/f1\/mercedes-vuelve-al-plata-con-w13-en-busca-de-nueva-era-de-dominio-en-formula-1\/\">del nuevo W13.<\/a><\/p>\n\n\n\n<p class=\"wp-block-paragraph\">Russell estar\u00e1 frente al volante durante la ma\u00f1ana en el Circuit de Catalunya, haciendo su debut oficial como piloto titular de Mercedes. El brit\u00e1nico, que fue contratado esta temporada como reemplazante de Valtteri Bottas, lleg\u00f3 a disputar una carrera con la escuder\u00eda alemana en el GP de Sakhir 2020, cuando a\u00fan era piloto de Williams. En esa ocasi\u00f3n, sustituy\u00f3 a Hamilton, que hab\u00eda dado positivo de Covid-19.<\/p>\n\n\n\n<p class=\"wp-block-paragraph\"><strong>\u00a1Conoce el canal de Gran Premio en\u00a0<a href=\"https:\/\/www.youtube.com\/c\/GrandePremioTV\">YouTube<\/a>!<br>\u00a1Sigue a Gran Premio en\u00a0<a href=\"https:\/\/twitter.com\/granpremioes\" target=\"_blank\" rel=\"noreferrer noopener\">Twitter\u00a0<\/a>y en\u00a0<a href=\"https:\/\/instagram.com\/granpremio_es\" target=\"_blank\" rel=\"noreferrer noopener\">Instagram<\/a>!<\/strong><\/p>\n\n\n\n<figure class=\"wp-block-embed is-type-rich is-provider-twitter wp-block-embed-twitter\"><div class=\"wp-block-embed__wrapper\">\n<blockquote class=\"twitter-tweet\" data-width=\"500\" data-dnt=\"true\"><p lang=\"en\" dir=\"ltr\">Looking sharp boys. \ud83d\udc4c Our line-up for Wednesday\u2019s track session in Barcelona. <a href=\"https:\/\/t.co\/1q5wrTifYn\">pic.twitter.com\/1q5wrTifYn<\/a><\/p>&mdash; Mercedes-AMG PETRONAS F1 Team (@MercedesAMGF1) <a href=\"https:\/\/x.com\/MercedesAMGF1\/status\/1496154287986167814?ref_src=twsrc%5Etfw\">February 22, 2022<\/a><\/blockquote><script async src=\"https:\/\/platform.x.com\/widgets.js\" charset=\"utf-8\"><\/script>\n<\/div><\/figure>\n\n\n\n<p class=\"wp-block-paragraph\">El siete veces campe\u00f3n, que se alej\u00f3 de las redes sociales tras el pol\u00e9mico final de la temporada 2021 en Abu Dhabi, estar\u00e1 al volante del W13 por la tarde. El equipo a\u00fan no revel\u00f3 c\u00f3mo ser\u00e1 su planificaci\u00f3n para los otros dos d\u00edas de pruebas, pero la tendencia es que ambos pilotos se dividan la conducci\u00f3n en las dos jornadas. <\/p>\n\n\n\n<p class=\"wp-block-paragraph\">La pretemporada de la F\u00f3rmula 1 se desarrollar\u00e1 entre el 23 y el 25 de febrero en Barcelona y tiene tres d\u00edas m\u00e1s en Bahrein, entre el 10 y el 12 de marzo. La primera carrera est\u00e1 prevista para el 20 de marzo en Sakhir.<\/p>\n\n\n\n<p class=\"wp-block-paragraph\"><strong>GRANDE PR\u00caMIO <\/strong>cubre de manera exclusiva la primera semana de pruebas de F\u00f3rmula 1 en el Circuit de Barcelona-Catalunya con nuestro enviado especial Eric Calduch.<\/p>\n","protected":false},"excerpt":{"rendered":"<p>Mercedes divulg\u00f3 su planificaci\u00f3n para el primero de los tres d\u00edas de ensayos de pretemporada que la F\u00f3rmula 1 llevar\u00e1 a cabo en Barcelona.<\/p>\n","protected":false},"author":0,"featured_media":1010051531,"comment_status":"closed","ping_status":"closed","sticky":false,"template":"","format":"standard","meta":{"42wp_featured_image_caption":"","42wp_featured_image_credits":"","42wp_featured_video":"","42wp_featured_image_hidden":false,"42wp_authors_list":[],"footnotes":""},"categories":[5],"tags":[181,1495,179,253,199,197,1947],"42wp_author":[14223],"class_list":["post-24139","post","type-post","status-publish","format-standard","has-post-thumbnail","hentry","category-f1","tag-f1","tag-f1-2022","tag-formula-1","tag-george-russell","tag-lewis-hamilton","tag-mercedes","tag-mercedes-w13","42wp_author-esteban-nieto"],"_links":{"self":[{"href":"https:\/\/grandepremio.com\/es\/wp-json\/wp\/v2\/posts\/24139","targetHints":{"allow":["GET"]}}],"collection":[{"href":"https:\/\/grandepremio.com\/es\/wp-json\/wp\/v2\/posts"}],"about":[{"href":"https:\/\/grandepremio.com\/es\/wp-json\/wp\/v2\/types\/post"}],"replies":[{"embeddable":true,"href":"https:\/\/grandepremio.com\/es\/wp-json\/wp\/v2\/comments?post=24139"}],"version-history":[{"count":0,"href":"https:\/\/grandepremio.com\/es\/wp-json\/wp\/v2\/posts\/24139\/revisions"}],"wp:featuredmedia":[{"embeddable":true,"href":"https:\/\/grandepremio.com\/es\/wp-json\/wp\/v2\/media\/1010051531"}],"wp:attachment":[{"href":"https:\/\/grandepremio.com\/es\/wp-json\/wp\/v2\/media?parent=24139"}],"wp:term":[{"taxonomy":"category","embeddable":true,"href":"https:\/\/grandepremio.com\/es\/wp-json\/wp\/v2\/categories?post=24139"},{"taxonomy":"post_tag","embeddable":true,"href":"https:\/\/grandepremio.com\/es\/wp-json\/wp\/v2\/tags?post=24139"},{"taxonomy":"42wp_author","embeddable":true,"href":"https:\/\/grandepremio.com\/es\/wp-json\/wp\/v2\/42wp_author?post=24139"}],"curies":[{"name":"wp","href":"https:\/\/api.w.org\/{rel}","templated":true}]}}