{"id":24156,"date":"2022-02-20T13:39:29","date_gmt":"2022-02-20T16:39:29","guid":{"rendered":"https:\/\/grandepremio.com\/es\/2022\/02\/20\/dovizioso-admite-sus-dificultades-para-adaptarse-a-la-moto-de-yamaha-estoy-perdiendo-por-mucho\/"},"modified":"2022-02-20T13:40:35","modified_gmt":"2022-02-20T16:40:35","slug":"dovizioso-admite-sus-dificultades-para-adaptarse-a-la-moto-de-yamaha-estoy-perdiendo-por-mucho","status":"publish","type":"post","link":"https:\/\/grandepremio.com\/es\/motogp\/dovizioso-admite-sus-dificultades-para-adaptarse-a-la-moto-de-yamaha-estoy-perdiendo-por-mucho\/","title":{"rendered":"Dovizioso admite sus dificultades para adaptarse a la moto de Yamaha: &#8220;Estoy perdiendo por mucho&#8221;"},"content":{"rendered":"\n<figure class=\"wp-block-video\"><video class=\"video-js vjs-big-play-centered\" data-gp-vjs=\"1\" controls src=\"https:\/\/www.grandepremio.com\/br\/wp-content\/uploads\/2022\/02\/MotoGP-2022-MotoGP-Unlimited.mp4\"><\/video><figcaption>MotoGP Unlimited (Video: Amazon)<\/figcaption><\/figure>\n\n\n\n<p class=\"wp-block-paragraph\">Con 15 victorias en su carrera desde que lleg\u00f3 a MotoGP, Andrea Dovizioso vuelve a la parrilla al completo en 2022 y comenzar\u00e1 la temporada con una moto Yamaha, algo que no hac\u00eda desde hace diez a\u00f1os. La \u00faltima vez hab\u00eda sido en 2012, cuando defendi\u00f3 el Tech3, antes de marcharse a Ducati. Ahora, en RNF, que ha pasado a llamarse SRT, el italiano trabaja para entender la m\u00e1quina, pero la tarea resulta complicada.<\/p>\n\n\n\n<p class=\"wp-block-paragraph\">&#8220;Todav\u00eda no estoy al 100%. Estoy mejorando, mis sensaciones con la moto son cada vez mejores. Los \u00faltimos tres d\u00edas de pruebas fueron mucho mejores que los de Malasia. Lo probamos todo, hicimos cosas diferentes y todo fue mejor en algunas partes de la moto. En otras partes, todav\u00eda no&#8221;, dijo a la revista brit\u00e1nica Autosport.<\/p>\n\n\n\n<p class=\"wp-block-paragraph\"><strong>\u25b6\ufe0f&nbsp;<strong><strong>Suscr\u00edbete a los dos canales de GP en YouTube:&nbsp;<a href=\"https:\/\/www.youtube.com\/channel\/UC9OlHEgxoaY6QY6nWPoiqQg?sub_confirmation=1\" target=\"_blank\" rel=\"noreferrer noopener\">GP<\/a>&nbsp;|&nbsp;<a href=\"https:\/\/www.youtube.com\/channel\/UC9csiS6q_C3C0FYhyr1rnFA?sub_confirmation=1\" target=\"_blank\" rel=\"noreferrer noopener\">GP2<\/a><\/strong><\/strong><\/strong><br><strong>Marc M\u00e1rquez pasa a <a href=\"https:\/\/grandepremio.com\/es\/\/motogp\/marc-marquez-pasa-a-trabajar-con-medico-de-nadal-en-recuperacion-del-brazo-lesionado\/\">trabajar con m\u00e9dico de Nadal<\/a> en recuperaci\u00f3n del brazo lesionado<\/strong><\/p>\n\n\n\n<p class=\"wp-block-paragraph\">&#8220;El resultado final no es el que quiero, porque quiero estar m\u00e1s adelante. Estar\u00e9 contento si voy m\u00e1s r\u00e1pido. El trabajo que hicimos fue bueno, as\u00ed que probamos muchas cosas y buscamos mejorar&#8221;, continu\u00f3.<\/p>\n\n\n\n<figure class=\"wp-block-image size-large\"><img decoding=\"async\" src=\"https:\/\/www.grandepremio.com\/br\/wp-content\/uploads\/2022\/02\/unnamed-17-1024x683.jpg\" alt=\"\" class=\"wp-image-540380\"\/><figcaption>Andrea Dovizioso en las pruebas en Mandalika (Foto: RNF)<\/figcaption><\/figure>\n\n\n\n<p class=\"wp-block-paragraph\">Dovizioso lleg\u00f3 al equipo y a M1 el a\u00f1o pasado, pero s\u00f3lo para las \u00faltimas cinco carreras de la temporada. A partir de ahora, s\u00ed, hace una preparaci\u00f3n tradicional para el campeonato. Tras los test colectivos de pretemporada, entiende que fue mejor en la segunda sesi\u00f3n, en Indonesia, que en la primera, llevada a cabo en Malasia. Aunque se ve a s\u00ed mismo creciendo, lo deja claro: a\u00fan queda mucho camino por recorrer para estar a un nivel satisfactorio.<\/p>\n\n\n\n<p class=\"wp-block-paragraph\">&#8220;En cuanto a la frenada, estoy mucho mejor. Ahora mismo, voy mejor que Fabio [Quartararo], y Fabio est\u00e1 frenando muy bien. Estoy contento de encontrar la manera de frenar, eso es positivo, pero estoy perdiendo por mucho en otras \u00e1reas. Incluso demasiado&#8221;, explic\u00f3 el italiano, que perdi\u00f3 su plaza fija en MotoGP al final de la temporada 2020 cuando dej\u00f3 Ducati.<\/p>\n\n\n\n<p class=\"wp-block-paragraph\">&#8220;La pista [de Mandalika] es un poco rara porque siempre hay que estar en un \u00e1ngulo determinado, as\u00ed que mi punto m\u00e1s d\u00e9bil se hace a\u00fan m\u00e1s grande. As\u00ed que eso es todo: voy bien en la frenada, pero pierdo mucho en otras \u00e1reas de rendimiento. En estos tres d\u00edas he sentido que iba mejorando al estar m\u00e1s cerca, pero todav\u00eda no me siento c\u00f3modo y es precisamente ah\u00ed donde tengo que mejorar y gestionar mejor los neum\u00e1ticos&#8221;, a\u00f1adi\u00f3.<\/p>\n\n\n\n<p class=\"wp-block-paragraph\">La temporada 2022 de MotoGP comienza el 6 de marzo con el GP de Qatar en Losail.<\/p>\n","protected":false},"excerpt":{"rendered":"<p>Con 15 victorias en su carrera desde que lleg\u00f3 a MotoGP, Andrea Dovizioso vuelve a la parrilla al completo en 2022 y comenzar\u00e1 la temporada con una moto Yamaha, algo que no hac\u00eda desde hace diez a\u00f1os. La \u00faltima vez hab\u00eda sido en 2012, cuando defendi\u00f3 el Tech3, antes de marcharse a Ducati. Ahora, en [&hellip;]<\/p>\n","protected":false},"author":0,"featured_media":1000537297,"comment_status":"closed","ping_status":"closed","sticky":false,"template":"","format":"standard","meta":{"42wp_featured_image_caption":"","42wp_featured_image_credits":"","42wp_featured_video":"","42wp_featured_image_hidden":false,"42wp_authors_list":[],"footnotes":""},"categories":[8],"tags":[1581,1340,2236,2237,1293,1341,1612,1397,1309],"42wp_author":[14234],"class_list":["post-24156","post","type-post","status-publish","format-standard","has-post-thumbnail","hentry","category-motogp","tag-andrea-dovizioso","tag-ducati","tag-grande-premio-2","tag-grandepremio","tag-motogp","tag-motogp-2022","tag-rnf","tag-srt","tag-yamaha","42wp_author-douglas-rocha"],"_links":{"self":[{"href":"https:\/\/grandepremio.com\/es\/wp-json\/wp\/v2\/posts\/24156","targetHints":{"allow":["GET"]}}],"collection":[{"href":"https:\/\/grandepremio.com\/es\/wp-json\/wp\/v2\/posts"}],"about":[{"href":"https:\/\/grandepremio.com\/es\/wp-json\/wp\/v2\/types\/post"}],"replies":[{"embeddable":true,"href":"https:\/\/grandepremio.com\/es\/wp-json\/wp\/v2\/comments?post=24156"}],"version-history":[{"count":0,"href":"https:\/\/grandepremio.com\/es\/wp-json\/wp\/v2\/posts\/24156\/revisions"}],"wp:featuredmedia":[{"embeddable":true,"href":"https:\/\/grandepremio.com\/es\/wp-json\/wp\/v2\/media\/1000537297"}],"wp:attachment":[{"href":"https:\/\/grandepremio.com\/es\/wp-json\/wp\/v2\/media?parent=24156"}],"wp:term":[{"taxonomy":"category","embeddable":true,"href":"https:\/\/grandepremio.com\/es\/wp-json\/wp\/v2\/categories?post=24156"},{"taxonomy":"post_tag","embeddable":true,"href":"https:\/\/grandepremio.com\/es\/wp-json\/wp\/v2\/tags?post=24156"},{"taxonomy":"42wp_author","embeddable":true,"href":"https:\/\/grandepremio.com\/es\/wp-json\/wp\/v2\/42wp_author?post=24156"}],"curies":[{"name":"wp","href":"https:\/\/api.w.org\/{rel}","templated":true}]}}