{"id":24176,"date":"2022-02-17T13:19:34","date_gmt":"2022-02-17T16:19:34","guid":{"rendered":"https:\/\/grandepremio.com\/es\/2022\/02\/17\/fia-anuncia-salida-de-michael-masi-como-director-de-carrera-de-la-formula-1\/"},"modified":"2022-02-17T13:22:31","modified_gmt":"2022-02-17T16:22:31","slug":"fia-anuncia-salida-de-michael-masi-como-director-de-carrera-de-la-formula-1","status":"publish","type":"post","link":"https:\/\/grandepremio.com\/es\/f1\/fia-anuncia-salida-de-michael-masi-como-director-de-carrera-de-la-formula-1\/","title":{"rendered":"FIA anuncia salida de Michael Masi como director de carrera de la F\u00f3rmula 1"},"content":{"rendered":"\n<p class=\"wp-block-paragraph\">La FIA anunci\u00f3 el jueves por la ma\u00f1ana la destituci\u00f3n de Michael Masi como director de carrera de <a href=\"https:\/\/grandepremio.com\/es\/\/categoria\/f1\/\" target=\"_blank\" rel=\"noreferrer noopener\">F\u00f3rmula 1<\/a>. En un comunicado oficial, el nuevo presidente de la federaci\u00f3n, Mohammed Ben Sulayem, confirm\u00f3 la decisi\u00f3n que la organizaci\u00f3n juzg\u00f3 como adecuada tras la investigaci\u00f3n sobre la decisi\u00f3n del campeonato de 2021. Niels Wittich y Eduardo Freitas se alternar\u00e1n en el cargo con la asistencia del veterano Herbie Blash. Masi tendr\u00e1 un nuevo rol interno en la FIA.<\/p>\n\n\n\n<p class=\"wp-block-paragraph\">Masi ha generado controversia por las decisiones en el GP de Abu Dhabi de 2021, que le dio el t\u00edtulo de F\u00f3rmula 1 a Max Verstappen. En ese momento, el holand\u00e9s era segundo, por detr\u00e1s de Lewis Hamilton, pero la situaci\u00f3n cambi\u00f3 tras el accidente de Nicholas Latifi a cinco vueltas del final. Antes del reinicio, en el \u00faltimo giro de la carrera, Michael opt\u00f3 por dejar pasar solo a los doblados que estaban entre los aspirantes al t\u00edtulo en lugar de soltar a todos o a ninguno, como exige el reglamento.<\/p>\n\n\n\n<p class=\"wp-block-paragraph\">Con el choque directo creado para la \u00faltima vuelta, Verstappen super\u00f3 a Hamilton y gan\u00f3 el primer t\u00edtulo mundial de F\u00f3rmula 1. Mercedes, el equipo de Lewis, lleg\u00f3 a presentar una protesta por la decisi\u00f3n, que finalmente fue denegada. El lunes pasado, los 10 equipos se reunieron con el presidente de la FIA para discutir el tema. A pesar del silencio tras la reuni\u00f3n, la entidad mencion\u00f3 que se tomar\u00edan medidas en los siguientes d\u00edas.<\/p>\n\n\n\n<p class=\"wp-block-paragraph\"><strong>\u00a1Conoce el canal de Gran Premio en\u00a0<a href=\"https:\/\/www.youtube.com\/c\/GrandePremioTV\">YouTube<\/a>!<br>\u00a1Sigue a Gran Premio en\u00a0<a href=\"https:\/\/twitter.com\/granpremioes\" target=\"_blank\" rel=\"noreferrer noopener\">Twitter\u00a0<\/a>y en\u00a0<a href=\"https:\/\/instagram.com\/granpremio_es\" target=\"_blank\" rel=\"noreferrer noopener\">Instagram<\/a>!<\/strong><\/p>\n\n\n\n<figure class=\"wp-block-image size-large\"><img decoding=\"async\" src=\"https:\/\/www.grandepremio.com\/br\/wp-content\/uploads\/2021\/12\/FHTlH50XEAAgZdn.jpg\" alt=\"MAX VERSTAPPEN; LEWIS HAMILTON; ABU DHABI;\" class=\"wp-image-534128\"\/><figcaption>El pol\u00e9mico GP de Abu Dhabi todav\u00eda es asunto en los an\u00e1lisis de la F\u00f3rmula 1 (Foto: AFP)<\/figcaption><\/figure>\n\n\n\n<p class=\"wp-block-paragraph\">\u201cDurante la reuni\u00f3n de la Comisi\u00f3n de F1 en Londres, present\u00e9 parte de mi plan para avanzar en el arbitraje de F\u00f3rmula 1. Extrayendo conclusiones del an\u00e1lisis detallado de los eventos del \u00faltimo GP de Abu Dhabi y la temporada 2021, propuse una reforma profunda de la organizaci\u00f3n de la direcci\u00f3n de las carreras de F1\u201d, coment\u00f3 Ben Sulayem en el video difundido por la FIA. El nuevo representante afirm\u00f3 que el cambio fue aprobado por unanimidad por los jefes de equipo.<\/p>\n\n\n\n<p class=\"wp-block-paragraph\">Adem\u00e1s de la marcha de Masi, Ben Sulayem anunci\u00f3 la creaci\u00f3n de un &#8216;VAR&#8217; (\u00c1rbitro Asistente de Video, en traducci\u00f3n literal), como en el f\u00fatbol. La videoasistencia se ubicar\u00e1 en una oficina de la FIA fuera de la pista, y en conexi\u00f3n en tiempo real con el director de carrera, ayudar\u00e1 a aplicar el reglamento utilizando herramientas tecnol\u00f3gicas.<\/p>\n\n\n\n<p class=\"wp-block-paragraph\">Tambi\u00e9n se confirm\u00f3 que la comunicaci\u00f3n entre los equipos y el director de carrera durante la carrera, que incluso se convirti\u00f3 en un reportaje televisivo en 2021, se eliminar\u00e1 para proteger al nuevo director de presiones externas a la hora de tomar decisiones. Los jefes solo podr\u00e1n hacer preguntas no intrusivas de acuerdo con un protocolo.<\/p>\n\n\n\n<p class=\"wp-block-paragraph\">Para concretar el paquete de medidas, el presidente mencion\u00f3 que los procedimientos respecto al coche de seguridad ser\u00e1n revisados \u200b\u200bpor el directorio de la F1 y presentados en la pr\u00f3xima reuni\u00f3n, que se realiza antes del inicio de la temporada 2022.<\/p>\n\n\n\n<p class=\"wp-block-paragraph\">Los nuevos directores de carrera son Eduardo Freitas y Niels Wittich. El portugu\u00e9s Freitas tiene m\u00e1s de 20 a\u00f1os de experiencia dirigiendo las 24 Horas de Le Mans, adem\u00e1s de trabajar en el Campeonato del Mundo de Resistencia. El alem\u00e1n Wittich es conocido por ocupar el puesto de director de carrera en el DTM y ya hab\u00eda sido confirmado como director de carrera de F2 y F3 para 2022. Ambos inician la divisi\u00f3n ya en la pretemporada de Barcelona, \u200b\u200bque se desarrolla entre el 23 y el 25 de febrero.<\/p>\n\n\n\n<p class=\"wp-block-paragraph\">La temporada 2022 de F\u00f3rmula 1 arranca el 20 de marzo con el GP de Bar\u00e9in.<\/p>\n","protected":false},"excerpt":{"rendered":"<p>La FIA confirm\u00f3 la salida de Michael Masi como director de carrera de la F1 tras el controvertido final de 2021 en el GP de Abu Dhabi.<\/p>\n","protected":false},"author":0,"featured_media":1010051489,"comment_status":"closed","ping_status":"closed","sticky":false,"template":"","format":"standard","meta":{"42wp_featured_image_caption":"","42wp_featured_image_credits":"","42wp_featured_video":"","42wp_featured_image_hidden":false,"42wp_authors_list":[],"footnotes":""},"categories":[5],"tags":[1567,2232,181,1495,263,179,1884,449,1930,2231,2086,1184],"42wp_author":[14233],"class_list":["post-24176","post","type-post","status-publish","format-standard","has-post-thumbnail","hentry","category-f1","tag-director-de-carrera","tag-eduardo-freitas","tag-f1","tag-f1-2022","tag-fia","tag-formula-1","tag-gp-de-abu-dhabi","tag-michael-masi","tag-mohammed-ben-sulayem","tag-niels-wittich","tag-pretemporada-f1","tag-yas-marina","42wp_author-eric-calduch"],"_links":{"self":[{"href":"https:\/\/grandepremio.com\/es\/wp-json\/wp\/v2\/posts\/24176","targetHints":{"allow":["GET"]}}],"collection":[{"href":"https:\/\/grandepremio.com\/es\/wp-json\/wp\/v2\/posts"}],"about":[{"href":"https:\/\/grandepremio.com\/es\/wp-json\/wp\/v2\/types\/post"}],"replies":[{"embeddable":true,"href":"https:\/\/grandepremio.com\/es\/wp-json\/wp\/v2\/comments?post=24176"}],"version-history":[{"count":0,"href":"https:\/\/grandepremio.com\/es\/wp-json\/wp\/v2\/posts\/24176\/revisions"}],"wp:featuredmedia":[{"embeddable":true,"href":"https:\/\/grandepremio.com\/es\/wp-json\/wp\/v2\/media\/1010051489"}],"wp:attachment":[{"href":"https:\/\/grandepremio.com\/es\/wp-json\/wp\/v2\/media?parent=24176"}],"wp:term":[{"taxonomy":"category","embeddable":true,"href":"https:\/\/grandepremio.com\/es\/wp-json\/wp\/v2\/categories?post=24176"},{"taxonomy":"post_tag","embeddable":true,"href":"https:\/\/grandepremio.com\/es\/wp-json\/wp\/v2\/tags?post=24176"},{"taxonomy":"42wp_author","embeddable":true,"href":"https:\/\/grandepremio.com\/es\/wp-json\/wp\/v2\/42wp_author?post=24176"}],"curies":[{"name":"wp","href":"https:\/\/api.w.org\/{rel}","templated":true}]}}