{"id":24197,"date":"2022-02-13T14:13:08","date_gmt":"2022-02-13T17:13:08","guid":{"rendered":"https:\/\/grandepremio.com\/es\/2022\/02\/13\/webber-comprende-revuelta-y-ve-a-hamilton-luchando-contra-fuerza-externa-en-f1\/"},"modified":"2022-02-13T14:13:08","modified_gmt":"2022-02-13T17:13:08","slug":"webber-comprende-revuelta-y-ve-a-hamilton-luchando-contra-fuerza-externa-en-f1","status":"publish","type":"post","link":"https:\/\/grandepremio.com\/es\/f1\/webber-comprende-revuelta-y-ve-a-hamilton-luchando-contra-fuerza-externa-en-f1\/","title":{"rendered":"Webber comprende revuelta y ve a Hamilton &#8220;luchando contra fuerza externa&#8221; en F1"},"content":{"rendered":"\n<p class=\"wp-block-paragraph\">Poco m\u00e1s de dos meses despu\u00e9s, la controvertida decisi\u00f3n de Michael Masi en el <a href=\"https:\/\/grandepremio.com\/es\/\/categoria\/f1\/\" target=\"_blank\" rel=\"noreferrer noopener\">GP de Abu Dhabi<\/a> cobr\u00f3 otro episodio. El mi\u00e9rcoles pasado, el audio de la conversaci\u00f3n radial entre el entonces director de carrera y el director deportivo de Red Bull, Jonathan Wheatley, durante el coche de seguridad circul\u00f3 en las redes sociales y gener\u00f3 una nueva discusi\u00f3n entre los aficionados y personalidades vinculadas a la F\u00f3rmula 1.<\/p>\n\n\n\n<p class=\"wp-block-paragraph\">Durante el di\u00e1logo, Wheatley propuso una soluci\u00f3n para que Masi resolviera el problema de los doblados que se interpon\u00edan entre Lewis Hamilton y Max Verstappen en las \u00faltimas vueltas en Yas Marina. &#8220;Esos coches doblados, no tienes que hacerlos dar la vuelta y unirse al pelot\u00f3n, solo d\u00e9jalos ir, y luego tendremos una carrera de coches en nuestras manos&#8221;.<\/p>\n\n\n\n<p class=\"wp-block-paragraph\"><strong>\u00a1Conoce el canal de Gran Premio en\u00a0<a href=\"https:\/\/www.youtube.com\/c\/GrandePremioTV\">YouTube<\/a>!<br>\u00a1Sigue a Gran Premio en\u00a0<a href=\"https:\/\/twitter.com\/granpremioes\" target=\"_blank\" rel=\"noreferrer noopener\">Twitter\u00a0<\/a>y en\u00a0<a href=\"https:\/\/instagram.com\/granpremio_es\" target=\"_blank\" rel=\"noreferrer noopener\">Instagram<\/a>!<\/strong><\/p>\n\n\n\n<figure class=\"wp-block-image size-large\"><img decoding=\"async\" src=\"https:\/\/www.grandepremio.com\/br\/wp-content\/uploads\/2016\/10\/201661921874_201620lm2420SAB20porsche20mark20webber_DMa.jpg\" alt=\"\" class=\"wp-image-205808\"\/><figcaption>Webber entendi\u00f3 la decepci\u00f3n de Hamilton con el desenlace de la temporada 2022 de F\u00f3rmula 1 (Foto: Divulgaci\u00f3n)<\/figcaption><\/figure>\n\n\n\n<p class=\"wp-block-paragraph\">El tono de la conversaci\u00f3n y la decisi\u00f3n tomada por el comisario aumentaron la presi\u00f3n sobre las investigaciones que adelanta la FIA, que tiene previsto el veredicto para el 18 de marzo, precisamente el viernes de la primera prueba de la temporada 2022, el GP de Bar\u00e9in.<\/p>\n\n\n\n<p class=\"wp-block-paragraph\">Ante todo lo ocurrido desde la bandera a cuadros en Abu Dhabi, Mark Webber, que fue piloto de Red Bull entre 2007 y 2013, tambi\u00e9n expres\u00f3 su opini\u00f3n sobre el caso. El australiano legitim\u00f3 el t\u00edtulo para Verstappen, pero entiende el sentimiento de revuelta por parte de Hamilton, que guard\u00f3 silencio durante casi dos meses y amenaz\u00f3 con abandonar la F1.<\/p>\n\n\n\n<p class=\"wp-block-paragraph\">\u201cSinti\u00f3 que le robaron en la \u00faltima vuelta porque no pod\u00eda pelear. No ten\u00eda nada contra lo que pelear, y no fue por su culpa. Estaba luchando contra algo que era una fuerza externa\u201d, explic\u00f3. \u201cPara el deporte, todos estamos decepcionados de que terminara as\u00ed, no era como quer\u00edamos que terminara. Ambos merec\u00edan levantar este trofeo, pero no quer\u00edamos que terminara as\u00ed&#8221;, concluy\u00f3. <\/p>\n\n\n\n<p class=\"wp-block-paragraph\">Antes de que finalicen las investigaciones que determinar\u00e1n si Masi contin\u00faa o no como director de carrera, Hamilton y Verstappen se volver\u00e1n a encontrar en los test de pretemporada. La primera sesi\u00f3n tiene lugar entre el 23 y el 25 en Barcelona. La segunda ronda de tests, considerada la m\u00e1s importante, est\u00e1 prevista para los d\u00edas 10, 11 y 12 de marzo en Bar\u00e9in.<\/p>\n","protected":false},"excerpt":{"rendered":"<p>El ex piloto de Red Bull, Mark Webber se mostr\u00f3 decepcionado por la decisi\u00f3n de Michael Masi en Abu Dhabi y entendi\u00f3 el enfado de Hamilton.<\/p>\n","protected":false},"author":0,"featured_media":1010051411,"comment_status":"closed","ping_status":"closed","sticky":false,"template":"","format":"standard","meta":{"42wp_featured_image_caption":"","42wp_featured_image_credits":"","42wp_featured_video":"","42wp_featured_image_hidden":false,"42wp_authors_list":[],"footnotes":""},"categories":[5],"tags":[181,1233,1495,263,179,1884,199,1170,197,449,206,1184],"42wp_author":[14233],"class_list":["post-24197","post","type-post","status-publish","format-standard","has-post-thumbnail","hentry","category-f1","tag-f1","tag-f1-2021","tag-f1-2022","tag-fia","tag-formula-1","tag-gp-de-abu-dhabi","tag-lewis-hamilton","tag-mark-webber","tag-mercedes","tag-michael-masi","tag-red-bull","tag-yas-marina","42wp_author-eric-calduch"],"_links":{"self":[{"href":"https:\/\/grandepremio.com\/es\/wp-json\/wp\/v2\/posts\/24197","targetHints":{"allow":["GET"]}}],"collection":[{"href":"https:\/\/grandepremio.com\/es\/wp-json\/wp\/v2\/posts"}],"about":[{"href":"https:\/\/grandepremio.com\/es\/wp-json\/wp\/v2\/types\/post"}],"replies":[{"embeddable":true,"href":"https:\/\/grandepremio.com\/es\/wp-json\/wp\/v2\/comments?post=24197"}],"version-history":[{"count":0,"href":"https:\/\/grandepremio.com\/es\/wp-json\/wp\/v2\/posts\/24197\/revisions"}],"wp:featuredmedia":[{"embeddable":true,"href":"https:\/\/grandepremio.com\/es\/wp-json\/wp\/v2\/media\/1010051411"}],"wp:attachment":[{"href":"https:\/\/grandepremio.com\/es\/wp-json\/wp\/v2\/media?parent=24197"}],"wp:term":[{"taxonomy":"category","embeddable":true,"href":"https:\/\/grandepremio.com\/es\/wp-json\/wp\/v2\/categories?post=24197"},{"taxonomy":"post_tag","embeddable":true,"href":"https:\/\/grandepremio.com\/es\/wp-json\/wp\/v2\/tags?post=24197"},{"taxonomy":"42wp_author","embeddable":true,"href":"https:\/\/grandepremio.com\/es\/wp-json\/wp\/v2\/42wp_author?post=24197"}],"curies":[{"name":"wp","href":"https:\/\/api.w.org\/{rel}","templated":true}]}}