{"id":24213,"date":"2022-02-10T18:39:41","date_gmt":"2022-02-10T21:39:41","guid":{"rendered":"https:\/\/grandepremio.com\/es\/2022\/02\/10\/verstappen-descarta-presion-extra-en-defensa-del-titulo-hare-lo-que-siempre-hago\/"},"modified":"2022-02-10T18:39:42","modified_gmt":"2022-02-10T21:39:42","slug":"verstappen-descarta-presion-extra-en-defensa-del-titulo-hare-lo-que-siempre-hago","status":"publish","type":"post","link":"https:\/\/grandepremio.com\/es\/f1\/verstappen-descarta-presion-extra-en-defensa-del-titulo-hare-lo-que-siempre-hago\/","title":{"rendered":"Verstappen descarta presi\u00f3n extra en defensa del t\u00edtulo: \u201cHar\u00e9 lo que siempre hago\u201d"},"content":{"rendered":"\n<p class=\"wp-block-paragraph\">En un evento en l\u00ednea el pasado mi\u00e9rcoles por la tarde, Red Bull estuvo a la altura de las expectativas y present\u00f3 el RB18. Adem\u00e1s de los cambios esperados para adaptarse al nuevo y revolucionario reglamento de la <a href=\"https:\/\/grandepremio.com\/es\/\/categoria\/f1\/\" target=\"_blank\" rel=\"noreferrer noopener\">F\u00f3rmula 1<\/a>, el coche, con salida en el GP de Bar\u00e9in, impulsar\u00e1 a Max Verstappen en la defensa del t\u00edtulo mundial, conquistado en 2021.<\/p>\n\n\n\n<p class=\"wp-block-paragraph\">Oficialmente con el #1 en el coche -que no aparece en la categor\u00eda desde 2014- el holand\u00e9s se encuentra en una situaci\u00f3n sin precedentes en su carrera en la categor\u00eda. Una vez que fue un retador, ahora ser\u00e1 el objetivo de los candidatos para el trofeo de campe\u00f3n mundial. A pesar del cambio de aires, Verstappen mostr\u00f3 su confianza habitual y dej\u00f3 claro que no cambiar\u00e1 su postura en las pistas ya que es campe\u00f3n mundial.<\/p>\n\n\n\n<p class=\"wp-block-paragraph\">&#8220;No siento ninguna presi\u00f3n adicional esta temporada, simplemente har\u00e9 lo que hago todo el tiempo, porque no creo que haya ninguna raz\u00f3n para ser diferente&#8221;, dijo.<\/p>\n\n\n\n<p class=\"wp-block-paragraph\"><strong>\u00a1Conoce el canal de Gran Premio en\u00a0<a href=\"https:\/\/www.youtube.com\/c\/GrandePremioTV\">YouTube<\/a>!<br>\u00a1Sigue a Gran Premio en\u00a0<a href=\"https:\/\/twitter.com\/granpremioes\" target=\"_blank\" rel=\"noreferrer noopener\">Twitter\u00a0<\/a>y en\u00a0<a href=\"https:\/\/instagram.com\/granpremio_es\" target=\"_blank\" rel=\"noreferrer noopener\">Instagram<\/a>!<\/strong><\/p>\n\n\n\n<figure class=\"wp-block-image size-large\"><img decoding=\"async\" src=\"https:\/\/www.grandepremio.com\/br\/wp-content\/uploads\/2022\/02\/image-48-1024x576.png\" alt=\"\" class=\"wp-image-540038\"\/><figcaption>Nuevo coche de F1 en 2022 ofrece campo de visi\u00f3n menor, de acuerdo con Verstappen (Foto: Red Bull Content Pool)<\/figcaption><\/figure>\n\n\n\n<p class=\"wp-block-paragraph\">Junto al jefe de equipo Christian Horner y su compa\u00f1ero de equipo Sergio P\u00e9rez, el campe\u00f3n mundial sigui\u00f3 de cerca el lanzamiento del nuevo coche, que cont\u00f3 con tres novedades aerodin\u00e1micas desarrolladas por el equipo dirigido por el dise\u00f1ador e ingeniero jefe Adrian Newey: el aler\u00f3n delantero en forma de V, con pico redondeado , y aler\u00f3n trasero del centro bajo.<\/p>\n\n\n\n<p class=\"wp-block-paragraph\">El evento que lanz\u00f3 el RB18 solo aument\u00f3 la expectativa de Verstappen de regresar pronto a la cabina. \u201cAhora estoy deseando que llegue el primer momento en que salgo del pitlane en el RB18\u201d, dijo el campe\u00f3n.<\/p>\n\n\n\n<p class=\"wp-block-paragraph\">El responsable de devolver el #1 a la parrilla de F\u00f3rmula 1 comenzar\u00e1 oficialmente a defender el t\u00edtulo a partir del 20 de marzo, cuando se apaguen los sem\u00e1foros rojos para el GP de Bar\u00e9in en Sakhir.<\/p>\n\n\n\n<p class=\"wp-block-paragraph\">Pero primero, Verstappen y Red Bull participar\u00e1n en las pruebas de pretemporada. La primera sesi\u00f3n tiene lugar entre el 23 y el 25 en Barcelona. La segunda y m\u00e1s importante se realizar\u00e1 los d\u00edas 10, 11 y 12 de marzo, en el mismo escenario de la inauguraci\u00f3n del campeonato.<\/p>\n","protected":false},"excerpt":{"rendered":"<p>Tras la presentaci\u00f3n del nuevo coche de Red Bull, el campe\u00f3n Max Verstappen declar\u00f3 que seguir\u00e1 con la misma actitud de esta temporada.<\/p>\n","protected":false},"author":0,"featured_media":1010051351,"comment_status":"closed","ping_status":"closed","sticky":false,"template":"","format":"standard","meta":{"42wp_featured_image_caption":"","42wp_featured_image_credits":"","42wp_featured_video":"","42wp_featured_image_hidden":false,"42wp_authors_list":[],"footnotes":""},"categories":[5],"tags":[181,1495,179,249,2086,206,1914],"42wp_author":[14233],"class_list":["post-24213","post","type-post","status-publish","format-standard","has-post-thumbnail","hentry","category-f1","tag-f1","tag-f1-2022","tag-formula-1","tag-max-verstappen","tag-pretemporada-f1","tag-red-bull","tag-verstappen-campeon","42wp_author-eric-calduch"],"_links":{"self":[{"href":"https:\/\/grandepremio.com\/es\/wp-json\/wp\/v2\/posts\/24213","targetHints":{"allow":["GET"]}}],"collection":[{"href":"https:\/\/grandepremio.com\/es\/wp-json\/wp\/v2\/posts"}],"about":[{"href":"https:\/\/grandepremio.com\/es\/wp-json\/wp\/v2\/types\/post"}],"replies":[{"embeddable":true,"href":"https:\/\/grandepremio.com\/es\/wp-json\/wp\/v2\/comments?post=24213"}],"version-history":[{"count":0,"href":"https:\/\/grandepremio.com\/es\/wp-json\/wp\/v2\/posts\/24213\/revisions"}],"wp:featuredmedia":[{"embeddable":true,"href":"https:\/\/grandepremio.com\/es\/wp-json\/wp\/v2\/media\/1010051351"}],"wp:attachment":[{"href":"https:\/\/grandepremio.com\/es\/wp-json\/wp\/v2\/media?parent=24213"}],"wp:term":[{"taxonomy":"category","embeddable":true,"href":"https:\/\/grandepremio.com\/es\/wp-json\/wp\/v2\/categories?post=24213"},{"taxonomy":"post_tag","embeddable":true,"href":"https:\/\/grandepremio.com\/es\/wp-json\/wp\/v2\/tags?post=24213"},{"taxonomy":"42wp_author","embeddable":true,"href":"https:\/\/grandepremio.com\/es\/wp-json\/wp\/v2\/42wp_author?post=24213"}],"curies":[{"name":"wp","href":"https:\/\/api.w.org\/{rel}","templated":true}]}}