{"id":24215,"date":"2022-02-10T17:09:01","date_gmt":"2022-02-10T20:09:01","guid":{"rendered":"https:\/\/grandepremio.com\/es\/2022\/02\/10\/vettel-defiende-a-masi-y-revela-apoyo-para-que-siga-director-de-carrera-ha-ido-bien\/"},"modified":"2022-02-10T17:09:02","modified_gmt":"2022-02-10T20:09:02","slug":"vettel-defiende-a-masi-y-revela-apoyo-para-que-siga-director-de-carrera-ha-ido-bien","status":"publish","type":"post","link":"https:\/\/grandepremio.com\/es\/f1\/vettel-defiende-a-masi-y-revela-apoyo-para-que-siga-director-de-carrera-ha-ido-bien\/","title":{"rendered":"Vettel defiende a Masi y revela apoyo para que siga director de carrera: &#8220;Ha ido bien&#8221;"},"content":{"rendered":"\n<p class=\"wp-block-paragraph\">Desde el final de la temporada 2021, pocas personas han decidido defender p\u00fablicamente a Michael Masi, director de carrera de F\u00f3rmula 1. Eso es exactamente lo que hizo Sebastian Vettel. El tetracampe\u00f3n del mundo elogi\u00f3 y defendi\u00f3 a Masi e incluso fue m\u00e1s all\u00e1: en lo que a \u00e9l respecta, el director se mantendr\u00eda en el cargo para la temporada 2022, ya que cree que hace un buen trabajo.<\/p>\n\n\n\n<p class=\"wp-block-paragraph\">Vettel aprob\u00f3 la participaci\u00f3n de Masi como director, cargo que tom\u00f3 a manos del experimentado Charlie Whiting, quien falleci\u00f3 repentinamente d\u00edas antes de la apertura de la temporada 2018. Incluso con la insatisfacci\u00f3n general con el GP de Abu Dhabi 2021, consider\u00f3 positivo el balance de trabajo.<\/p>\n\n\n\n<p class=\"wp-block-paragraph\">&#8220;Es necesario centrarse en el deporte y no tanto en el espect\u00e1culo. Por supuesto, en la carrera me preguntaba por qu\u00e9 no nos autorizaron [a recuperar la vuelta] antes para que la carrera pudiera reiniciarse, pero creo que son las reglas y protocolos. Lo principal, de cara al futuro, es tener claridad sobre lo que est\u00e1 pasando en este tipo de situaciones y que no haya dudas\u201d, dijo a la revista inglesa Autosport.<\/p>\n\n\n\n<p class=\"wp-block-paragraph\">&#8220;No es f\u00e1cil estar en el lugar de los comisarios o de Michael, pero creo que ha hecho un gran trabajo, especialmente despu\u00e9s de que Charlie [Whiting] muriera tan repentinamente. Est\u00e1 muy concentrado y decidido a hacer un buen trabajo. No s\u00e9 qu\u00e9 le deparar\u00e1 el futuro, pero espero que contin\u00fae, porque, en general, hizo un muy buen trabajo&#8221;.<\/p>\n\n\n\n<p class=\"wp-block-paragraph\"><strong>\u00a1Conoce el canal de Gran Premio en\u00a0<a href=\"https:\/\/www.youtube.com\/c\/GrandePremioTV\">YouTube<\/a>!<br>\u00a1Sigue a Gran Premio en\u00a0<a href=\"https:\/\/twitter.com\/granpremioes\" target=\"_blank\" rel=\"noreferrer noopener\">Twitter\u00a0<\/a>y en\u00a0<a href=\"https:\/\/instagram.com\/granpremio_es\" target=\"_blank\" rel=\"noreferrer noopener\">Instagram<\/a>!<\/strong><\/p>\n\n\n\n<figure class=\"wp-block-image size-large is-resized\"><img loading=\"lazy\" decoding=\"async\" src=\"https:\/\/www.grandepremio.com\/br\/wp-content\/uploads\/2020\/05\/FF7KGb_XMAI9t6u-1024x682.jpg\" alt=\"MICHAEL MASI; DIRETOR DE PROVA; FIA; F\u00d3RMULA 1;\" class=\"wp-image-530261\" width=\"840\" height=\"559\"\/><figcaption>Michael Masi estuvo en el centro de la pol\u00e9mica sobre el GP de Abu Dhabi (Foto: FIA)<\/figcaption><\/figure>\n\n\n\n<p class=\"wp-block-paragraph\">\u201cHay mucha pol\u00e9mica con respecto a la \u00faltima carrera, pero no deber\u00eda haberla. Si miramos el panorama completo, ha ido muy bien\u201d, reiter\u00f3.<\/p>\n\n\n\n<p class=\"wp-block-paragraph\">El compa\u00f1ero de equipo de Aston Martin, Lance Stroll, dio una opini\u00f3n m\u00e1s dura. &#8220;No puedes cambiar las reglas al final de una carrera o decir que la mitad de los coches pueden adelantar. Desafortunadamente, me qued\u00e9 en la otra mitad de los coches, los que no pod\u00edan pasar, incluso con neum\u00e1ticos blandos y con la oportunidad de pasar y hacer algo m\u00e1s\u201d, record\u00f3.<\/p>\n\n\n\n<p class=\"wp-block-paragraph\">&#8220;Nunca hab\u00eda visto esto antes, y creo que es importante mantener las reglas consistentes. Entiendo que es genial dejarlo pasar y todos quieren ver las \u00faltimas vueltas de la carrera con los dos pilotos luchando por el t\u00edtulo mundial entre s\u00ed, pero no puedes inventar reglas como esa. Tiene que ser s\u00f3lido. Tuvimos algunas inconsistencias en las sanciones y la toma de decisiones en la F1, tal vez un poco demasiado&#8221;, concluy\u00f3.<\/p>\n\n\n\n<p class=\"wp-block-paragraph\">Con Masi o no -algo que depende de la investigaci\u00f3n de la FIA, pero que ya ha dado se\u00f1ales negativas al australiano-, la F\u00f3rmula 1 vuelve a las pistas para los test colectivos de pretemporada en Barcelona, \u200b\u200bentre los d\u00edas 23 y 25 de este mes. El campeonato comienza en Bar\u00e9in el fin de semana del 20 de marzo. <a href=\"https:\/\/grandepremio.com\/es\/\/f1\/aston-martin-va-a-contracorriente-de-rivales-y-muestra-amr22-de-verdad-para-f1-2022\/\" target=\"_blank\" rel=\"noreferrer noopener\">Aston Martin ya present\u00f3 el AMR22 <meta charset=\"utf-8\">de Vettel y Stroll ya present\u00f3 el AMR22.<\/a><\/p>\n","protected":false},"excerpt":{"rendered":"<p>Sebastian Vettel fue una de las pocas figuras importantes de la F1 que se ha pronunciado a favor de Michael Masi desde finales de 2021.<\/p>\n","protected":false},"author":0,"featured_media":1010051342,"comment_status":"closed","ping_status":"closed","sticky":false,"template":"","format":"standard","meta":{"42wp_featured_image_caption":"","42wp_featured_image_credits":"","42wp_featured_video":"","42wp_featured_image_hidden":false,"42wp_authors_list":[],"footnotes":""},"categories":[5],"tags":[209,181,1495,179,359,449,208],"42wp_author":[14233],"class_list":["post-24215","post","type-post","status-publish","format-standard","has-post-thumbnail","hentry","category-f1","tag-aston-martin","tag-f1","tag-f1-2022","tag-formula-1","tag-lance-stroll","tag-michael-masi","tag-sebastian-vettel","42wp_author-eric-calduch"],"_links":{"self":[{"href":"https:\/\/grandepremio.com\/es\/wp-json\/wp\/v2\/posts\/24215","targetHints":{"allow":["GET"]}}],"collection":[{"href":"https:\/\/grandepremio.com\/es\/wp-json\/wp\/v2\/posts"}],"about":[{"href":"https:\/\/grandepremio.com\/es\/wp-json\/wp\/v2\/types\/post"}],"replies":[{"embeddable":true,"href":"https:\/\/grandepremio.com\/es\/wp-json\/wp\/v2\/comments?post=24215"}],"version-history":[{"count":0,"href":"https:\/\/grandepremio.com\/es\/wp-json\/wp\/v2\/posts\/24215\/revisions"}],"wp:featuredmedia":[{"embeddable":true,"href":"https:\/\/grandepremio.com\/es\/wp-json\/wp\/v2\/media\/1010051342"}],"wp:attachment":[{"href":"https:\/\/grandepremio.com\/es\/wp-json\/wp\/v2\/media?parent=24215"}],"wp:term":[{"taxonomy":"category","embeddable":true,"href":"https:\/\/grandepremio.com\/es\/wp-json\/wp\/v2\/categories?post=24215"},{"taxonomy":"post_tag","embeddable":true,"href":"https:\/\/grandepremio.com\/es\/wp-json\/wp\/v2\/tags?post=24215"},{"taxonomy":"42wp_author","embeddable":true,"href":"https:\/\/grandepremio.com\/es\/wp-json\/wp\/v2\/42wp_author?post=24215"}],"curies":[{"name":"wp","href":"https:\/\/api.w.org\/{rel}","templated":true}]}}