{"id":24229,"date":"2022-02-07T15:55:39","date_gmt":"2022-02-07T18:55:39","guid":{"rendered":"https:\/\/grandepremio.com\/es\/2022\/02\/07\/ricciardo-admite-que-puede-tener-dificultades-con-mcl36-quiero-estar-preparado\/"},"modified":"2022-02-07T15:55:39","modified_gmt":"2022-02-07T18:55:39","slug":"ricciardo-admite-que-puede-tener-dificultades-con-mcl36-quiero-estar-preparado","status":"publish","type":"post","link":"https:\/\/grandepremio.com\/es\/f1\/ricciardo-admite-que-puede-tener-dificultades-con-mcl36-quiero-estar-preparado\/","title":{"rendered":"Ricciardo admite que puede tener dificultades con MCL36: &#8220;Quiero estar preparado&#8221;"},"content":{"rendered":"\n<p class=\"wp-block-paragraph\">La temporada de debut de Daniel Ricciardo en McLaren estuvo marcada por sus dificultades de adaptaci\u00f3n. Aunque mejor\u00f3 en la recta final del campeonato, el australiano se vio eclipsado por Lando Norris en la mayor\u00eda de las carreras. Ahora en su segundo a\u00f1o en Woking, se le pregunt\u00f3 a Daniel sobre la <a href=\"https:\/\/grandepremio.com\/es\/\/categoria\/f1\/\" target=\"_blank\" rel=\"noreferrer noopener\">F1 de 2022<\/a>. Pero no se mostr\u00f3 muy optimista sobre los nuevos coches y las regulaciones t\u00e9cnicas de este a\u00f1o.<\/p>\n\n\n\n<p class=\"wp-block-paragraph\">&#8220;\u00bfDesaparecer\u00e1n mis problemas de repente? No espero eso&#8221;, explic\u00f3 Ricciardo, en una entrevista con el portal web alem\u00e1n Auto Motor und Sport. &#8220;Si es as\u00ed, creo que me adaptar\u00e9 a las reglas con mi estilo de conducci\u00f3n natural. Pero quiero estar preparado. El hecho de que he mejorado cada vez m\u00e1s con el coche de 2021 tambi\u00e9n deber\u00eda beneficiarme con el pr\u00f3ximo coche&#8221;, agreg\u00f3. <\/p>\n\n\n\n<p class=\"wp-block-paragraph\"><strong>\u00a1Conoce el canal de Gran Premio en\u00a0<a href=\"https:\/\/www.youtube.com\/c\/GrandePremioTV\">YouTube<\/a>!<br>\u00a1Sigue a Gran Premio en\u00a0<a href=\"https:\/\/twitter.com\/granpremioes\" target=\"_blank\" rel=\"noreferrer noopener\">Twitter\u00a0<\/a>y en\u00a0<a href=\"https:\/\/instagram.com\/granpremio_es\" target=\"_blank\" rel=\"noreferrer noopener\">Instagram<\/a>!<\/strong><\/p>\n\n\n\n<figure class=\"wp-block-image size-large\"><img decoding=\"async\" src=\"https:\/\/www.grandepremio.com\/br\/wp-content\/uploads\/2021\/12\/mclaren-danielricciardo-02-1-1024x683.jpg\" alt=\"\" class=\"wp-image-529812\"\/><figcaption>Daniel Ricciardo teve ano dif\u00edcil, mas avalia\u00e7\u00e3o geral da McLaren ainda foi positivo (Foto: McLaren)<\/figcaption><\/figure>\n\n\n\n<p class=\"wp-block-paragraph\">Aunque luchando, Ricciardo tuvo un momento de extrema importancia, para \u00e9l y para McLaren. Eso se debe a que el piloto de 31 a\u00f1os puso fin a una sequ\u00eda de nueve a\u00f1os del equipo de Woking al ganar el GP de Italia en Monza. Y un detalle: con Norris muy cerca, formando el \u00fanico 1-2 de la temporada. Por eso el #3 enfatiza que nunca dejar\u00e1 de creer.<\/p>\n\n\n\n<p class=\"wp-block-paragraph\">\u201cNunca pierdo la esperanza. No soy el primer piloto del equipo que informa de las limitaciones que sent\u00eda con el coche. No quiero decir que parte de eso est\u00e1 en el ADN del coche porque un coche cambia con el tiempo&#8221;, afirm\u00f3.<\/p>\n\n\n\n<p class=\"wp-block-paragraph\">&#8220;Pero, seg\u00fan tengo entendido, ha estado en la mentalidad de McLaren durante alg\u00fan tiempo. Tal vez se ha hablado m\u00e1s de eso que en el pasado. Creo que [el coche de 2022] podr\u00eda ser un paso en la direcci\u00f3n correcta&#8221;, concluy\u00f3.<\/p>\n","protected":false},"excerpt":{"rendered":"<p>Daniel Ricciardo ha tenido problemas durante la temporada 2021 de F\u00f3rmula 1 y cree que tambi\u00e9n podr\u00eda enfrentar problemas de cara a 2022.<\/p>\n","protected":false},"author":0,"featured_media":1010051284,"comment_status":"closed","ping_status":"closed","sticky":false,"template":"","format":"standard","meta":{"42wp_featured_image_caption":"","42wp_featured_image_credits":"","42wp_featured_video":"","42wp_featured_image_hidden":false,"42wp_authors_list":[],"footnotes":""},"categories":[5],"tags":[1952,365,181,1233,1495,179,2018,269,582],"42wp_author":[14233],"class_list":["post-24229","post","type-post","status-publish","format-standard","has-post-thumbnail","hentry","category-f1","tag-adaptacion","tag-daniel-ricciardo","tag-f1","tag-f1-2021","tag-f1-2022","tag-formula-1","tag-mcl36","tag-mclaren","tag-ricciardo","42wp_author-eric-calduch"],"_links":{"self":[{"href":"https:\/\/grandepremio.com\/es\/wp-json\/wp\/v2\/posts\/24229","targetHints":{"allow":["GET"]}}],"collection":[{"href":"https:\/\/grandepremio.com\/es\/wp-json\/wp\/v2\/posts"}],"about":[{"href":"https:\/\/grandepremio.com\/es\/wp-json\/wp\/v2\/types\/post"}],"replies":[{"embeddable":true,"href":"https:\/\/grandepremio.com\/es\/wp-json\/wp\/v2\/comments?post=24229"}],"version-history":[{"count":0,"href":"https:\/\/grandepremio.com\/es\/wp-json\/wp\/v2\/posts\/24229\/revisions"}],"wp:featuredmedia":[{"embeddable":true,"href":"https:\/\/grandepremio.com\/es\/wp-json\/wp\/v2\/media\/1010051284"}],"wp:attachment":[{"href":"https:\/\/grandepremio.com\/es\/wp-json\/wp\/v2\/media?parent=24229"}],"wp:term":[{"taxonomy":"category","embeddable":true,"href":"https:\/\/grandepremio.com\/es\/wp-json\/wp\/v2\/categories?post=24229"},{"taxonomy":"post_tag","embeddable":true,"href":"https:\/\/grandepremio.com\/es\/wp-json\/wp\/v2\/tags?post=24229"},{"taxonomy":"42wp_author","embeddable":true,"href":"https:\/\/grandepremio.com\/es\/wp-json\/wp\/v2\/42wp_author?post=24229"}],"curies":[{"name":"wp","href":"https:\/\/api.w.org\/{rel}","templated":true}]}}