{"id":24275,"date":"2022-01-29T15:09:01","date_gmt":"2022-01-29T18:09:01","guid":{"rendered":"https:\/\/grandepremio.com\/es\/2022\/01\/29\/aston-martin-niega-quedarse-fuera-de-los-tests-de-barcelona-por-atrasos-en-el-coche\/"},"modified":"2022-01-29T15:09:13","modified_gmt":"2022-01-29T18:09:13","slug":"aston-martin-niega-quedarse-fuera-de-los-tests-de-barcelona-por-atrasos-en-el-coche","status":"publish","type":"post","link":"https:\/\/grandepremio.com\/es\/f1\/aston-martin-niega-quedarse-fuera-de-los-tests-de-barcelona-por-atrasos-en-el-coche\/","title":{"rendered":"Aston Martin niega estar fuera de los tests de Barcelona por atrasos en el coche"},"content":{"rendered":"\n<p class=\"wp-block-paragraph\">\u00bfQu\u00e9 pasa en <a href=\"https:\/\/grandepremio.com\/es\/\/categoria\/f1\/\" target=\"_blank\" rel=\"noreferrer noopener\">Aston Martin<\/a>? El equipo de Silverstone vive un momento de grandes expectativas para el futuro e incluso habla de un t\u00edtulo mundial a medio plazo, a pesar de la temporada por debajo de las expectativas en 2021. El entendimiento general sigui\u00f3 siendo que la salud institucional era buena, pero el equipo verde tuvo que manifestarse para desmentir una informaci\u00f3n dada el pasado viernes.<\/p>\n\n\n\n<p class=\"wp-block-paragraph\">El portal web ingl\u00e9s The Judge13 public\u00f3 que Aston Martin vive un momento de crisis. Seg\u00fan el medio, llevar el nombre de una f\u00e1brica con otras prioridades adem\u00e1s de la F1 ha tenido un impacto negativo en el trabajo diario del equipo. Aunque, desde la compra de Lawrence Stroll, el equipo ha recibido otros 200 empleados.<\/p>\n\n\n\n<p class=\"wp-block-paragraph\">La duda, prosigue el medio, es si Aston Martin pondr\u00e1 o no un coche en pista en las primeras pruebas de pretemporada en Barcelona. Y parece que no. &#8220;El coche est\u00e1 millas por detr\u00e1s de donde deber\u00eda estar y si llega a la prueba de Barcelona el 23 de febrero, todos estar\u00e1n tan sorprendidos que podr\u00e1n escuchar la celebraci\u00f3n desde el espacio exterior&#8221;, dijo una fuente al portal.<\/p>\n\n\n\n<p class=\"wp-block-paragraph\"><strong>\u00a1Conoce el canal de Gran Premio en\u00a0<a href=\"https:\/\/www.youtube.com\/c\/GrandePremioTV\">YouTube<\/a>!<br>\u00a1Sigue a Gran Premio en\u00a0<a href=\"https:\/\/twitter.com\/granpremioes\" target=\"_blank\" rel=\"noreferrer noopener\">Twitter\u00a0<\/a>y en\u00a0<a href=\"https:\/\/instagram.com\/granpremio_es\" target=\"_blank\" rel=\"noreferrer noopener\">Instagram<\/a>!<\/strong><\/p>\n\n\n\n<figure class=\"wp-block-image size-large\"><img decoding=\"async\" src=\"https:\/\/www.grandepremio.com\/br\/wp-content\/uploads\/2021\/07\/GP2013_095951_J5A9163-1024x683.jpg\" alt=\"\" class=\"wp-image-491468\"\/><figcaption>\u00bfCrisis en la tierra de Lawrence Stroll? (Foto: Aston Martin)<\/figcaption><\/figure>\n\n\n\n<p class=\"wp-block-paragraph\">A pesar de esto, el s\u00e1bado por la ma\u00f1ana, la versi\u00f3n en espa\u00f1ol del portal web Motorsport.com afirma que no es as\u00ed. Dice que el cronograma puede ser un poco apretado, pero que no hay riesgo de que Aston Martin se pierda ning\u00fan d\u00eda de prueba.<\/p>\n\n\n\n<p class=\"wp-block-paragraph\">Al portal, la propia Aston Martin envi\u00f3 una respuesta, a trav\u00e9s de un vocero. &#8220;El trabajo en el coche de F\u00f3rmula 1 de 2022 est\u00e1 progresando bien y estar\u00e1 listo a tiempo para la primera prueba en Barcelona&#8221;.<\/p>\n\n\n\n<p class=\"wp-block-paragraph\">A\u00fan con dudas sobre el proyecto, Aston Martin ya program\u00f3 la presentaci\u00f3n del coche para el 10 de febrero. El equipo contin\u00faa con Sebastian Vettel y Lance Stroll como parejas de pilotos, pero perdi\u00f3 al exjefe Otmar Szafnauer. El nuevo hombre m\u00e1s poderoso en el equipo es Mike Krack, ex-BMW.<\/p>\n","protected":false},"excerpt":{"rendered":"<p>El portal en ingl\u00e9s The Judge13 public\u00f3 que Aston Martin dif\u00edcilmente estar\u00e1 en las pruebas de Barcelona, \u200b\u200bpero el equipo garantiza que s\u00ed.<\/p>\n","protected":false},"author":0,"featured_media":1010050512,"comment_status":"closed","ping_status":"closed","sticky":false,"template":"","format":"standard","meta":{"42wp_featured_image_caption":"","42wp_featured_image_credits":"","42wp_featured_video":"","42wp_featured_image_hidden":false,"42wp_authors_list":[],"footnotes":""},"categories":[5],"tags":[209,577,181,1495,179,2068],"42wp_author":[14233],"class_list":["post-24275","post","type-post","status-publish","format-standard","has-post-thumbnail","hentry","category-f1","tag-aston-martin","tag-barcelona","tag-f1","tag-f1-2022","tag-formula-1","tag-tests-de-pretemporada","42wp_author-eric-calduch"],"_links":{"self":[{"href":"https:\/\/grandepremio.com\/es\/wp-json\/wp\/v2\/posts\/24275","targetHints":{"allow":["GET"]}}],"collection":[{"href":"https:\/\/grandepremio.com\/es\/wp-json\/wp\/v2\/posts"}],"about":[{"href":"https:\/\/grandepremio.com\/es\/wp-json\/wp\/v2\/types\/post"}],"replies":[{"embeddable":true,"href":"https:\/\/grandepremio.com\/es\/wp-json\/wp\/v2\/comments?post=24275"}],"version-history":[{"count":0,"href":"https:\/\/grandepremio.com\/es\/wp-json\/wp\/v2\/posts\/24275\/revisions"}],"wp:featuredmedia":[{"embeddable":true,"href":"https:\/\/grandepremio.com\/es\/wp-json\/wp\/v2\/media\/1010050512"}],"wp:attachment":[{"href":"https:\/\/grandepremio.com\/es\/wp-json\/wp\/v2\/media?parent=24275"}],"wp:term":[{"taxonomy":"category","embeddable":true,"href":"https:\/\/grandepremio.com\/es\/wp-json\/wp\/v2\/categories?post=24275"},{"taxonomy":"post_tag","embeddable":true,"href":"https:\/\/grandepremio.com\/es\/wp-json\/wp\/v2\/tags?post=24275"},{"taxonomy":"42wp_author","embeddable":true,"href":"https:\/\/grandepremio.com\/es\/wp-json\/wp\/v2\/42wp_author?post=24275"}],"curies":[{"name":"wp","href":"https:\/\/api.w.org\/{rel}","templated":true}]}}